{"id":18068,"date":"2022-06-16T09:53:10","date_gmt":"2022-06-16T12:53:10","guid":{"rendered":"https:\/\/radiorevelacionfm.cl\/?p=18068"},"modified":"2022-06-16T16:40:30","modified_gmt":"2022-06-16T19:40:30","slug":"alcaldes-de-la-region-de-aysen-reiteran-solicitud-de-postergacion-del-traspaso-slep","status":"publish","type":"post","link":"https:\/\/radiorevelacionfm.cl\/?p=18068","title":{"rendered":"Alcaldes de la regi\u00f3n de Ays\u00e9n reiteran solicitud de postergaci\u00f3n del traspaso SLEP"},"content":{"rendered":"<div class=\"flex_column av_one_full  flex_column_div av-zero-column-padding first  avia-builder-el-0  el_before_av_one_full  avia-builder-el-first  \" style='border-radius:0px; '><div  class='avia-image-container  av-styling-    avia-builder-el-1  avia-builder-el-no-sibling  avia-align-center '  itemprop=\"image\" itemscope=\"itemscope\" itemtype=\"https:\/\/schema.org\/ImageObject\"  ><div class='avia-image-container-inner'><div class='avia-image-overlay-wrap'><img decoding=\"async\" class='wp-image-9888 avia-img-lazy-loading-not-9888 avia_image' src=\"https:\/\/radiorevelacionfm.cl\/wp-content\/uploads\/2021\/10\/Sala-de-ClasesU-1.jpg\" alt='' title='Sala de ClasesU (1)' height=\"600\" width=\"900\"  itemprop=\"thumbnailUrl\" srcset=\"https:\/\/radiorevelacionfm.cl\/wp-content\/uploads\/2021\/10\/Sala-de-ClasesU-1.jpg 900w, https:\/\/radiorevelacionfm.cl\/wp-content\/uploads\/2021\/10\/Sala-de-ClasesU-1-300x200.jpg 300w, https:\/\/radiorevelacionfm.cl\/wp-content\/uploads\/2021\/10\/Sala-de-ClasesU-1-768x512.jpg 768w, https:\/\/radiorevelacionfm.cl\/wp-content\/uploads\/2021\/10\/Sala-de-ClasesU-1-705x470.jpg 705w, https:\/\/radiorevelacionfm.cl\/wp-content\/uploads\/2021\/10\/Sala-de-ClasesU-1-600x400.jpg 600w\" sizes=\"(max-width: 900px) 100vw, 900px\" \/><\/div><\/div><\/div><\/div><div class=\"flex_column av_one_full  flex_column_div av-zero-column-padding first  avia-builder-el-2  el_after_av_one_full  el_before_av_one_full  column-top-margin\" style='border-radius:0px; '><section class=\"av_textblock_section \"  itemscope=\"itemscope\" itemtype=\"https:\/\/schema.org\/BlogPosting\" itemprop=\"blogPost\" ><div class='avia_textblock  '   itemprop=\"text\" ><p style=\"text-align: center;\"><span style=\"font-size: 18pt;\"><strong>Alcaldes de la regi\u00f3n de Ays\u00e9n reiteran solicitud de postergaci\u00f3n del traspaso SLEP <\/strong><\/span><\/p>\n<div id=\"gtx-trans\" style=\"position: absolute; left: -50px; top: 4.31534px;\">\n<div class=\"gtx-trans-icon\"><\/div>\n<\/div>\n<\/div><\/section><\/div><\/p>\n<div class=\"flex_column av_one_full  flex_column_div av-zero-column-padding first  avia-builder-el-4  el_after_av_one_full  el_before_av_hr  column-top-margin\" style='border-radius:0px; '><section class=\"av_textblock_section \"  itemscope=\"itemscope\" itemtype=\"https:\/\/schema.org\/BlogPosting\" itemprop=\"blogPost\" ><div class='avia_textblock  '   itemprop=\"text\" ><p style=\"font-weight: 400; text-align: justify;\">De forma urgente, alcaldes de la Asociaci\u00f3n Regional de Municipalidades de Ays\u00e9n (AREMU), piden al subsecretario de educaci\u00f3n, Nicol\u00e1s Cataldo Astorga, que se presente el proyecto de Ley que aplazar\u00eda el traspaso de los establecimientos educacionales p\u00fablicos al Servicio Local de Educaci\u00f3n (SLEP).<\/p>\n<p style=\"font-weight: 400; text-align: justify;\">Esta conversaci\u00f3n nace desde el anuncio realizado en la cuenta p\u00fablica por el presidente, Gabriel Boric, quien manifest\u00f3 que se presentar\u00e1 una propuesta de ley para postergar en un a\u00f1o el traspaso de los establecimientos educacionales cuya entrada en vigencia era el 1 de enero de 2023, dentro de los cuales se encuentra el SLEP de la Regi\u00f3n de Ays\u00e9n. Una puerta que se abre para los alcaldes de R\u00edo Ib\u00e1\u00f1ez, Chile Chico y Puerto Cisnes, luego de que el Ministerio de Educaci\u00f3n (Mineduc) rechazara sus solicitudes de postergaci\u00f3n del traspaso del SLEP para sus comunas.<\/p>\n<p style=\"font-weight: 400; text-align: justify;\">El traspaso del SLEP indicado por la Ley 21.040, implica que en la Regi\u00f3n de Ays\u00e9n \u201cm\u00e1s de 74 establecimientos pasar\u00e1n a ser administrados por un Servicio Local de Educaci\u00f3n, que va a estar ubicado en Coyhaique.\u00a0 Esta es una medida centralista, que poco tiene que ver con la realidad de establecimientos educacionales a extremos\u201d afirma Marcelo Santana Vargas, alcalde de la comuna de R\u00edo Ib\u00e1\u00f1ez y presidente de la AREMU.<\/p>\n<p style=\"font-weight: 400; text-align: justify;\">Particularmente, las zonas australes de Chile representan un desaf\u00edo mayor para este traspaso administrativo del sistema educacional, debido a sus caracter\u00edsticas geogr\u00e1ficas \u201ca nosotros mismos nos cuesta hacerlo funcionar debido a las distancias y a los trayectos que se deben recorrer\u201d afirma el alcalde Santana, y afirma que \u201chacer un traspaso a un servicio que todav\u00eda no se instala (\u2026) para hacerse cargo de estos establecimientos el primero de enero del pr\u00f3ximo a\u00f1o, es al menos una irresponsabilidad\u201d.<\/p>\n<p style=\"font-weight: 400; text-align: justify;\">Hasta la fecha se cuenta solo con el nombre de qui\u00e9n ser\u00e1 el Director del SLEP de Ays\u00e9n, Sebasti\u00e1n Gonz\u00e1lez Rogers, soci\u00f3logo de la Universidad Cat\u00f3lica de Chile; por lo que a\u00fan \u201cfaltan aclarar muchos detalles, como por ejemplo, c\u00f3mo ser\u00e1 el trabajo log\u00edstico para responder a las demandas de los establecimientos, qu\u00e9 apoyo se va brindar a profesionales y al personal del DAEM que ser\u00e1 desvinculado con este proceso\u201d plantea Francisco Roncagliolo Lepio, alcalde de Puerto Cisnes.<\/p>\n<p style=\"font-weight: 400; text-align: justify;\">Cr\u00edtica que se suma a las observaciones realizadas por el alcalde de Chile Chico, Luperciano Mu\u00f1oz Gonz\u00e1lez \u201cque un servicio local se haga cargo de todos los colegios de la Regi\u00f3n, centraliza la pol\u00edtica p\u00fablica educacional y no aborda los temas estructurales, como el d\u00e9ficit econ\u00f3mico que tienen la mayor\u00eda de los DAEM y la actualizaci\u00f3n de contenidos pedag\u00f3gicos, que es tremendamente relevante\u201d.<\/p>\n<p style=\"font-weight: 400; text-align: justify;\">Argumentos que fueron expuestos al subsecretario de educaci\u00f3n, Nicol\u00e1s Cataldo Astorga, durante una reuni\u00f3n telem\u00e1tica que se sostuvo el lunes 13 de junio, donde los alcaldes Marcelo Santana, Francisco Roncagliolo y Luperciano Mu\u00f1oz, manifestaron su creciente preocupaci\u00f3n por el avance del SLEP en sus comunas, tras ser rechazada su solicitud de pr\u00f3rroga interpuesta en enero del presente a\u00f1o.<\/p>\n<p style=\"font-weight: 400; text-align: justify;\">En esta instancia, el Subsecretario de Educaci\u00f3n respald\u00f3 el anuncio realizado por el presidente, planteando como soluci\u00f3n presentar una propuesta de ley que aplace el traspaso de seis regiones del pa\u00eds por un a\u00f1o, dentro de las cuales estar\u00eda la Regi\u00f3n de Ays\u00e9n.<\/p>\n<p style=\"font-weight: 400; text-align: justify;\">Una propuesta que no da mayor tranquilidad a los alcaldes, por esta raz\u00f3n, en la Jornada de Trabajo realizada este mi\u00e9rcoles 15 de junio en el Gobierno Regional, propusieron crear una mesa de trabajo, con la presencia del Mineduc, los alcaldes, el SLEP y los gremios de trabajadores de la educaci\u00f3n p\u00fablica.<\/p>\n<p style=\"font-weight: 400; text-align: justify;\">El objetivo del Sistema Local de Educaci\u00f3n P\u00fablica es promover una educaci\u00f3n p\u00fablica, gratuita y de calidad a lo largo de todo el territorio nacional, sin embargo, ser\u00e1 parte de su desaf\u00edo, estudiar y contemplar las necesidades particulares de las zonas extremas de pa\u00eds, trabajando de forma conjunta con sus autoridades comunales.<\/p>\n<\/div><\/section><\/div>\n<div  style='height:50px' class='hr hr-invisible   avia-builder-el-6  el_after_av_one_full  el_before_av_social_share '><span class='hr-inner ' ><span class='hr-inner-style'><\/span><\/span><\/div>\n<div  class='av-social-sharing-box  avia-builder-el-7  el_after_av_hr  el_before_av_hr  '><div class='av-share-box'><h5 class='av-share-link-description av-no-toc '>Compartir esta noticia<\/h5><ul class='av-share-box-list noLightbox'><li class='av-share-link av-social-link-facebook' ><a target=\"_blank\" aria-label=\"Compartir en Facebook\" href='https:\/\/www.facebook.com\/sharer.php?u=https:\/\/radiorevelacionfm.cl\/?p=18068&#038;t=Alcaldes%20de%20la%20regi%C3%B3n%20de%20Ays%C3%A9n%20reiteran%20solicitud%20de%20postergaci%C3%B3n%20del%20traspaso%20SLEP' aria-hidden='false' data-av_icon='\ue8f3' data-av_iconfont='entypo-fontello' title='' data-avia-related-tooltip='Compartir en Facebook' rel=\"noopener\"><span class='avia_hidden_link_text'>Compartir en Facebook<\/span><\/a><\/li><li class='av-share-link av-social-link-twitter' ><a target=\"_blank\" aria-label=\"Compartir en Twitter\" href='https:\/\/twitter.com\/share?text=Alcaldes%20de%20la%20regi%C3%B3n%20de%20Ays%C3%A9n%20reiteran%20solicitud%20de%20postergaci%C3%B3n%20del%20traspaso%20SLEP&#038;url=https:\/\/radiorevelacionfm.cl\/?p=18068' aria-hidden='false' data-av_icon='\ue8f1' data-av_iconfont='entypo-fontello' title='' data-avia-related-tooltip='Compartir en Twitter' rel=\"noopener\"><span class='avia_hidden_link_text'>Compartir en Twitter<\/span><\/a><\/li><li class='av-share-link av-social-link-whatsapp' ><a target=\"_blank\" aria-label=\"Compartir en Whatsapp\" href='https:\/\/api.whatsapp.com\/send?text=https:\/\/radiorevelacionfm.cl\/?p=18068' aria-hidden='false' data-av_icon='\uf232' data-av_iconfont='entypo-fontello' title='' data-avia-related-tooltip='Compartir en Whatsapp' rel=\"noopener\"><span class='avia_hidden_link_text'>Compartir en Whatsapp<\/span><\/a><\/li><li class='av-share-link av-social-link-linkedin' ><a target=\"_blank\" aria-label=\"Compartir en LinkedIn\" href='https:\/\/linkedin.com\/shareArticle?mini=true&#038;title=Alcaldes%20de%20la%20regi%C3%B3n%20de%20Ays%C3%A9n%20reiteran%20solicitud%20de%20postergaci%C3%B3n%20del%20traspaso%20SLEP&#038;url=https:\/\/radiorevelacionfm.cl\/?p=18068' aria-hidden='false' data-av_icon='\ue8fc' data-av_iconfont='entypo-fontello' title='' data-avia-related-tooltip='Compartir en LinkedIn' rel=\"noopener\"><span class='avia_hidden_link_text'>Compartir en LinkedIn<\/span><\/a><\/li><li class='av-share-link av-social-link-mail' ><a  aria-label=\"Compartir por correo\" href='mailto:?subject=Alcaldes%20de%20la%20regi%C3%B3n%20de%20Ays%C3%A9n%20reiteran%20solicitud%20de%20postergaci%C3%B3n%20del%20traspaso%20SLEP&#038;body=https:\/\/radiorevelacionfm.cl\/?p=18068' aria-hidden='false' data-av_icon='\ue805' data-av_iconfont='entypo-fontello' title='' data-avia-related-tooltip='Compartir por correo'><span class='avia_hidden_link_text'>Compartir por correo<\/span><\/a><\/li><\/ul><\/div><\/div>\n<div  style='height:50px' class='hr hr-invisible   avia-builder-el-8  el_after_av_social_share  el_before_av_comments_list '><span class='hr-inner ' ><span class='hr-inner-style'><\/span><\/span><\/div>\n<div  class='av-buildercomment  av-blog-meta-html-info-disabled av-blog-meta-tag-disabled  '><\/div>\n","protected":false},"excerpt":{"rendered":"","protected":false},"author":1,"featured_media":9888,"comment_status":"open","ping_status":"open","sticky":false,"template":"","format":"standard","meta":{"footnotes":""},"categories":[38],"tags":[],"class_list":["post-18068","post","type-post","status-publish","format-standard","has-post-thumbnail","hentry","category-regional"],"jetpack_featured_media_url":"https:\/\/radiorevelacionfm.cl\/wp-content\/uploads\/2021\/10\/Sala-de-ClasesU-1.jpg","_links":{"self":[{"href":"https:\/\/radiorevelacionfm.cl\/index.php?rest_route=\/wp\/v2\/posts\/18068","targetHints":{"allow":["GET"]}}],"collection":[{"href":"https:\/\/radiorevelacionfm.cl\/index.php?rest_route=\/wp\/v2\/posts"}],"about":[{"href":"https:\/\/radiorevelacionfm.cl\/index.php?rest_route=\/wp\/v2\/types\/post"}],"author":[{"embeddable":true,"href":"https:\/\/radiorevelacionfm.cl\/index.php?rest_route=\/wp\/v2\/users\/1"}],"replies":[{"embeddable":true,"href":"https:\/\/radiorevelacionfm.cl\/index.php?rest_route=%2Fwp%2Fv2%2Fcomments&post=18068"}],"version-history":[{"count":3,"href":"https:\/\/radiorevelacionfm.cl\/index.php?rest_route=\/wp\/v2\/posts\/18068\/revisions"}],"predecessor-version":[{"id":18094,"href":"https:\/\/radiorevelacionfm.cl\/index.php?rest_route=\/wp\/v2\/posts\/18068\/revisions\/18094"}],"wp:featuredmedia":[{"embeddable":true,"href":"https:\/\/radiorevelacionfm.cl\/index.php?rest_route=\/wp\/v2\/media\/9888"}],"wp:attachment":[{"href":"https:\/\/radiorevelacionfm.cl\/index.php?rest_route=%2Fwp%2Fv2%2Fmedia&parent=18068"}],"wp:term":[{"taxonomy":"category","embeddable":true,"href":"https:\/\/radiorevelacionfm.cl\/index.php?rest_route=%2Fwp%2Fv2%2Fcategories&post=18068"},{"taxonomy":"post_tag","embeddable":true,"href":"https:\/\/radiorevelacionfm.cl\/index.php?rest_route=%2Fwp%2Fv2%2Ftags&post=18068"}],"curies":[{"name":"wp","href":"https:\/\/api.w.org\/{rel}","templated":true}]}}