{"id":18064,"date":"2022-06-15T16:21:44","date_gmt":"2022-06-15T19:21:44","guid":{"rendered":"https:\/\/radiorevelacionfm.cl\/?p=18064"},"modified":"2022-06-15T16:21:44","modified_gmt":"2022-06-15T19:21:44","slug":"calisto-pide-al-gobierno-considerar-a-aysen-en-adelanto-de-vacaciones-ante-aumento-de-casos-respiratorios-e-inexistencia-de-uci-pediatrica","status":"publish","type":"post","link":"https:\/\/radiorevelacionfm.cl\/?p=18064","title":{"rendered":"Calisto pide al Gobierno considerar a Ays\u00e9n en adelanto de vacaciones ante aumento de casos respiratorios e inexistencia de UCI Pedi\u00e1trica"},"content":{"rendered":"<div class=\"flex_column av_one_full  flex_column_div av-zero-column-padding first  avia-builder-el-0  el_before_av_one_full  avia-builder-el-first  \" style='border-radius:0px; '><div  class='avia-image-container  av-styling-    avia-builder-el-1  avia-builder-el-no-sibling  avia-align-center '  itemprop=\"image\" itemscope=\"itemscope\" itemtype=\"https:\/\/schema.org\/ImageObject\"  ><div class='avia-image-container-inner'><div class='avia-image-overlay-wrap'><img decoding=\"async\" class='wp-image-5665 avia-img-lazy-loading-not-5665 avia_image' src=\"https:\/\/radiorevelacionfm.cl\/wp-content\/uploads\/2021\/06\/CALISTO-FOTO-ARCHIVO-2-1.jpg\" alt='' title='CALISTO FOTO ARCHIVO (2) (1)' height=\"487\" width=\"1052\"  itemprop=\"thumbnailUrl\" srcset=\"https:\/\/radiorevelacionfm.cl\/wp-content\/uploads\/2021\/06\/CALISTO-FOTO-ARCHIVO-2-1.jpg 1052w, https:\/\/radiorevelacionfm.cl\/wp-content\/uploads\/2021\/06\/CALISTO-FOTO-ARCHIVO-2-1-300x139.jpg 300w, https:\/\/radiorevelacionfm.cl\/wp-content\/uploads\/2021\/06\/CALISTO-FOTO-ARCHIVO-2-1-1030x477.jpg 1030w, https:\/\/radiorevelacionfm.cl\/wp-content\/uploads\/2021\/06\/CALISTO-FOTO-ARCHIVO-2-1-768x356.jpg 768w, https:\/\/radiorevelacionfm.cl\/wp-content\/uploads\/2021\/06\/CALISTO-FOTO-ARCHIVO-2-1-705x326.jpg 705w, https:\/\/radiorevelacionfm.cl\/wp-content\/uploads\/2021\/06\/CALISTO-FOTO-ARCHIVO-2-1-600x278.jpg 600w\" sizes=\"(max-width: 1052px) 100vw, 1052px\" \/><\/div><\/div><\/div><\/div><div class=\"flex_column av_one_full  flex_column_div av-zero-column-padding first  avia-builder-el-2  el_after_av_one_full  el_before_av_one_full  column-top-margin\" style='border-radius:0px; '><section class=\"av_textblock_section \"  itemscope=\"itemscope\" itemtype=\"https:\/\/schema.org\/BlogPosting\" itemprop=\"blogPost\" ><div class='avia_textblock  '   itemprop=\"text\" ><p style=\"text-align: center;\"><span style=\"font-size: 18pt;\"><b><span lang=\"ES\">Calisto pide al Gobierno considerar a Ays\u00e9n en adelanto de vacaciones ante aumento de casos respiratorios e inexistencia de UCI Pedi\u00e1trica<\/span><\/b><\/span><\/p>\n<div id=\"gtx-trans\" style=\"position: absolute; left: -50px; top: 4.31534px;\">\n<div class=\"gtx-trans-icon\"><\/div>\n<\/div>\n<\/div><\/section><\/div><div class=\"flex_column av_one_full  flex_column_div av-zero-column-padding first  avia-builder-el-4  el_after_av_one_full  el_before_av_hr  column-top-margin\" style='border-radius:0px; '><section class=\"av_textblock_section \"  itemscope=\"itemscope\" itemtype=\"https:\/\/schema.org\/BlogPosting\" itemprop=\"blogPost\" ><div class='avia_textblock  '   itemprop=\"text\" ><p style=\"font-weight: 400; text-align: justify;\">Luego que el Gobierno anunciara el adelanto de las vacaciones de inviernos en todo Chile, menos en Ays\u00e9n y Magallanes, el diputado\u00a0Miguel \u00c1ngel Calisto\u00a0manifest\u00f3 su preocupaci\u00f3n por el aumento de casos respiratorios pedi\u00e1tricos y por no considerar a la regi\u00f3n en esta decisi\u00f3n, opini\u00f3n que fue respaldada por el\u00a0jefe de Pediatr\u00eda del Hospital Regional, doctor Iv\u00e1n Lemus.<\/p>\n<p style=\"font-weight: 400; text-align: justify;\">Seg\u00fan el legislador, \u201cel Gobierno ha anunciado que va a ampliar y a adelantar la fecha de inicio de las vacaciones desde Arica a Puerto Montt, dejando fuera a Ays\u00e9n y Magallanes. El argumento que esbozan es que hoy en d\u00eda hay graves problemas respiratorios y un d\u00e9ficit de camas cr\u00edticas para atender a los ni\u00f1os\u201d.<\/p>\n<p style=\"font-weight: 400; text-align: justify;\">\u201cSin embargo, esta situaci\u00f3n tambi\u00e9n se da gravemente en Ays\u00e9n. Hace algunos d\u00edas fueron atendidos 200 ni\u00f1os en la urgencia del Hospital Regional de Coyhaique. Frente a una regi\u00f3n que no tiene UCI Pedi\u00e1trica, que sufre fuertemente los estragos de la contaminaci\u00f3n atmosf\u00e9rica, creemos que tambi\u00e9n se deben tomar medidas especiales y atender esta necesidad, ya sea con el adelanto de las vacaciones u otras medidas que permitan disminuir la carga que actualmente tiene el sistema de salud\u201d, indic\u00f3.<\/p>\n<p style=\"font-weight: 400; text-align: justify;\">El legislador agreg\u00f3 que \u201ccreemos que adem\u00e1s que en el caso que se concrete esta medida en Ays\u00e9n, se debe considerar alguna forma para que los colegios sustenten su financiamiento por este tiempo, pensando principalmente en los colegios municipales, que viven por la subvenci\u00f3n, consider\u00e1ndose que ser\u00eda un periodo excepcional\u201d.<\/p>\n<p style=\"font-weight: 400; text-align: justify;\">\u201cCreemos que se debe considerar la fragilidad del sistema de salud de Ays\u00e9n, la precariedad, la falta de camas para ni\u00f1os y sobre todo el aumento de casos de enfermedades respiratorias en pacientes pedi\u00e1tricos\u201d, indic\u00f3.<\/p>\n<p style=\"font-weight: 400; text-align: justify;\">Por su parte, el doctor Iv\u00e1n Lemus, jefe de pediatr\u00eda del Hospital Regional de Coyhaique, \u201cestamos bastante complicados con el n\u00famero de atenciones que llegan a urgencia pedi\u00e1trica. Hasta el momento, la mayor\u00eda de las atenciones han sido de mediana gravedad o leves, pero tenemos algunas estad\u00edsticas que nos indican que probablemente la pr\u00f3xima semana vamos a tener un colapso respecto a las atenciones de urgencia\u201d.<\/p>\n<p style=\"font-weight: 400; text-align: justify;\">\u201cHemos tenido d\u00edas que el pic han sido 200 atenciones. Para tener una idea, siempre son menos de 100 atenciones diarias a estos pacientes. Esto ha sido bien complejo de manejar y dar una atenci\u00f3n adecuada a nuestros usuarios. Si bien uno acepta todas las indicaciones de las autoridades, ya sea de educaci\u00f3n o salud, cualquier medida que se pueda tomar y que significa la disminuci\u00f3n de los pacientes que consultan por virus respiratorios, es muy bienvenida\u201d.<\/p>\n<p style=\"font-weight: 400; text-align: justify;\">Finalmente, el m\u00e9dico afirm\u00f3 que \u201cla contaminaci\u00f3n ha hecho que aumenten tambi\u00e9n los pacientes, y esto ha significado que aumente tambi\u00e9n el tiempo de espera. Esto no es porque no tengamos la cantidad de funcionarios, sino porque ha sido muy amplio el n\u00famero de atenciones. El adelanto de vacaciones o la suspensi\u00f3n de clases ser\u00eda una medida muy bienvenida para nosotros\u201d.<\/p>\n<\/div><\/section><\/div><div  style='height:50px' class='hr hr-invisible   avia-builder-el-6  el_after_av_one_full  el_before_av_social_share '><span class='hr-inner ' ><span class='hr-inner-style'><\/span><\/span><\/div><\/p>\n<div  class='av-social-sharing-box  avia-builder-el-7  el_after_av_hr  el_before_av_hr  '><div class='av-share-box'><h5 class='av-share-link-description av-no-toc '>Compartir esta noticia<\/h5><ul class='av-share-box-list noLightbox'><li class='av-share-link av-social-link-facebook' ><a target=\"_blank\" aria-label=\"Compartir en Facebook\" href='https:\/\/www.facebook.com\/sharer.php?u=https:\/\/radiorevelacionfm.cl\/?p=18064&#038;t=Calisto%20pide%20al%20Gobierno%20considerar%20a%20Ays%C3%A9n%20en%20adelanto%20de%20vacaciones%20ante%20aumento%20de%20casos%20respiratorios%20e%20inexistencia%20de%20UCI%20Pedi%C3%A1trica' aria-hidden='false' data-av_icon='\ue8f3' data-av_iconfont='entypo-fontello' title='' data-avia-related-tooltip='Compartir en Facebook' rel=\"noopener\"><span class='avia_hidden_link_text'>Compartir en Facebook<\/span><\/a><\/li><li class='av-share-link av-social-link-twitter' ><a target=\"_blank\" aria-label=\"Compartir en Twitter\" href='https:\/\/twitter.com\/share?text=Calisto%20pide%20al%20Gobierno%20considerar%20a%20Ays%C3%A9n%20en%20adelanto%20de%20vacaciones%20ante%20aumento%20de%20casos%20respiratorios%20e%20inexistencia%20de%20UCI%20Pedi%C3%A1trica&#038;url=https:\/\/radiorevelacionfm.cl\/?p=18064' aria-hidden='false' data-av_icon='\ue8f1' data-av_iconfont='entypo-fontello' title='' data-avia-related-tooltip='Compartir en Twitter' rel=\"noopener\"><span class='avia_hidden_link_text'>Compartir en Twitter<\/span><\/a><\/li><li class='av-share-link av-social-link-whatsapp' ><a target=\"_blank\" aria-label=\"Compartir en Whatsapp\" href='https:\/\/api.whatsapp.com\/send?text=https:\/\/radiorevelacionfm.cl\/?p=18064' aria-hidden='false' data-av_icon='\uf232' data-av_iconfont='entypo-fontello' title='' data-avia-related-tooltip='Compartir en Whatsapp' rel=\"noopener\"><span class='avia_hidden_link_text'>Compartir en Whatsapp<\/span><\/a><\/li><li class='av-share-link av-social-link-linkedin' ><a target=\"_blank\" aria-label=\"Compartir en LinkedIn\" href='https:\/\/linkedin.com\/shareArticle?mini=true&#038;title=Calisto%20pide%20al%20Gobierno%20considerar%20a%20Ays%C3%A9n%20en%20adelanto%20de%20vacaciones%20ante%20aumento%20de%20casos%20respiratorios%20e%20inexistencia%20de%20UCI%20Pedi%C3%A1trica&#038;url=https:\/\/radiorevelacionfm.cl\/?p=18064' aria-hidden='false' data-av_icon='\ue8fc' data-av_iconfont='entypo-fontello' title='' data-avia-related-tooltip='Compartir en LinkedIn' rel=\"noopener\"><span class='avia_hidden_link_text'>Compartir en LinkedIn<\/span><\/a><\/li><li class='av-share-link av-social-link-mail' ><a  aria-label=\"Compartir por correo\" href='mailto:?subject=Calisto%20pide%20al%20Gobierno%20considerar%20a%20Ays%C3%A9n%20en%20adelanto%20de%20vacaciones%20ante%20aumento%20de%20casos%20respiratorios%20e%20inexistencia%20de%20UCI%20Pedi%C3%A1trica&#038;body=https:\/\/radiorevelacionfm.cl\/?p=18064' aria-hidden='false' data-av_icon='\ue805' data-av_iconfont='entypo-fontello' title='' data-avia-related-tooltip='Compartir por correo'><span class='avia_hidden_link_text'>Compartir por correo<\/span><\/a><\/li><\/ul><\/div><\/div>\n<div  style='height:50px' class='hr hr-invisible   avia-builder-el-8  el_after_av_social_share  el_before_av_comments_list '><span class='hr-inner ' ><span class='hr-inner-style'><\/span><\/span><\/div>\n<div  class='av-buildercomment  av-blog-meta-html-info-disabled av-blog-meta-tag-disabled  '><\/div>\n","protected":false},"excerpt":{"rendered":"","protected":false},"author":1,"featured_media":5665,"comment_status":"open","ping_status":"open","sticky":false,"template":"","format":"standard","meta":{"footnotes":""},"categories":[35],"tags":[],"class_list":["post-18064","post","type-post","status-publish","format-standard","has-post-thumbnail","hentry","category-politica"],"jetpack_featured_media_url":"https:\/\/radiorevelacionfm.cl\/wp-content\/uploads\/2021\/06\/CALISTO-FOTO-ARCHIVO-2-1.jpg","_links":{"self":[{"href":"https:\/\/radiorevelacionfm.cl\/index.php?rest_route=\/wp\/v2\/posts\/18064","targetHints":{"allow":["GET"]}}],"collection":[{"href":"https:\/\/radiorevelacionfm.cl\/index.php?rest_route=\/wp\/v2\/posts"}],"about":[{"href":"https:\/\/radiorevelacionfm.cl\/index.php?rest_route=\/wp\/v2\/types\/post"}],"author":[{"embeddable":true,"href":"https:\/\/radiorevelacionfm.cl\/index.php?rest_route=\/wp\/v2\/users\/1"}],"replies":[{"embeddable":true,"href":"https:\/\/radiorevelacionfm.cl\/index.php?rest_route=%2Fwp%2Fv2%2Fcomments&post=18064"}],"version-history":[{"count":2,"href":"https:\/\/radiorevelacionfm.cl\/index.php?rest_route=\/wp\/v2\/posts\/18064\/revisions"}],"predecessor-version":[{"id":18066,"href":"https:\/\/radiorevelacionfm.cl\/index.php?rest_route=\/wp\/v2\/posts\/18064\/revisions\/18066"}],"wp:featuredmedia":[{"embeddable":true,"href":"https:\/\/radiorevelacionfm.cl\/index.php?rest_route=\/wp\/v2\/media\/5665"}],"wp:attachment":[{"href":"https:\/\/radiorevelacionfm.cl\/index.php?rest_route=%2Fwp%2Fv2%2Fmedia&parent=18064"}],"wp:term":[{"taxonomy":"category","embeddable":true,"href":"https:\/\/radiorevelacionfm.cl\/index.php?rest_route=%2Fwp%2Fv2%2Fcategories&post=18064"},{"taxonomy":"post_tag","embeddable":true,"href":"https:\/\/radiorevelacionfm.cl\/index.php?rest_route=%2Fwp%2Fv2%2Ftags&post=18064"}],"curies":[{"name":"wp","href":"https:\/\/api.w.org\/{rel}","templated":true}]}}