{"id":18061,"date":"2022-06-15T18:35:41","date_gmt":"2022-06-15T21:35:41","guid":{"rendered":"https:\/\/radiorevelacionfm.cl\/?p=18061"},"modified":"2022-06-15T18:35:41","modified_gmt":"2022-06-15T21:35:41","slug":"municipios-de-la-region-de-aysen-firman-historico-acuerdo-de-colaboracion-con-el-gobierno-regional","status":"publish","type":"post","link":"https:\/\/radiorevelacionfm.cl\/?p=18061","title":{"rendered":"Municipios de la regi\u00f3n de Ays\u00e9n firman hist\u00f3rico acuerdo de colaboraci\u00f3n con el Gobierno Regional"},"content":{"rendered":"<div class=\"flex_column av_one_full  flex_column_div av-zero-column-padding first  avia-builder-el-0  el_before_av_one_full  avia-builder-el-first  \" style='border-radius:0px; '><div  class='avia-image-container  av-styling-    avia-builder-el-1  avia-builder-el-no-sibling  avia-align-center '  itemprop=\"image\" itemscope=\"itemscope\" itemtype=\"https:\/\/schema.org\/ImageObject\"  ><div class='avia-image-container-inner'><div class='avia-image-overlay-wrap'><img decoding=\"async\" class='wp-image-18062 avia-img-lazy-loading-not-18062 avia_image' src=\"https:\/\/radiorevelacionfm.cl\/wp-content\/uploads\/2022\/06\/Foto-1-16-1-1.jpeg\" alt='' title='Foto 1 (16) (1) (1)' height=\"600\" width=\"900\"  itemprop=\"thumbnailUrl\" srcset=\"https:\/\/radiorevelacionfm.cl\/wp-content\/uploads\/2022\/06\/Foto-1-16-1-1.jpeg 900w, https:\/\/radiorevelacionfm.cl\/wp-content\/uploads\/2022\/06\/Foto-1-16-1-1-300x200.jpeg 300w, https:\/\/radiorevelacionfm.cl\/wp-content\/uploads\/2022\/06\/Foto-1-16-1-1-768x512.jpeg 768w, https:\/\/radiorevelacionfm.cl\/wp-content\/uploads\/2022\/06\/Foto-1-16-1-1-705x470.jpeg 705w, https:\/\/radiorevelacionfm.cl\/wp-content\/uploads\/2022\/06\/Foto-1-16-1-1-600x400.jpeg 600w\" sizes=\"(max-width: 900px) 100vw, 900px\" \/><\/div><\/div><\/div><\/div><div class=\"flex_column av_one_full  flex_column_div av-zero-column-padding first  avia-builder-el-2  el_after_av_one_full  el_before_av_one_full  column-top-margin\" style='border-radius:0px; '><section class=\"av_textblock_section \"  itemscope=\"itemscope\" itemtype=\"https:\/\/schema.org\/BlogPosting\" itemprop=\"blogPost\" ><div class='avia_textblock  '   itemprop=\"text\" ><p style=\"text-align: center;\"><span style=\"font-size: 18pt;\"><strong>Municipios de la regi\u00f3n de Ays\u00e9n firman hist\u00f3rico acuerdo de colaboraci\u00f3n con el Gobierno Regional<\/strong><\/span><\/p>\n<div id=\"gtx-trans\" style=\"position: absolute; left: -50px; top: 4.31534px;\">\n<div class=\"gtx-trans-icon\"><\/div>\n<\/div>\n<\/div><\/section><\/div><div class=\"flex_column av_one_full  flex_column_div av-zero-column-padding first  avia-builder-el-4  el_after_av_one_full  el_before_av_hr  column-top-margin\" style='border-radius:0px; '><section class=\"av_textblock_section \"  itemscope=\"itemscope\" itemtype=\"https:\/\/schema.org\/BlogPosting\" itemprop=\"blogPost\" ><div class='avia_textblock  '   itemprop=\"text\" ><p style=\"text-align: justify;\">Por primera vez, autoridades locales y regionales trabajar\u00e1n en modernizar la gesti\u00f3n territorial y asumir respuestas comunes a los desaf\u00edos de ordenamiento territorial, inversi\u00f3n p\u00fablica y el fortalecimiento a sus unidades t\u00e9cnicas (SECPLAN, DIDECO, DOM, FOMENTO), lo que sin duda permitir\u00e1 responder a las demandas ciudadanas en forma m\u00e1s eficiente.<\/p>\n<p style=\"text-align: justify;\">\u00abHoy tuvimos una convocatoria los 10 municipios de la regi\u00f3n m\u00e1s todo nuestro Consejo Regional para poder abordar temas relevantes entre ellos la educaci\u00f3n, pero adem\u00e1s para establecer y concretar este acuerdo de colaboraci\u00f3n del que siempre hablamos entendiendo que los municipios son socios estrat\u00e9gicos para nuestro Gobierno Regional. El apoyo a sus necesidades ir\u00e1 en directo beneficio de vecinos y del desarrollo de nuestra regi\u00f3n de manera conjunta, buscando de manera colectiva soluciones a problemas que son comunes\u00bb, afirm\u00f3 la Gobernadora Regional Andrea Mac\u00edas Palma.<\/p>\n<p style=\"text-align: justify;\">El acuerdo, suscrito por todos los Municipios de la regi\u00f3n, trae consigo la concreci\u00f3n de mesas de trabajo en diversas \u00e1reas, especialmente aquellas m\u00e1s prioritarias para la realidad regional, como lo son el ordenamiento territorial, la mirada en c\u00f3mo se invierten los recursos y el apoyo t\u00e9cnico que necesitan constantemente los diversos Gobiernos locales.<\/p>\n<p style=\"text-align: justify;\">Para Marcelo Santana, alcalde de R\u00edo Ib\u00e1\u00f1ez y presidente de la AREMU, esta instancia es fundamental para los distintos alcaldes de la regi\u00f3n de Ays\u00e9n.<\/p>\n<p style=\"text-align: justify;\">\u00abEn primer lugar quiero valorar la instancia, ya que es sumamente importante estar coordinados con la autoridad regional, del Gobierno Regional y su Consejo. Las municipalidades constantemente se le asignan y se le atribuyen funciones que muchas veces vienen sin recursos, por tanto lo que se pretende tambi\u00e9n con este convenio es abordar algunos temas pendientes en la regi\u00f3n como lo es el tema del ordenamiento territorial, de la planificaci\u00f3n de nuestras comunas. No es menor que no existan planes reguladores comunales vigentes o intercomunales de regulaci\u00f3n de nuestro territorio y para eso el Gobierno Regional, a trav\u00e9s de esta firma de convenio, nos permite poder trabajar en el mediano y en el largo plazo\u00bb, coment\u00f3 el edil.<\/p>\n<p style=\"text-align: justify;\">\u00abSabemos que es importante que trabajemos de una manera coordinada, ya que existe una simbiosis importante que hay que seguir fortaleciendo entre el Gobierno Regional y las Municipalidades. Somos nosotros quienes la gente ha confiado para los destinos de nuestra regi\u00f3n y de nuestras comunas, por lo tanto es tambi\u00e9n nuestro deber hacer los esfuerzos para que este trabajo sea lo m\u00e1s sin\u00e9rgico posible\u00bb, finaliz\u00f3 el alcalde Santana.<\/p>\n<p style=\"text-align: justify;\">La firma del convenio tambi\u00e9n se realiz\u00f3 con los representantes de los alcaldes Carlos Gatica de Coyhaique, Julio Uribe de Ays\u00e9n, y con la presencia del alcalde Nelson Opazo de Lago Verde, Abel Becerra de Tortel, Marcos Silva de Guaitecas, Jorge Calder\u00f3n de Cochrane, Marcelo Santana de R\u00edo Ib\u00e1\u00f1ez, Francisco Roncagliolo de Cisnes, Luperciano mu\u00f1oz de Chile Chico y Jos\u00e9 Fica de O&#8217;Higgins.<\/p>\n<\/div><\/section><\/div><div  style='height:50px' class='hr hr-invisible   avia-builder-el-6  el_after_av_one_full  el_before_av_social_share '><span class='hr-inner ' ><span class='hr-inner-style'><\/span><\/span><\/div><\/p>\n<div  class='av-social-sharing-box  avia-builder-el-7  el_after_av_hr  el_before_av_hr  '><div class='av-share-box'><h5 class='av-share-link-description av-no-toc '>Compartir esta noticia<\/h5><ul class='av-share-box-list noLightbox'><li class='av-share-link av-social-link-facebook' ><a target=\"_blank\" aria-label=\"Compartir en Facebook\" href='https:\/\/www.facebook.com\/sharer.php?u=https:\/\/radiorevelacionfm.cl\/?p=18061&#038;t=Municipios%20de%20la%20regi%C3%B3n%20de%20Ays%C3%A9n%20firman%20hist%C3%B3rico%20acuerdo%20de%20colaboraci%C3%B3n%20con%20el%20Gobierno%20Regional' aria-hidden='false' data-av_icon='\ue8f3' data-av_iconfont='entypo-fontello' title='' data-avia-related-tooltip='Compartir en Facebook' rel=\"noopener\"><span class='avia_hidden_link_text'>Compartir en Facebook<\/span><\/a><\/li><li class='av-share-link av-social-link-twitter' ><a target=\"_blank\" aria-label=\"Compartir en Twitter\" href='https:\/\/twitter.com\/share?text=Municipios%20de%20la%20regi%C3%B3n%20de%20Ays%C3%A9n%20firman%20hist%C3%B3rico%20acuerdo%20de%20colaboraci%C3%B3n%20con%20el%20Gobierno%20Regional&#038;url=https:\/\/radiorevelacionfm.cl\/?p=18061' aria-hidden='false' data-av_icon='\ue8f1' data-av_iconfont='entypo-fontello' title='' data-avia-related-tooltip='Compartir en Twitter' rel=\"noopener\"><span class='avia_hidden_link_text'>Compartir en Twitter<\/span><\/a><\/li><li class='av-share-link av-social-link-whatsapp' ><a target=\"_blank\" aria-label=\"Compartir en Whatsapp\" href='https:\/\/api.whatsapp.com\/send?text=https:\/\/radiorevelacionfm.cl\/?p=18061' aria-hidden='false' data-av_icon='\uf232' data-av_iconfont='entypo-fontello' title='' data-avia-related-tooltip='Compartir en Whatsapp' rel=\"noopener\"><span class='avia_hidden_link_text'>Compartir en Whatsapp<\/span><\/a><\/li><li class='av-share-link av-social-link-linkedin' ><a target=\"_blank\" aria-label=\"Compartir en LinkedIn\" href='https:\/\/linkedin.com\/shareArticle?mini=true&#038;title=Municipios%20de%20la%20regi%C3%B3n%20de%20Ays%C3%A9n%20firman%20hist%C3%B3rico%20acuerdo%20de%20colaboraci%C3%B3n%20con%20el%20Gobierno%20Regional&#038;url=https:\/\/radiorevelacionfm.cl\/?p=18061' aria-hidden='false' data-av_icon='\ue8fc' data-av_iconfont='entypo-fontello' title='' data-avia-related-tooltip='Compartir en LinkedIn' rel=\"noopener\"><span class='avia_hidden_link_text'>Compartir en LinkedIn<\/span><\/a><\/li><li class='av-share-link av-social-link-mail' ><a  aria-label=\"Compartir por correo\" href='mailto:?subject=Municipios%20de%20la%20regi%C3%B3n%20de%20Ays%C3%A9n%20firman%20hist%C3%B3rico%20acuerdo%20de%20colaboraci%C3%B3n%20con%20el%20Gobierno%20Regional&#038;body=https:\/\/radiorevelacionfm.cl\/?p=18061' aria-hidden='false' data-av_icon='\ue805' data-av_iconfont='entypo-fontello' title='' data-avia-related-tooltip='Compartir por correo'><span class='avia_hidden_link_text'>Compartir por correo<\/span><\/a><\/li><\/ul><\/div><\/div>\n<div  style='height:50px' class='hr hr-invisible   avia-builder-el-8  el_after_av_social_share  el_before_av_comments_list '><span class='hr-inner ' ><span class='hr-inner-style'><\/span><\/span><\/div>\n<div  class='av-buildercomment  av-blog-meta-html-info-disabled av-blog-meta-tag-disabled  '><\/div>\n","protected":false},"excerpt":{"rendered":"","protected":false},"author":1,"featured_media":18062,"comment_status":"open","ping_status":"open","sticky":false,"template":"","format":"standard","meta":{"footnotes":""},"categories":[38],"tags":[],"class_list":["post-18061","post","type-post","status-publish","format-standard","has-post-thumbnail","hentry","category-regional"],"jetpack_featured_media_url":"https:\/\/radiorevelacionfm.cl\/wp-content\/uploads\/2022\/06\/Foto-1-16-1-1.jpeg","_links":{"self":[{"href":"https:\/\/radiorevelacionfm.cl\/index.php?rest_route=\/wp\/v2\/posts\/18061","targetHints":{"allow":["GET"]}}],"collection":[{"href":"https:\/\/radiorevelacionfm.cl\/index.php?rest_route=\/wp\/v2\/posts"}],"about":[{"href":"https:\/\/radiorevelacionfm.cl\/index.php?rest_route=\/wp\/v2\/types\/post"}],"author":[{"embeddable":true,"href":"https:\/\/radiorevelacionfm.cl\/index.php?rest_route=\/wp\/v2\/users\/1"}],"replies":[{"embeddable":true,"href":"https:\/\/radiorevelacionfm.cl\/index.php?rest_route=%2Fwp%2Fv2%2Fcomments&post=18061"}],"version-history":[{"count":2,"href":"https:\/\/radiorevelacionfm.cl\/index.php?rest_route=\/wp\/v2\/posts\/18061\/revisions"}],"predecessor-version":[{"id":18077,"href":"https:\/\/radiorevelacionfm.cl\/index.php?rest_route=\/wp\/v2\/posts\/18061\/revisions\/18077"}],"wp:featuredmedia":[{"embeddable":true,"href":"https:\/\/radiorevelacionfm.cl\/index.php?rest_route=\/wp\/v2\/media\/18062"}],"wp:attachment":[{"href":"https:\/\/radiorevelacionfm.cl\/index.php?rest_route=%2Fwp%2Fv2%2Fmedia&parent=18061"}],"wp:term":[{"taxonomy":"category","embeddable":true,"href":"https:\/\/radiorevelacionfm.cl\/index.php?rest_route=%2Fwp%2Fv2%2Fcategories&post=18061"},{"taxonomy":"post_tag","embeddable":true,"href":"https:\/\/radiorevelacionfm.cl\/index.php?rest_route=%2Fwp%2Fv2%2Ftags&post=18061"}],"curies":[{"name":"wp","href":"https:\/\/api.w.org\/{rel}","templated":true}]}}