{"id":18055,"date":"2022-06-15T15:39:40","date_gmt":"2022-06-15T18:39:40","guid":{"rendered":"https:\/\/radiorevelacionfm.cl\/?p=18055"},"modified":"2022-06-15T15:39:40","modified_gmt":"2022-06-15T18:39:40","slug":"hagamos-historia-gobierno-en-aysen-busca-potenciar-el-acceso-a-la-informacion-de-cara-al-plebiscito-constitucional","status":"publish","type":"post","link":"https:\/\/radiorevelacionfm.cl\/?p=18055","title":{"rendered":"\u201cHagamos Historia\u201d: Gobierno en Ays\u00e9n busca potenciar el acceso a la informaci\u00f3n de cara al plebiscito constitucional"},"content":{"rendered":"<div class=\"flex_column av_one_full  flex_column_div av-zero-column-padding first  avia-builder-el-0  el_before_av_one_full  avia-builder-el-first  \" style='border-radius:0px; '><div  class='avia-image-container  av-styling-    avia-builder-el-1  avia-builder-el-no-sibling  avia-align-center '  itemprop=\"image\" itemscope=\"itemscope\" itemtype=\"https:\/\/schema.org\/ImageObject\"  ><div class='avia-image-container-inner'><div class='avia-image-overlay-wrap'><img decoding=\"async\" class='wp-image-18056 avia-img-lazy-loading-not-18056 avia_image' src=\"https:\/\/radiorevelacionfm.cl\/wp-content\/uploads\/2022\/06\/voceria-1-1_optimized.jpeg\" alt='' title='voceria-1-(1)_optimized' height=\"600\" width=\"1067\"  itemprop=\"thumbnailUrl\" srcset=\"https:\/\/radiorevelacionfm.cl\/wp-content\/uploads\/2022\/06\/voceria-1-1_optimized.jpeg 1067w, https:\/\/radiorevelacionfm.cl\/wp-content\/uploads\/2022\/06\/voceria-1-1_optimized-300x169.jpeg 300w, https:\/\/radiorevelacionfm.cl\/wp-content\/uploads\/2022\/06\/voceria-1-1_optimized-1030x579.jpeg 1030w, https:\/\/radiorevelacionfm.cl\/wp-content\/uploads\/2022\/06\/voceria-1-1_optimized-768x432.jpeg 768w, https:\/\/radiorevelacionfm.cl\/wp-content\/uploads\/2022\/06\/voceria-1-1_optimized-705x396.jpeg 705w, https:\/\/radiorevelacionfm.cl\/wp-content\/uploads\/2022\/06\/voceria-1-1_optimized-600x337.jpeg 600w\" sizes=\"(max-width: 1067px) 100vw, 1067px\" \/><\/div><\/div><\/div><\/div><div class=\"flex_column av_one_full  flex_column_div av-zero-column-padding first  avia-builder-el-2  el_after_av_one_full  el_before_av_one_full  column-top-margin\" style='border-radius:0px; '><section class=\"av_textblock_section \"  itemscope=\"itemscope\" itemtype=\"https:\/\/schema.org\/BlogPosting\" itemprop=\"blogPost\" ><div class='avia_textblock  '   itemprop=\"text\" ><p style=\"text-align: center;\"><span style=\"font-size: 18pt;\"><strong>\u201cHagamos Historia\u201d: Gobierno en Ays\u00e9n busca potenciar el acceso a la informaci\u00f3n de cara al plebiscito constitucional<\/strong><\/span><\/p>\n<div id=\"gtx-trans\" style=\"position: absolute; left: -50px; top: 4.31534px;\">\n<div class=\"gtx-trans-icon\"><\/div>\n<\/div>\n<\/div><\/section><\/div><div class=\"flex_column av_one_full  flex_column_div av-zero-column-padding first  avia-builder-el-4  el_after_av_one_full  el_before_av_hr  column-top-margin\" style='border-radius:0px; '><section class=\"av_textblock_section \"  itemscope=\"itemscope\" itemtype=\"https:\/\/schema.org\/BlogPosting\" itemprop=\"blogPost\" ><div class='avia_textblock  '   itemprop=\"text\" ><p style=\"text-align: justify;\">\u201c\u00bfSabes por qu\u00e9 este a\u00f1o ser\u00e1s un personaje de la historia de Chile?\u201d. Con esta pregunta comenz\u00f3 el video que la tarde de este martes 14 de junio exhibi\u00f3 la Portavoz del Gobierno en Ays\u00e9n, Tatiana Pl\u00e1 \u00c1lvarez, durante un encuentro con la sociedad civil de Coyhaique que se realiz\u00f3 en la Sede El Mirador y cont\u00f3 con la activa participaci\u00f3n de los representantes de diversas agrupaciones y organizaciones sociales de la comuna de Coyhaique.<\/p>\n<p style=\"text-align: justify;\">El video en cuesti\u00f3n forma parte de la campa\u00f1a Hagamos Historia, que fue lanzada en nuestra regi\u00f3n durante la oportunidad, y cuyo objetivo es, seg\u00fan explic\u00f3 la Seremi, \u201cque la ciudadan\u00eda pueda ejercer un voto informado y responsable el pr\u00f3ximo 4 de septiembre\u201d cuando se realice el Plebiscito Constitucional de Salida y donde los ciudadanos deber\u00e1n decidir si votar si Aprueban o Rechazan el texto propuesto por la Convenci\u00f3n Constitucional.<\/p>\n<p style=\"text-align: justify;\">En la oportunidad, la Seremi de Gobierno Tatiana Pl\u00e1 \u00c1lvarez agradeci\u00f3 la presencia de los asistentes al encuentro, y se\u00f1al\u00f3: \u201cEsta tarde comenzamos la difusi\u00f3n del voto informado en nuestra regi\u00f3n, porque estamos convencidos de que como Gobierno somos responsables por informar y entregar las herramientas necesarias para ejercer un voto responsable, de cara al plebiscito constituyente. Es nuestro deber informar a la ciudadan\u00eda cu\u00e1les son las alternativas, considerando siempre que ambas alternativas en juego, tanto apruebo como rechazo, son v\u00e1lidas y son leg\u00edtimas\u201d.<\/p>\n<p style=\"text-align: justify;\">\u201cLa pieza audiovisual que exhibimos tiene un objetivo meramente informativo, pues aborda las diferencias en que surgen las distintas constituciones de Chile y califica el pr\u00f3ximo 4 de septiembre como un d\u00eda hist\u00f3rico para los ciudadanos\u201d, a\u00f1adi\u00f3 la Seremi. \u201cSe trata de un m\u00f3dulo de educaci\u00f3n c\u00edvica que atiende a la demanda de nuestra ciudadan\u00eda por tener m\u00e1s y mejor informaci\u00f3n\u00bb, a\u00f1adi\u00f3.<\/p>\n<p style=\"text-align: justify;\">En esta misma l\u00ednea, la vocera comunic\u00f3 que tras la actividad, ella y un equipo de la Secretar\u00eda Regional Ministerial de Gobierno iniciar\u00e1n este mi\u00e9rcoles 15 de junio, un recorrido por el sur de la regi\u00f3n, para reunirse e informar sobre el voto informado en el Plebiscito a la mayor cantidad de personas.<\/p>\n<\/div><\/section><\/div><div  style='height:50px' class='hr hr-invisible   avia-builder-el-6  el_after_av_one_full  el_before_av_social_share '><span class='hr-inner ' ><span class='hr-inner-style'><\/span><\/span><\/div><\/p>\n<div  class='av-social-sharing-box  avia-builder-el-7  el_after_av_hr  el_before_av_hr  '><div class='av-share-box'><h5 class='av-share-link-description av-no-toc '>Compartir esta noticia<\/h5><ul class='av-share-box-list noLightbox'><li class='av-share-link av-social-link-facebook' ><a target=\"_blank\" aria-label=\"Compartir en Facebook\" href='https:\/\/www.facebook.com\/sharer.php?u=https:\/\/radiorevelacionfm.cl\/?p=18055&#038;t=%E2%80%9CHagamos%20Historia%E2%80%9D%3A%20Gobierno%20en%20Ays%C3%A9n%20busca%20potenciar%20el%20acceso%20a%20la%20informaci%C3%B3n%20de%20cara%20al%20plebiscito%20constitucional' aria-hidden='false' data-av_icon='\ue8f3' data-av_iconfont='entypo-fontello' title='' data-avia-related-tooltip='Compartir en Facebook' rel=\"noopener\"><span class='avia_hidden_link_text'>Compartir en Facebook<\/span><\/a><\/li><li class='av-share-link av-social-link-twitter' ><a target=\"_blank\" aria-label=\"Compartir en Twitter\" href='https:\/\/twitter.com\/share?text=%E2%80%9CHagamos%20Historia%E2%80%9D%3A%20Gobierno%20en%20Ays%C3%A9n%20busca%20potenciar%20el%20acceso%20a%20la%20informaci%C3%B3n%20de%20cara%20al%20plebiscito%20constitucional&#038;url=https:\/\/radiorevelacionfm.cl\/?p=18055' aria-hidden='false' data-av_icon='\ue8f1' data-av_iconfont='entypo-fontello' title='' data-avia-related-tooltip='Compartir en Twitter' rel=\"noopener\"><span class='avia_hidden_link_text'>Compartir en Twitter<\/span><\/a><\/li><li class='av-share-link av-social-link-whatsapp' ><a target=\"_blank\" aria-label=\"Compartir en Whatsapp\" href='https:\/\/api.whatsapp.com\/send?text=https:\/\/radiorevelacionfm.cl\/?p=18055' aria-hidden='false' data-av_icon='\uf232' data-av_iconfont='entypo-fontello' title='' data-avia-related-tooltip='Compartir en Whatsapp' rel=\"noopener\"><span class='avia_hidden_link_text'>Compartir en Whatsapp<\/span><\/a><\/li><li class='av-share-link av-social-link-linkedin' ><a target=\"_blank\" aria-label=\"Compartir en LinkedIn\" href='https:\/\/linkedin.com\/shareArticle?mini=true&#038;title=%E2%80%9CHagamos%20Historia%E2%80%9D%3A%20Gobierno%20en%20Ays%C3%A9n%20busca%20potenciar%20el%20acceso%20a%20la%20informaci%C3%B3n%20de%20cara%20al%20plebiscito%20constitucional&#038;url=https:\/\/radiorevelacionfm.cl\/?p=18055' aria-hidden='false' data-av_icon='\ue8fc' data-av_iconfont='entypo-fontello' title='' data-avia-related-tooltip='Compartir en LinkedIn' rel=\"noopener\"><span class='avia_hidden_link_text'>Compartir en LinkedIn<\/span><\/a><\/li><li class='av-share-link av-social-link-mail' ><a  aria-label=\"Compartir por correo\" href='mailto:?subject=%E2%80%9CHagamos%20Historia%E2%80%9D%3A%20Gobierno%20en%20Ays%C3%A9n%20busca%20potenciar%20el%20acceso%20a%20la%20informaci%C3%B3n%20de%20cara%20al%20plebiscito%20constitucional&#038;body=https:\/\/radiorevelacionfm.cl\/?p=18055' aria-hidden='false' data-av_icon='\ue805' data-av_iconfont='entypo-fontello' title='' data-avia-related-tooltip='Compartir por correo'><span class='avia_hidden_link_text'>Compartir por correo<\/span><\/a><\/li><\/ul><\/div><\/div>\n<div  style='height:50px' class='hr hr-invisible   avia-builder-el-8  el_after_av_social_share  el_before_av_comments_list '><span class='hr-inner ' ><span class='hr-inner-style'><\/span><\/span><\/div>\n<div  class='av-buildercomment  av-blog-meta-html-info-disabled av-blog-meta-tag-disabled  '><\/div>\n","protected":false},"excerpt":{"rendered":"","protected":false},"author":1,"featured_media":18056,"comment_status":"open","ping_status":"open","sticky":false,"template":"","format":"standard","meta":{"footnotes":""},"categories":[38],"tags":[],"class_list":["post-18055","post","type-post","status-publish","format-standard","has-post-thumbnail","hentry","category-regional"],"jetpack_featured_media_url":"https:\/\/radiorevelacionfm.cl\/wp-content\/uploads\/2022\/06\/voceria-1-1_optimized.jpeg","_links":{"self":[{"href":"https:\/\/radiorevelacionfm.cl\/index.php?rest_route=\/wp\/v2\/posts\/18055","targetHints":{"allow":["GET"]}}],"collection":[{"href":"https:\/\/radiorevelacionfm.cl\/index.php?rest_route=\/wp\/v2\/posts"}],"about":[{"href":"https:\/\/radiorevelacionfm.cl\/index.php?rest_route=\/wp\/v2\/types\/post"}],"author":[{"embeddable":true,"href":"https:\/\/radiorevelacionfm.cl\/index.php?rest_route=\/wp\/v2\/users\/1"}],"replies":[{"embeddable":true,"href":"https:\/\/radiorevelacionfm.cl\/index.php?rest_route=%2Fwp%2Fv2%2Fcomments&post=18055"}],"version-history":[{"count":2,"href":"https:\/\/radiorevelacionfm.cl\/index.php?rest_route=\/wp\/v2\/posts\/18055\/revisions"}],"predecessor-version":[{"id":18067,"href":"https:\/\/radiorevelacionfm.cl\/index.php?rest_route=\/wp\/v2\/posts\/18055\/revisions\/18067"}],"wp:featuredmedia":[{"embeddable":true,"href":"https:\/\/radiorevelacionfm.cl\/index.php?rest_route=\/wp\/v2\/media\/18056"}],"wp:attachment":[{"href":"https:\/\/radiorevelacionfm.cl\/index.php?rest_route=%2Fwp%2Fv2%2Fmedia&parent=18055"}],"wp:term":[{"taxonomy":"category","embeddable":true,"href":"https:\/\/radiorevelacionfm.cl\/index.php?rest_route=%2Fwp%2Fv2%2Fcategories&post=18055"},{"taxonomy":"post_tag","embeddable":true,"href":"https:\/\/radiorevelacionfm.cl\/index.php?rest_route=%2Fwp%2Fv2%2Ftags&post=18055"}],"curies":[{"name":"wp","href":"https:\/\/api.w.org\/{rel}","templated":true}]}}