{"id":18049,"date":"2022-06-15T15:07:06","date_gmt":"2022-06-15T18:07:06","guid":{"rendered":"https:\/\/radiorevelacionfm.cl\/?p=18049"},"modified":"2022-06-15T15:41:25","modified_gmt":"2022-06-15T18:41:25","slug":"conadi-certifica-a-16-personas-de-la-agrupacion-indigena-antu-ni-fotum-en-salud-intercultural","status":"publish","type":"post","link":"https:\/\/radiorevelacionfm.cl\/?p=18049","title":{"rendered":"Certifican a 16 personas de la agrupaci\u00f3n ind\u00edgena Antu \u00d1i Fotum en Salud Intercultural"},"content":{"rendered":"<div class=\"flex_column av_one_full  flex_column_div av-zero-column-padding first  avia-builder-el-0  el_before_av_one_full  avia-builder-el-first  \" style='border-radius:0px; '><div  class='avia-image-container  av-styling-    avia-builder-el-1  avia-builder-el-no-sibling  avia-align-center '  itemprop=\"image\" itemscope=\"itemscope\" itemtype=\"https:\/\/schema.org\/ImageObject\"  ><div class='avia-image-container-inner'><div class='avia-image-overlay-wrap'><img decoding=\"async\" class='wp-image-18053 avia-img-lazy-loading-not-18053 avia_image' src=\"https:\/\/radiorevelacionfm.cl\/wp-content\/uploads\/2022\/06\/IMG_Conadi-1-1.jpg\" alt='' title='IMG_Conadi (1) (1)' height=\"600\" width=\"1017\"  itemprop=\"thumbnailUrl\" srcset=\"https:\/\/radiorevelacionfm.cl\/wp-content\/uploads\/2022\/06\/IMG_Conadi-1-1.jpg 1017w, https:\/\/radiorevelacionfm.cl\/wp-content\/uploads\/2022\/06\/IMG_Conadi-1-1-300x177.jpg 300w, https:\/\/radiorevelacionfm.cl\/wp-content\/uploads\/2022\/06\/IMG_Conadi-1-1-768x453.jpg 768w, https:\/\/radiorevelacionfm.cl\/wp-content\/uploads\/2022\/06\/IMG_Conadi-1-1-705x416.jpg 705w, https:\/\/radiorevelacionfm.cl\/wp-content\/uploads\/2022\/06\/IMG_Conadi-1-1-600x354.jpg 600w\" sizes=\"(max-width: 1017px) 100vw, 1017px\" \/><\/div><\/div><\/div><\/div>\n<div class=\"flex_column av_one_full  flex_column_div av-zero-column-padding first  avia-builder-el-2  el_after_av_one_full  el_before_av_one_full  column-top-margin\" style='border-radius:0px; '><section class=\"av_textblock_section \"  itemscope=\"itemscope\" itemtype=\"https:\/\/schema.org\/BlogPosting\" itemprop=\"blogPost\" ><div class='avia_textblock  '   itemprop=\"text\" ><p style=\"text-align: center;\"><strong><span style=\"font-size: 18pt;\">Certifican a 16 personas de la agrupaci\u00f3n ind\u00edgena Antu \u00d1i Fotum en Salud Intercultural<\/span><\/strong><\/p>\n<div id=\"gtx-trans\" style=\"position: absolute; left: -50px; top: 4.31534px;\">\n<div class=\"gtx-trans-icon\"><\/div>\n<\/div>\n<\/div><\/section><\/div><div class=\"flex_column av_one_full  flex_column_div av-zero-column-padding first  avia-builder-el-4  el_after_av_one_full  el_before_av_hr  column-top-margin\" style='border-radius:0px; '><section class=\"av_textblock_section \"  itemscope=\"itemscope\" itemtype=\"https:\/\/schema.org\/BlogPosting\" itemprop=\"blogPost\" ><div class='avia_textblock  '   itemprop=\"text\" ><p style=\"text-align: justify;\">Miembros de la agrupaci\u00f3n ind\u00edgena Antu \u00d1i Fotum (hijos del sol) recibieron el t\u00edtulo que los acredita como conocedores de medicina intercultural, destacando el conocimiento de hierbas medicinales o lawen.<\/p>\n<p style=\"text-align: justify;\">Son decenas de hierbas silvestres que se encuentran naturalmente en diferentes puntos de Chile Chico, cada una con caracter\u00edsticas propias para la salud. Cuando se re\u00fane la agrupaci\u00f3n Antu \u00d1i Fotum recuerdan que antes esta forma de medicina era muy t\u00edpica de los hogares, pero que esta tradici\u00f3n se ha ido perdiendo.<\/p>\n<p style=\"text-align: justify;\">As\u00ed nace el curso de Conadi de Salud Intercultural bajo el proyecto \u201cagentes en medicina tradicional, regi\u00f3n de Ays\u00e9n, Kume Felen Ka Kuifike Lawentun 2021\u201d que va al rescate de esta actividad que incluye desde la observaci\u00f3n, recolecci\u00f3n y preparaci\u00f3n de las hierbas medicinales o cosm\u00e9ticas.<\/p>\n<p style=\"text-align: justify;\">En total fueron 16 alumnos y alumnas que aprobaron el curso marcado por una mayor\u00eda femenina que cont\u00f3 con un componente te\u00f3rico y uno pr\u00e1ctico. Hace algunos d\u00edas, en la Delegaci\u00f3n Presidencial Provincial de General Carrera, se llev\u00f3 a cabo la ceremonia de certificaci\u00f3n.<\/p>\n<p style=\"text-align: justify;\">Una de quienes aprob\u00f3 el curso fue Teresa Millacari quien al finalizar la ceremonia coment\u00f3 que \u201cPara nosotros como gente de la tierra es muy importante este curso que se hizo, el aprender de las hierbas medicinales, no solamente saber c\u00f3mo se llaman, sino que tambi\u00e9n tener el conocimiento de para qu\u00e9 sirven, sus propiedades y que son de ac\u00e1 de nuestro territorio\u201d cerr\u00f3 la alumna.<\/p>\n<p style=\"text-align: justify;\">Posteriormente Millacari se\u00f1al\u00f3 que \u201cel lawen no solo sirve para infusiones sino que tambi\u00e9n sirve para hacer cremas, shampoo, para hacer infinidad de cosm\u00e9ticos naturales, pero lo m\u00e1s importante es la medicina que nos entrega, que es gratis, y la tenemos en nuestro territorio, la tenemos afuera de la puerta de nuestra casa y muchos no lo saben\u201d coment\u00f3 la miembro de Antu \u00d1i Fotum.<\/p>\n<p style=\"text-align: justify;\">Por su parte el Delegado Presidencial Provincial de General Carrera, Daniel Fern\u00e1ndez dijo estar contento por poder promocionar y visibilizar la tradici\u00f3n de los pueblos originarios a lo que agreg\u00f3 que \u201chubo mucha participaci\u00f3n el a\u00f1o pasado, hay mucho inter\u00e9s que este programa siga en el futuro porque tambi\u00e9n hay mucha gente que quiere participar. Para nosotros es s\u00faper importante apoyar esta iniciativa (&#8230;) porque para nosotros como Gobierno difundir la cultura de los pueblos originarios y sus reivindicaciones, es sumamente relevante. Responde, tambi\u00e9n, a una tarea cultural de preservaci\u00f3n de nuestras tradiciones como pa\u00eds y que, en definitiva, es muy importante que se visibilicen\u201d cerr\u00f3 la m\u00e1xima autoridad de General Carrera.<\/p>\n<p style=\"text-align: justify;\">Para finalizar, Teresa Millacari realiz\u00f3 un llamado a los m\u00e1s j\u00f3venes invit\u00e1ndolos a que \u201cse atrevan a aprender, que participen en los talleres que se hacen dos veces en el a\u00f1o, que participen porque es lindo que aprendan a conocer lo que tenemos nosotros, lo que Dios, el Chaw Ngenech\u00e9n, nos dej\u00f3 en esta tierra\u201d.<\/p>\n<\/div><\/section><\/div><\/p>\n<div  style='height:50px' class='hr hr-invisible   avia-builder-el-6  el_after_av_one_full  el_before_av_social_share '><span class='hr-inner ' ><span class='hr-inner-style'><\/span><\/span><\/div>\n<div  class='av-social-sharing-box  avia-builder-el-7  el_after_av_hr  el_before_av_hr  '><div class='av-share-box'><h5 class='av-share-link-description av-no-toc '>Compartir esta noticia<\/h5><ul class='av-share-box-list noLightbox'><li class='av-share-link av-social-link-facebook' ><a target=\"_blank\" aria-label=\"Compartir en Facebook\" href='https:\/\/www.facebook.com\/sharer.php?u=https:\/\/radiorevelacionfm.cl\/?p=18049&#038;t=Certifican%20a%2016%20personas%20de%20la%20agrupaci%C3%B3n%20ind%C3%ADgena%20Antu%20%C3%91i%20Fotum%20en%20Salud%20Intercultural' aria-hidden='false' data-av_icon='\ue8f3' data-av_iconfont='entypo-fontello' title='' data-avia-related-tooltip='Compartir en Facebook' rel=\"noopener\"><span class='avia_hidden_link_text'>Compartir en Facebook<\/span><\/a><\/li><li class='av-share-link av-social-link-twitter' ><a target=\"_blank\" aria-label=\"Compartir en Twitter\" href='https:\/\/twitter.com\/share?text=Certifican%20a%2016%20personas%20de%20la%20agrupaci%C3%B3n%20ind%C3%ADgena%20Antu%20%C3%91i%20Fotum%20en%20Salud%20Intercultural&#038;url=https:\/\/radiorevelacionfm.cl\/?p=18049' aria-hidden='false' data-av_icon='\ue8f1' data-av_iconfont='entypo-fontello' title='' data-avia-related-tooltip='Compartir en Twitter' rel=\"noopener\"><span class='avia_hidden_link_text'>Compartir en Twitter<\/span><\/a><\/li><li class='av-share-link av-social-link-whatsapp' ><a target=\"_blank\" aria-label=\"Compartir en Whatsapp\" href='https:\/\/api.whatsapp.com\/send?text=https:\/\/radiorevelacionfm.cl\/?p=18049' aria-hidden='false' data-av_icon='\uf232' data-av_iconfont='entypo-fontello' title='' data-avia-related-tooltip='Compartir en Whatsapp' rel=\"noopener\"><span class='avia_hidden_link_text'>Compartir en Whatsapp<\/span><\/a><\/li><li class='av-share-link av-social-link-linkedin' ><a target=\"_blank\" aria-label=\"Compartir en LinkedIn\" href='https:\/\/linkedin.com\/shareArticle?mini=true&#038;title=Certifican%20a%2016%20personas%20de%20la%20agrupaci%C3%B3n%20ind%C3%ADgena%20Antu%20%C3%91i%20Fotum%20en%20Salud%20Intercultural&#038;url=https:\/\/radiorevelacionfm.cl\/?p=18049' aria-hidden='false' data-av_icon='\ue8fc' data-av_iconfont='entypo-fontello' title='' data-avia-related-tooltip='Compartir en LinkedIn' rel=\"noopener\"><span class='avia_hidden_link_text'>Compartir en LinkedIn<\/span><\/a><\/li><li class='av-share-link av-social-link-mail' ><a  aria-label=\"Compartir por correo\" href='mailto:?subject=Certifican%20a%2016%20personas%20de%20la%20agrupaci%C3%B3n%20ind%C3%ADgena%20Antu%20%C3%91i%20Fotum%20en%20Salud%20Intercultural&#038;body=https:\/\/radiorevelacionfm.cl\/?p=18049' aria-hidden='false' data-av_icon='\ue805' data-av_iconfont='entypo-fontello' title='' data-avia-related-tooltip='Compartir por correo'><span class='avia_hidden_link_text'>Compartir por correo<\/span><\/a><\/li><\/ul><\/div><\/div>\n<div  style='height:50px' class='hr hr-invisible   avia-builder-el-8  el_after_av_social_share  el_before_av_comments_list '><span class='hr-inner ' ><span class='hr-inner-style'><\/span><\/span><\/div>\n<div  class='av-buildercomment  av-blog-meta-html-info-disabled av-blog-meta-tag-disabled  '><\/div>\n","protected":false},"excerpt":{"rendered":"","protected":false},"author":1,"featured_media":18053,"comment_status":"open","ping_status":"open","sticky":false,"template":"","format":"standard","meta":{"footnotes":""},"categories":[38],"tags":[],"class_list":["post-18049","post","type-post","status-publish","format-standard","has-post-thumbnail","hentry","category-regional"],"jetpack_featured_media_url":"https:\/\/radiorevelacionfm.cl\/wp-content\/uploads\/2022\/06\/IMG_Conadi-1-1.jpg","_links":{"self":[{"href":"https:\/\/radiorevelacionfm.cl\/index.php?rest_route=\/wp\/v2\/posts\/18049","targetHints":{"allow":["GET"]}}],"collection":[{"href":"https:\/\/radiorevelacionfm.cl\/index.php?rest_route=\/wp\/v2\/posts"}],"about":[{"href":"https:\/\/radiorevelacionfm.cl\/index.php?rest_route=\/wp\/v2\/types\/post"}],"author":[{"embeddable":true,"href":"https:\/\/radiorevelacionfm.cl\/index.php?rest_route=\/wp\/v2\/users\/1"}],"replies":[{"embeddable":true,"href":"https:\/\/radiorevelacionfm.cl\/index.php?rest_route=%2Fwp%2Fv2%2Fcomments&post=18049"}],"version-history":[{"count":4,"href":"https:\/\/radiorevelacionfm.cl\/index.php?rest_route=\/wp\/v2\/posts\/18049\/revisions"}],"predecessor-version":[{"id":18059,"href":"https:\/\/radiorevelacionfm.cl\/index.php?rest_route=\/wp\/v2\/posts\/18049\/revisions\/18059"}],"wp:featuredmedia":[{"embeddable":true,"href":"https:\/\/radiorevelacionfm.cl\/index.php?rest_route=\/wp\/v2\/media\/18053"}],"wp:attachment":[{"href":"https:\/\/radiorevelacionfm.cl\/index.php?rest_route=%2Fwp%2Fv2%2Fmedia&parent=18049"}],"wp:term":[{"taxonomy":"category","embeddable":true,"href":"https:\/\/radiorevelacionfm.cl\/index.php?rest_route=%2Fwp%2Fv2%2Fcategories&post=18049"},{"taxonomy":"post_tag","embeddable":true,"href":"https:\/\/radiorevelacionfm.cl\/index.php?rest_route=%2Fwp%2Fv2%2Ftags&post=18049"}],"curies":[{"name":"wp","href":"https:\/\/api.w.org\/{rel}","templated":true}]}}