{"id":18043,"date":"2022-06-15T12:34:51","date_gmt":"2022-06-15T15:34:51","guid":{"rendered":"https:\/\/radiorevelacionfm.cl\/?p=18043"},"modified":"2022-06-15T12:34:51","modified_gmt":"2022-06-15T15:34:51","slug":"colegios-de-aysen-y-coyhaique-expusieron-experiencias-de-reencuentro-educativo-en-la-primera-jornada-de-convivencia-escolar-seamos-comunidad","status":"publish","type":"post","link":"https:\/\/radiorevelacionfm.cl\/?p=18043","title":{"rendered":"Colegios de Ays\u00e9n y Coyhaique expusieron experiencias de reencuentro educativo en la primera Jornada de Convivencia Escolar Seamos Comunidad"},"content":{"rendered":"<div class=\"flex_column av_one_full  flex_column_div av-zero-column-padding first  avia-builder-el-0  el_before_av_one_full  avia-builder-el-first  \" style='border-radius:0px; '><div  class='avia-image-container  av-styling-    avia-builder-el-1  avia-builder-el-no-sibling  avia-align-center '  itemprop=\"image\" itemscope=\"itemscope\" itemtype=\"https:\/\/schema.org\/ImageObject\"  ><div class='avia-image-container-inner'><div class='avia-image-overlay-wrap'><img decoding=\"async\" class='wp-image-18044 avia-img-lazy-loading-not-18044 avia_image' src=\"https:\/\/radiorevelacionfm.cl\/wp-content\/uploads\/2022\/06\/jornada4-1-2-1.jpeg\" alt='' title='jornada4 (1) (2) (1)' height=\"600\" width=\"983\"  itemprop=\"thumbnailUrl\" srcset=\"https:\/\/radiorevelacionfm.cl\/wp-content\/uploads\/2022\/06\/jornada4-1-2-1.jpeg 983w, https:\/\/radiorevelacionfm.cl\/wp-content\/uploads\/2022\/06\/jornada4-1-2-1-300x183.jpeg 300w, https:\/\/radiorevelacionfm.cl\/wp-content\/uploads\/2022\/06\/jornada4-1-2-1-768x469.jpeg 768w, https:\/\/radiorevelacionfm.cl\/wp-content\/uploads\/2022\/06\/jornada4-1-2-1-705x430.jpeg 705w, https:\/\/radiorevelacionfm.cl\/wp-content\/uploads\/2022\/06\/jornada4-1-2-1-600x366.jpeg 600w\" sizes=\"(max-width: 983px) 100vw, 983px\" \/><\/div><\/div><\/div><\/div><div class=\"flex_column av_one_full  flex_column_div av-zero-column-padding first  avia-builder-el-2  el_after_av_one_full  el_before_av_one_full  column-top-margin\" style='border-radius:0px; '><section class=\"av_textblock_section \"  itemscope=\"itemscope\" itemtype=\"https:\/\/schema.org\/BlogPosting\" itemprop=\"blogPost\" ><div class='avia_textblock  '   itemprop=\"text\" ><p style=\"text-align: center;\"><span style=\"font-size: 18pt;\"><b>Colegios de Ays\u00e9n y Coyhaique expusieron experiencias de reencuentro educativo en la primera Jornada de Convivencia Escolar Seamos Comunidad<\/b><\/span><\/p>\n<div id=\"gtx-trans\" style=\"position: absolute; left: -50px; top: 4.31534px;\">\n<div class=\"gtx-trans-icon\"><\/div>\n<\/div>\n<\/div><\/section><\/div><div class=\"flex_column av_one_full  flex_column_div av-zero-column-padding first  avia-builder-el-4  el_after_av_one_full  el_before_av_hr  column-top-margin\" style='border-radius:0px; '><section class=\"av_textblock_section \"  itemscope=\"itemscope\" itemtype=\"https:\/\/schema.org\/BlogPosting\" itemprop=\"blogPost\" ><div class='avia_textblock  '   itemprop=\"text\" ><p class=\"v1MsoNormal\" style=\"text-align: justify;\">Un fruct\u00edfero encuentro sobre Convivencia Escolar denominado Seamos Comunidad reuni\u00f3 a representantes de 20 colegios de Ays\u00e9n, Coyhaique y Cisnes el lunes 13 de junio en el Liceo Josefina Aguirre Montenegro de Coyhaique.<\/p>\n<p class=\"v1MsoNormal\" style=\"text-align: justify;\">La actividad convocada por la Secretar\u00eda Regional Ministerial de Educaci\u00f3n de Ays\u00e9n tuvo como prop\u00f3sito generar un espacio en el que los colegios compartieran sus buenas pr\u00e1cticas y experiencias como equipos multidisciplinarios, las cuales desarrollan en el contexto del reencuentro educativo. Asistieron directores, docentes y profesionales interdisciplinarios que integran los equipos de convivencia escolar.<\/p>\n<p class=\"v1MsoNormal\" style=\"text-align: justify;\">La Seremi de Educaci\u00f3n de Ays\u00e9n, Isabel Garrido Casassa valor\u00f3 positivamente la actividad. \u201cHacemos una evaluaci\u00f3n muy buena de este encuentro, cuya premisa es que las escuelas saben c\u00f3mo solucionar sus problemas, conocen mejor que nadie su realidad y por lo tanto son ellas quienes pueden con esa pertinencia, con esa mirada, dise\u00f1ar las soluciones m\u00e1s atingentes a su realidad. Esta jornada es parte de las acciones de prevenci\u00f3n que se est\u00e1n impulsando en el marco de la Pol\u00edtica de Reactivaci\u00f3n Educativa. Seamos Comunidad que present\u00f3 el Gobierno del Presidente Gabriel Boric. Junto con las acciones generales de prevenci\u00f3n estamos haciendo un an\u00e1lisis comuna por comuna para hacer un acompa\u00f1amiento especializado a los planteles que tienen mayores desaf\u00edos de convivencia escolar\u201d.<\/p>\n<p class=\"v1MsoNormal\" style=\"text-align: justify;\"><b>La experiencia de los colegios<\/b><\/p>\n<p class=\"v1MsoNormal\" style=\"text-align: justify;\">En la primera parte de la jornada expusieron sus buenas pr\u00e1cticas dos establecimientos de Coyhaique y Ays\u00e9n. La profesora Jessica Santib\u00e1\u00f1ez, encargada de Convivencia Escolar de la Escuela R\u00edo Blanco de Coyhaique resumi\u00f3 la esencia de su exposici\u00f3n.<\/p>\n<p class=\"v1MsoNormal\" style=\"text-align: justify;\">\u201cNosotros quisimos tomar un proceso de convivencia escolar a lo largo de estos \u00faltimos cinco a\u00f1os, con nuestra directora Paula Miranda y el equipo de convivencia. Partimos con un establecimiento que viv\u00eda muchos conflictos interiores, lo cual estaba plasmado en nuestro proyecto institucional. Pero con las acciones, la participaci\u00f3n, y el compromiso de los funcionarios, las capacitaciones a la encargada de convivencia, a los agentes educativos, hemos ido sobrellevando esta din\u00e1mica y hoy d\u00eda ya podemos decir que tenemos cero conflictos escolares, que tenemos instancias de participaci\u00f3n donde nuestros asistentes, nuestros funcionarios, nuestros auxiliares de servicios son garantes de derechos\u201d.<\/p>\n<p class=\"v1MsoNormal\" style=\"text-align: justify;\">La docente agreg\u00f3 que \u201cEs muy importante para nosotros que todos conozcan los protocolos de actuaci\u00f3n, se hable de instancias de participaci\u00f3n con apoderados, donde ellos son parte de las modificaciones de nuestro reglamento, son parte de la modificaci\u00f3n de los planes por normativa de formaci\u00f3n ciudadana, de sexualidad y G\u00e9nero, cierto, entonces toda esta actividad y estas acciones nos han llevado a que hoy en d\u00eda la escuela R\u00edo Blanco tenga comit\u00e9s de participaci\u00f3n donde no solo agentes educativos, sino que tambi\u00e9n parte de la comunidad y l\u00edderes comunitarios son parte de nuestro establecimiento\u201d.<\/p>\n<p class=\"v1MsoNormal\" style=\"text-align: justify;\">Por su parte, Marcos Villegas psic\u00f3logo e integrante del equipo de la Escuela Litoral Austral de Puerto Ays\u00e9n se refiri\u00f3 al trabajo que desarrollaron para atender la situaci\u00f3n de convivencia escolar durante el per\u00edodo de confinamiento, en este caso durante el segundo semestre, especialmente del 2021.<\/p>\n<p class=\"v1MsoNormal\" style=\"text-align: justify;\">\u201cPudimos implementar una serie de acciones para llegar a los estudiantes que estaban en sus casas trabajando en la modalidad online y luego tambi\u00e9n apoyar la labor docente en las distintas actividades que fueron las que expusimos en la presente presentaci\u00f3n. En el retorno a clases presenciales nos hemos encontrado con distintas dificultades\u00a0 en el ajuste de la din\u00e1mica escolar de los estudiantes y profesores. El enfrentarnos a estas dificultades nos ha llevado a anticipar ciertas situaciones y hacer una mejor ejecuci\u00f3n de nuestros planes de trabajo para no solo abordar los conflictos desde la contenci\u00f3n\u00a0 sino que asumir un rol formativo y preventivo de conflictos al interior de nuestra escuela\u201d, detall\u00f3 el profesional.<\/p>\n<p class=\"v1MsoNormal\" style=\"text-align: justify;\">En la segunda parte se sum\u00f3 el intersector para exponer la oferta de planes y programas con las que llegan a los colegios. Expusieron representantes de la Seremi de Salud, Injuv, Senda, y Servicio Mejor Ni\u00f1ez.<\/p>\n<p class=\"v1MsoNormal\" style=\"text-align: justify;\">Al cierre del encuentro Seamos Comunidad los participantes levantaron conclusiones, propusieron acciones a realizar y se gener\u00f3 el compromiso de seguir articulando una red colaborativa de trabajo entre establecimientos para potenciar la convivencia escolar como un eje central de la gesti\u00f3n educativa.<\/p>\n<p class=\"v1MsoNormal\" style=\"text-align: justify;\">\u201cLa idea es ir fortaleciendo esa red de intercambio porque esas ideas son las que al final se pueden transformar en acciones concretas dentro de las escuelas. As\u00ed que realmente nos dej\u00f3 muy contentos y lo m\u00e1s importante es que se enmarca en una mirada m\u00e1s amplia\u201d, expres\u00f3 la seremi de Educaci\u00f3n.<\/p>\n<\/div><\/section><\/div><div  style='height:50px' class='hr hr-invisible   avia-builder-el-6  el_after_av_one_full  el_before_av_social_share '><span class='hr-inner ' ><span class='hr-inner-style'><\/span><\/span><\/div><\/p>\n<div  class='av-social-sharing-box  avia-builder-el-7  el_after_av_hr  el_before_av_hr  '><div class='av-share-box'><h5 class='av-share-link-description av-no-toc '>Compartir esta noticia<\/h5><ul class='av-share-box-list noLightbox'><li class='av-share-link av-social-link-facebook' ><a target=\"_blank\" aria-label=\"Compartir en Facebook\" href='https:\/\/www.facebook.com\/sharer.php?u=https:\/\/radiorevelacionfm.cl\/?p=18043&#038;t=Colegios%20de%20Ays%C3%A9n%20y%20Coyhaique%20expusieron%20experiencias%20de%20reencuentro%20educativo%20en%20la%20primera%20Jornada%20de%20Convivencia%20Escolar%20Seamos%20Comunidad' aria-hidden='false' data-av_icon='\ue8f3' data-av_iconfont='entypo-fontello' title='' data-avia-related-tooltip='Compartir en Facebook' rel=\"noopener\"><span class='avia_hidden_link_text'>Compartir en Facebook<\/span><\/a><\/li><li class='av-share-link av-social-link-twitter' ><a target=\"_blank\" aria-label=\"Compartir en Twitter\" href='https:\/\/twitter.com\/share?text=Colegios%20de%20Ays%C3%A9n%20y%20Coyhaique%20expusieron%20experiencias%20de%20reencuentro%20educativo%20en%20la%20primera%20Jornada%20de%20Convivencia%20Escolar%20Seamos%20Comunidad&#038;url=https:\/\/radiorevelacionfm.cl\/?p=18043' aria-hidden='false' data-av_icon='\ue8f1' data-av_iconfont='entypo-fontello' title='' data-avia-related-tooltip='Compartir en Twitter' rel=\"noopener\"><span class='avia_hidden_link_text'>Compartir en Twitter<\/span><\/a><\/li><li class='av-share-link av-social-link-whatsapp' ><a target=\"_blank\" aria-label=\"Compartir en Whatsapp\" href='https:\/\/api.whatsapp.com\/send?text=https:\/\/radiorevelacionfm.cl\/?p=18043' aria-hidden='false' data-av_icon='\uf232' data-av_iconfont='entypo-fontello' title='' data-avia-related-tooltip='Compartir en Whatsapp' rel=\"noopener\"><span class='avia_hidden_link_text'>Compartir en Whatsapp<\/span><\/a><\/li><li class='av-share-link av-social-link-linkedin' ><a target=\"_blank\" aria-label=\"Compartir en LinkedIn\" href='https:\/\/linkedin.com\/shareArticle?mini=true&#038;title=Colegios%20de%20Ays%C3%A9n%20y%20Coyhaique%20expusieron%20experiencias%20de%20reencuentro%20educativo%20en%20la%20primera%20Jornada%20de%20Convivencia%20Escolar%20Seamos%20Comunidad&#038;url=https:\/\/radiorevelacionfm.cl\/?p=18043' aria-hidden='false' data-av_icon='\ue8fc' data-av_iconfont='entypo-fontello' title='' data-avia-related-tooltip='Compartir en LinkedIn' rel=\"noopener\"><span class='avia_hidden_link_text'>Compartir en LinkedIn<\/span><\/a><\/li><li class='av-share-link av-social-link-mail' ><a  aria-label=\"Compartir por correo\" href='mailto:?subject=Colegios%20de%20Ays%C3%A9n%20y%20Coyhaique%20expusieron%20experiencias%20de%20reencuentro%20educativo%20en%20la%20primera%20Jornada%20de%20Convivencia%20Escolar%20Seamos%20Comunidad&#038;body=https:\/\/radiorevelacionfm.cl\/?p=18043' aria-hidden='false' data-av_icon='\ue805' data-av_iconfont='entypo-fontello' title='' data-avia-related-tooltip='Compartir por correo'><span class='avia_hidden_link_text'>Compartir por correo<\/span><\/a><\/li><\/ul><\/div><\/div>\n<div  style='height:50px' class='hr hr-invisible   avia-builder-el-8  el_after_av_social_share  el_before_av_comments_list '><span class='hr-inner ' ><span class='hr-inner-style'><\/span><\/span><\/div>\n<div  class='av-buildercomment  av-blog-meta-html-info-disabled av-blog-meta-tag-disabled  '><\/div>\n","protected":false},"excerpt":{"rendered":"","protected":false},"author":1,"featured_media":18044,"comment_status":"open","ping_status":"open","sticky":false,"template":"","format":"standard","meta":{"footnotes":""},"categories":[49],"tags":[],"class_list":["post-18043","post","type-post","status-publish","format-standard","has-post-thumbnail","hentry","category-educacion"],"jetpack_featured_media_url":"https:\/\/radiorevelacionfm.cl\/wp-content\/uploads\/2022\/06\/jornada4-1-2-1.jpeg","_links":{"self":[{"href":"https:\/\/radiorevelacionfm.cl\/index.php?rest_route=\/wp\/v2\/posts\/18043","targetHints":{"allow":["GET"]}}],"collection":[{"href":"https:\/\/radiorevelacionfm.cl\/index.php?rest_route=\/wp\/v2\/posts"}],"about":[{"href":"https:\/\/radiorevelacionfm.cl\/index.php?rest_route=\/wp\/v2\/types\/post"}],"author":[{"embeddable":true,"href":"https:\/\/radiorevelacionfm.cl\/index.php?rest_route=\/wp\/v2\/users\/1"}],"replies":[{"embeddable":true,"href":"https:\/\/radiorevelacionfm.cl\/index.php?rest_route=%2Fwp%2Fv2%2Fcomments&post=18043"}],"version-history":[{"count":2,"href":"https:\/\/radiorevelacionfm.cl\/index.php?rest_route=\/wp\/v2\/posts\/18043\/revisions"}],"predecessor-version":[{"id":18048,"href":"https:\/\/radiorevelacionfm.cl\/index.php?rest_route=\/wp\/v2\/posts\/18043\/revisions\/18048"}],"wp:featuredmedia":[{"embeddable":true,"href":"https:\/\/radiorevelacionfm.cl\/index.php?rest_route=\/wp\/v2\/media\/18044"}],"wp:attachment":[{"href":"https:\/\/radiorevelacionfm.cl\/index.php?rest_route=%2Fwp%2Fv2%2Fmedia&parent=18043"}],"wp:term":[{"taxonomy":"category","embeddable":true,"href":"https:\/\/radiorevelacionfm.cl\/index.php?rest_route=%2Fwp%2Fv2%2Fcategories&post=18043"},{"taxonomy":"post_tag","embeddable":true,"href":"https:\/\/radiorevelacionfm.cl\/index.php?rest_route=%2Fwp%2Fv2%2Ftags&post=18043"}],"curies":[{"name":"wp","href":"https:\/\/api.w.org\/{rel}","templated":true}]}}