{"id":18031,"date":"2022-06-15T10:52:34","date_gmt":"2022-06-15T13:52:34","guid":{"rendered":"https:\/\/radiorevelacionfm.cl\/?p=18031"},"modified":"2022-06-15T10:52:34","modified_gmt":"2022-06-15T13:52:34","slug":"ampliaran-programa-de-esterilizacion-en-animales-domesticos-en-la-comuna-de-aysen","status":"publish","type":"post","link":"https:\/\/radiorevelacionfm.cl\/?p=18031","title":{"rendered":"Ampliar\u00e1n programa de esterilizaci\u00f3n en animales dom\u00e9sticos en la comuna de Ays\u00e9n"},"content":{"rendered":"<div class=\"flex_column av_one_full  flex_column_div av-zero-column-padding first  avia-builder-el-0  el_before_av_one_full  avia-builder-el-first  \" style='border-radius:0px; '><div  class='avia-image-container  av-styling-    avia-builder-el-1  avia-builder-el-no-sibling  avia-align-center '  itemprop=\"image\" itemscope=\"itemscope\" itemtype=\"https:\/\/schema.org\/ImageObject\"  ><div class='avia-image-container-inner'><div class='avia-image-overlay-wrap'><img decoding=\"async\" class='wp-image-18032 avia-img-lazy-loading-not-18032 avia_image' src=\"https:\/\/radiorevelacionfm.cl\/wp-content\/uploads\/2022\/06\/Img-subdere-muniaysen2-1-1.jpg\" alt='' title='Img-subdere-muniaysen2 (1) (1)' height=\"600\" width=\"801\"  itemprop=\"thumbnailUrl\" srcset=\"https:\/\/radiorevelacionfm.cl\/wp-content\/uploads\/2022\/06\/Img-subdere-muniaysen2-1-1.jpg 801w, https:\/\/radiorevelacionfm.cl\/wp-content\/uploads\/2022\/06\/Img-subdere-muniaysen2-1-1-300x225.jpg 300w, https:\/\/radiorevelacionfm.cl\/wp-content\/uploads\/2022\/06\/Img-subdere-muniaysen2-1-1-768x575.jpg 768w, https:\/\/radiorevelacionfm.cl\/wp-content\/uploads\/2022\/06\/Img-subdere-muniaysen2-1-1-705x528.jpg 705w, https:\/\/radiorevelacionfm.cl\/wp-content\/uploads\/2022\/06\/Img-subdere-muniaysen2-1-1-600x449.jpg 600w\" sizes=\"(max-width: 801px) 100vw, 801px\" \/><\/div><\/div><\/div><\/div><div class=\"flex_column av_one_full  flex_column_div av-zero-column-padding first  avia-builder-el-2  el_after_av_one_full  el_before_av_one_full  column-top-margin\" style='border-radius:0px; '><section class=\"av_textblock_section \"  itemscope=\"itemscope\" itemtype=\"https:\/\/schema.org\/BlogPosting\" itemprop=\"blogPost\" ><div class='avia_textblock  '   itemprop=\"text\" ><p style=\"text-align: center;\"><strong><span style=\"font-size: 18pt;\">Ampliar\u00e1n programa de esterilizaci\u00f3n en animales dom\u00e9sticos en la comuna de Ays\u00e9n<\/span><\/strong><\/p>\n<div id=\"gtx-trans\" style=\"position: absolute; left: -50px; top: 4.31534px;\">\n<div class=\"gtx-trans-icon\"><\/div>\n<\/div>\n<\/div><\/section><\/div><div class=\"flex_column av_one_full  flex_column_div av-zero-column-padding first  avia-builder-el-4  el_after_av_one_full  el_before_av_hr  column-top-margin\" style='border-radius:0px; '><section class=\"av_textblock_section \"  itemscope=\"itemscope\" itemtype=\"https:\/\/schema.org\/BlogPosting\" itemprop=\"blogPost\" ><div class='avia_textblock  '   itemprop=\"text\" ><p style=\"text-align: justify;\">Desde el Palacio de La Moneda, el alcalde Julio Uribe Alvarado, abord\u00f3 con el Subsecretario de Desarrollo Regional y Administrativo (Subdere), Miguel Crispi Serrano, diversas materias atingentes a la realidad que presenta la comuna porte\u00f1a. En este sentido, adem\u00e1s de comentar las rendiciones que se encuentran pendientes desde el 2010 en el municipio, la primera autoridad consigui\u00f3 ampliar los recursos para el programa de Tenencia Responsable de Mascotas con el fin de aumentar las prestaciones de esterilizaci\u00f3n en la comuna, esto respondiendo a una de las demandas m\u00e1s sentidas de salud p\u00fablica que presentan los vecinos y vecinas en el territorio. As\u00ed como tambi\u00e9n, tem\u00e1ticas de vivienda y mejoramiento urbano.<\/p>\n<p style=\"text-align: justify;\">Al respecto, el l\u00edder comunal tras finalizar la jornada y desde el Patio de Los Naranjos enfatiz\u00f3 que \u201cnos vamos muy contentos, el subsecretario ha podido escuchar nuestras diferentes demandas entre las cuales se involucraba un proyecto de asistencia t\u00e9cnica para colaborar en la construcci\u00f3n de los proyectos de vivienda, tambi\u00e9n un proyecto de la tenencia responsable de mascotas que se financiar\u00eda la brevedad, de igual manera, nuestros proyectos que tenemos con rendiciones antiguas desde el 2010 que existen con observaci\u00f3n y bueno, pudimos abordar todas estas materias\u201d.<\/p>\n<p style=\"text-align: justify;\">A rengl\u00f3n seguido, acu\u00f1\u00f3 que \u201crevisamos tambi\u00e9n el financiamiento de PMU para el arreglo de una parte de la infraestructura del Polideportivo. Por lo tanto, estamos muy contentos del trabajo que estamos haciendo, estuvimos con V\u00edctor Godoy, viendo el tema de las rendiciones antiguas y nos vamos como siempre llenos de satisfacci\u00f3n por hacer un Ays\u00e9n mejor y nos vamos con lucas en los bolsillos para nuestra comunidad de proyectos que nuestro departamento de Planificaci\u00f3n ingres\u00f3 anteriormente y que hoy conseguimos los recursos para que sean financiados y puedan entrar en ejecuci\u00f3n\u201d, explic\u00f3 el alcalde Uribe.<\/p>\n<p style=\"text-align: justify;\">Finalmente, el Subsecretario de Desarrollo Regional y Administrativo, Miguel Crispi Serrano, detall\u00f3 que \u201cestamos con el alcalde Uribe, quien viaj\u00f3 hasta Santiago para poder conversar respecto a la inversi\u00f3n que vamos a hacer en Ays\u00e9n\u201d, a\u00f1adiendo que es necesario unificar el pa\u00eds para que todos puedan ser escuchados desde las regiones. Sin embargo, hizo hincapi\u00e9 en que se aprob\u00f3 una ampliaci\u00f3n de recursos para fortalecer la tenencia responsable a trav\u00e9s de la esterilizaci\u00f3n de mascotas asignando para ello 28 millones de pesos, \u201clo que es efectivamente un gran problema sanitario y que necesitamos como Estado hacernos cargo de esta realidad\u201d, sentenci\u00f3 el personero de Gobierno.<\/p>\n<\/div><\/section><\/div><div  style='height:50px' class='hr hr-invisible   avia-builder-el-6  el_after_av_one_full  el_before_av_social_share '><span class='hr-inner ' ><span class='hr-inner-style'><\/span><\/span><\/div><\/p>\n<div  class='av-social-sharing-box  avia-builder-el-7  el_after_av_hr  el_before_av_hr  '><div class='av-share-box'><h5 class='av-share-link-description av-no-toc '>Compartir esta noticia<\/h5><ul class='av-share-box-list noLightbox'><li class='av-share-link av-social-link-facebook' ><a target=\"_blank\" aria-label=\"Compartir en Facebook\" href='https:\/\/www.facebook.com\/sharer.php?u=https:\/\/radiorevelacionfm.cl\/?p=18031&#038;t=Ampliar%C3%A1n%20programa%20de%20esterilizaci%C3%B3n%20en%20animales%20dom%C3%A9sticos%20en%20la%20comuna%20de%20Ays%C3%A9n' aria-hidden='false' data-av_icon='\ue8f3' data-av_iconfont='entypo-fontello' title='' data-avia-related-tooltip='Compartir en Facebook' rel=\"noopener\"><span class='avia_hidden_link_text'>Compartir en Facebook<\/span><\/a><\/li><li class='av-share-link av-social-link-twitter' ><a target=\"_blank\" aria-label=\"Compartir en Twitter\" href='https:\/\/twitter.com\/share?text=Ampliar%C3%A1n%20programa%20de%20esterilizaci%C3%B3n%20en%20animales%20dom%C3%A9sticos%20en%20la%20comuna%20de%20Ays%C3%A9n&#038;url=https:\/\/radiorevelacionfm.cl\/?p=18031' aria-hidden='false' data-av_icon='\ue8f1' data-av_iconfont='entypo-fontello' title='' data-avia-related-tooltip='Compartir en Twitter' rel=\"noopener\"><span class='avia_hidden_link_text'>Compartir en Twitter<\/span><\/a><\/li><li class='av-share-link av-social-link-whatsapp' ><a target=\"_blank\" aria-label=\"Compartir en Whatsapp\" href='https:\/\/api.whatsapp.com\/send?text=https:\/\/radiorevelacionfm.cl\/?p=18031' aria-hidden='false' data-av_icon='\uf232' data-av_iconfont='entypo-fontello' title='' data-avia-related-tooltip='Compartir en Whatsapp' rel=\"noopener\"><span class='avia_hidden_link_text'>Compartir en Whatsapp<\/span><\/a><\/li><li class='av-share-link av-social-link-linkedin' ><a target=\"_blank\" aria-label=\"Compartir en LinkedIn\" href='https:\/\/linkedin.com\/shareArticle?mini=true&#038;title=Ampliar%C3%A1n%20programa%20de%20esterilizaci%C3%B3n%20en%20animales%20dom%C3%A9sticos%20en%20la%20comuna%20de%20Ays%C3%A9n&#038;url=https:\/\/radiorevelacionfm.cl\/?p=18031' aria-hidden='false' data-av_icon='\ue8fc' data-av_iconfont='entypo-fontello' title='' data-avia-related-tooltip='Compartir en LinkedIn' rel=\"noopener\"><span class='avia_hidden_link_text'>Compartir en LinkedIn<\/span><\/a><\/li><li class='av-share-link av-social-link-mail' ><a  aria-label=\"Compartir por correo\" href='mailto:?subject=Ampliar%C3%A1n%20programa%20de%20esterilizaci%C3%B3n%20en%20animales%20dom%C3%A9sticos%20en%20la%20comuna%20de%20Ays%C3%A9n&#038;body=https:\/\/radiorevelacionfm.cl\/?p=18031' aria-hidden='false' data-av_icon='\ue805' data-av_iconfont='entypo-fontello' title='' data-avia-related-tooltip='Compartir por correo'><span class='avia_hidden_link_text'>Compartir por correo<\/span><\/a><\/li><\/ul><\/div><\/div>\n<div  style='height:50px' class='hr hr-invisible   avia-builder-el-8  el_after_av_social_share  el_before_av_comments_list '><span class='hr-inner ' ><span class='hr-inner-style'><\/span><\/span><\/div>\n<div  class='av-buildercomment  av-blog-meta-html-info-disabled av-blog-meta-tag-disabled  '><\/div>\n","protected":false},"excerpt":{"rendered":"","protected":false},"author":1,"featured_media":18032,"comment_status":"open","ping_status":"open","sticky":false,"template":"","format":"standard","meta":{"footnotes":""},"categories":[38],"tags":[],"class_list":["post-18031","post","type-post","status-publish","format-standard","has-post-thumbnail","hentry","category-regional"],"jetpack_featured_media_url":"https:\/\/radiorevelacionfm.cl\/wp-content\/uploads\/2022\/06\/Img-subdere-muniaysen2-1-1.jpg","_links":{"self":[{"href":"https:\/\/radiorevelacionfm.cl\/index.php?rest_route=\/wp\/v2\/posts\/18031","targetHints":{"allow":["GET"]}}],"collection":[{"href":"https:\/\/radiorevelacionfm.cl\/index.php?rest_route=\/wp\/v2\/posts"}],"about":[{"href":"https:\/\/radiorevelacionfm.cl\/index.php?rest_route=\/wp\/v2\/types\/post"}],"author":[{"embeddable":true,"href":"https:\/\/radiorevelacionfm.cl\/index.php?rest_route=\/wp\/v2\/users\/1"}],"replies":[{"embeddable":true,"href":"https:\/\/radiorevelacionfm.cl\/index.php?rest_route=%2Fwp%2Fv2%2Fcomments&post=18031"}],"version-history":[{"count":2,"href":"https:\/\/radiorevelacionfm.cl\/index.php?rest_route=\/wp\/v2\/posts\/18031\/revisions"}],"predecessor-version":[{"id":18040,"href":"https:\/\/radiorevelacionfm.cl\/index.php?rest_route=\/wp\/v2\/posts\/18031\/revisions\/18040"}],"wp:featuredmedia":[{"embeddable":true,"href":"https:\/\/radiorevelacionfm.cl\/index.php?rest_route=\/wp\/v2\/media\/18032"}],"wp:attachment":[{"href":"https:\/\/radiorevelacionfm.cl\/index.php?rest_route=%2Fwp%2Fv2%2Fmedia&parent=18031"}],"wp:term":[{"taxonomy":"category","embeddable":true,"href":"https:\/\/radiorevelacionfm.cl\/index.php?rest_route=%2Fwp%2Fv2%2Fcategories&post=18031"},{"taxonomy":"post_tag","embeddable":true,"href":"https:\/\/radiorevelacionfm.cl\/index.php?rest_route=%2Fwp%2Fv2%2Ftags&post=18031"}],"curies":[{"name":"wp","href":"https:\/\/api.w.org\/{rel}","templated":true}]}}