{"id":18024,"date":"2022-06-15T10:38:29","date_gmt":"2022-06-15T13:38:29","guid":{"rendered":"https:\/\/radiorevelacionfm.cl\/?p=18024"},"modified":"2022-06-15T10:38:29","modified_gmt":"2022-06-15T13:38:29","slug":"refuerzan-medidas-preventivas-en-salud-ante-contingencia-invernal","status":"publish","type":"post","link":"https:\/\/radiorevelacionfm.cl\/?p=18024","title":{"rendered":"Refuerzan medidas preventivas en salud ante contingencia invernal"},"content":{"rendered":"<div class=\"flex_column av_one_full  flex_column_div av-zero-column-padding first  avia-builder-el-0  el_before_av_one_full  avia-builder-el-first  \" style='border-radius:0px; '><div  class='avia-image-container  av-styling-    avia-builder-el-1  avia-builder-el-no-sibling  avia-align-center '  itemprop=\"image\" itemscope=\"itemscope\" itemtype=\"https:\/\/schema.org\/ImageObject\"  ><div class='avia-image-container-inner'><div class='avia-image-overlay-wrap'><img decoding=\"async\" class='wp-image-18025 avia-img-lazy-loading-not-18025 avia_image' src=\"https:\/\/radiorevelacionfm.cl\/wp-content\/uploads\/2022\/06\/atencion-de-salud-1-1.jpg\" alt='' title='atenci\u00f3n de salud (1) (1)' height=\"600\" width=\"801\"  itemprop=\"thumbnailUrl\" srcset=\"https:\/\/radiorevelacionfm.cl\/wp-content\/uploads\/2022\/06\/atencion-de-salud-1-1.jpg 801w, https:\/\/radiorevelacionfm.cl\/wp-content\/uploads\/2022\/06\/atencion-de-salud-1-1-300x225.jpg 300w, https:\/\/radiorevelacionfm.cl\/wp-content\/uploads\/2022\/06\/atencion-de-salud-1-1-768x575.jpg 768w, https:\/\/radiorevelacionfm.cl\/wp-content\/uploads\/2022\/06\/atencion-de-salud-1-1-705x528.jpg 705w, https:\/\/radiorevelacionfm.cl\/wp-content\/uploads\/2022\/06\/atencion-de-salud-1-1-600x449.jpg 600w\" sizes=\"(max-width: 801px) 100vw, 801px\" \/><\/div><\/div><\/div><\/div><div class=\"flex_column av_one_full  flex_column_div av-zero-column-padding first  avia-builder-el-2  el_after_av_one_full  el_before_av_one_full  column-top-margin\" style='border-radius:0px; '><section class=\"av_textblock_section \"  itemscope=\"itemscope\" itemtype=\"https:\/\/schema.org\/BlogPosting\" itemprop=\"blogPost\" ><div class='avia_textblock  '   itemprop=\"text\" ><p style=\"text-align: center;\"><strong><span style=\"font-size: 18pt;\">Refuerzan medidas preventivas en salud ante contingencia invernal <\/span><\/strong><\/p>\n<div id=\"gtx-trans\" style=\"position: absolute; left: -50px; top: 4.31534px;\">\n<div class=\"gtx-trans-icon\"><\/div>\n<\/div>\n<\/div><\/section><\/div><div class=\"flex_column av_one_full  flex_column_div av-zero-column-padding first  avia-builder-el-4  el_after_av_one_full  el_before_av_hr  column-top-margin\" style='border-radius:0px; '><section class=\"av_textblock_section \"  itemscope=\"itemscope\" itemtype=\"https:\/\/schema.org\/BlogPosting\" itemprop=\"blogPost\" ><div class='avia_textblock  '   itemprop=\"text\" ><p style=\"text-align: justify;\">Hasta el Centro de Salud Familiar (CESFAM) Alejandro Guti\u00e9rrez, se trasladaron autoridades regionales encabezadas por el Delegado Presidencial Rodrigo Araya, quien junto a autoridades de salud, reforzaron las acciones preventivas con miras a la llegada del invierno y las enfermedades asociadas a las bajas temperaturas, como los cuadros respiratorios que afectan principalmente a ni\u00f1os y adultos mayores.<\/p>\n<p style=\"text-align: justify;\">El Delegado Presidencial Regional, Rodrigo Araya, abord\u00f3 parte de los objetivos de este Plan de Contingencia Invernal.\u00a0 \u201cEn este plan est\u00e1n todas las actividades que se est\u00e1n desarrollando en la red asistencial para poder atender adecuadamente a las familias, desde los ni\u00f1os a los adultos mayores, quienes en estas fechas de invierno est\u00e1n m\u00e1s expuestos a la circulaci\u00f3n de varios virus, no solamente el COVID, sino que tenemos mucha casu\u00edstica de virus Influenza, virus Parainfluenza, estamos en una situaci\u00f3n de invierno donde aumentan la incidencia de estos casos, por lo tanto, estamos reforzando las indicaciones para que se cuiden, y en los d\u00edas de emergencia utilicen la mascarilla, mantengan medidas de higiene como el lavado de manos y acudir oportunamente a los centros de salud ante cualquier s\u00edntoma de enfermedad respiratoria\u201d.<\/p>\n<p style=\"text-align: justify;\">En este contexto, la Seremi de Salud, Carmen Monsalve, hizo extensivo el llamado a \u00a0mantener medidas preventivas de autocuidado.\u00a0 \u201cEl uso de la mascarilla en episodios cr\u00edticos, en ambientes abiertos, es una recomendaci\u00f3n desde Salud P\u00fablica que tiene un impacto favorable para evitar la complejizaci\u00f3n de los cuadros de base.\u00a0 Tambi\u00e9n debo ser enf\u00e1tica en que desde el nivel central y del Gobierno, el llamado es claro para poder avanzar en coberturas de vacunaci\u00f3n, hoy respecto de vacunaci\u00f3n influenza a\u00fan no llegamos a una cobertura ideal, tenemos bajas coberturas en embarazadas y adultos mayores que son un sector de la poblaci\u00f3n vulnerable. Todos estos son factores de riesgo que se van potenciando frente a una situaci\u00f3n de contingencia invernal, donde el llamado tambi\u00e9n es hacer uso responsable de nuestra red asistencial\u201d.<\/p>\n<p style=\"text-align: justify;\">Frente al uso de la red de salud, fue el Director del Servicio de Salud Ays\u00e9n, Gabriel Burgos, quien abord\u00f3 la situaci\u00f3n de los centros de la red asistencial de salud. \u201cLa red asistencial se est\u00e1 preparando en cada uno de los puntos de la regi\u00f3n, donde hay un dispositivo, existe una coordinaci\u00f3n semanal. Hay recursos de la contingencia invernal para tener este apoyo en esta situaci\u00f3n compleja que se avecina. En los \u00faltimos d\u00edas hay una gran alza de asistencias, en ese sentido destacar que el 80% de ellas son C4 o C5, es decir, personas leves y por eso se demora la atenci\u00f3n, porque se priorizan casos complejos.\u00a0 Hemos tenido la estrategia de potenciar los SAPU, que cuenta con dos m\u00e9dicos desde las 18:00 horas adelante, estamos pensando en fortalecer tambi\u00e9n el CESFAM y SAPU V\u00edctor Domingo Silva para tener mayor cantidad de atenciones m\u00e9dicas, y descongestionar el hospital regional,\u201d puntualiz\u00f3.<\/p>\n<p style=\"text-align: justify;\">Asimismo, el Seremi de Medio Ambiente, Juli\u00e1n C\u00e1rdenas, entreg\u00f3 recomendaciones a la comunidad frente a los episodios cr\u00edticos por calidad del aire que se han producido en la capital regional. \u201cA las y los vecinos de Coyhaique les recuerdo que este invierno ha sido particularmente adverso, con poca ventilaci\u00f3n y muy bajas temperaturas, por lo cual ya hemos constatado 25 episodios cr\u00edticos en lo que va del a\u00f1o, por lo mismo, es importante reforzar las medidas del Plan de Descontaminaci\u00f3n Atmosf\u00e9rica de nuestra ciudad, tales como preferir, en la medida de lo posible, combustibles distintos a la le\u00f1a para calefaccionarse, y si van a utilizar le\u00f1a, recordar que esta debe ser seca, mantener el tiraje lo m\u00e1s abierto posible, realizar una limpieza de ca\u00f1os con la mayor frecuencia que puedan, hacer ventilaci\u00f3n de las viviendas al menos una vez al d\u00eda, y en el caso de realizar actividades f\u00edsicas, que estas sean de baja intensidad, juntas y juntos, descontaminamos nuestra regi\u00f3n\u201d.<\/p>\n<p style=\"text-align: justify;\">Finalmente, cabe mencionar que todas las autoridades recalcaron la importancia de reforzar la vacunaci\u00f3n contra el COVID-19 e Influenza especialmente en los grupos de ni\u00f1os, mujeres embarazadas y adultos mayores.\u00a0 En el caso de Coyhaique, el punto de vacunaci\u00f3n masivo es el auditorio del MOP (lunes a viernes, 09:30 a 16:00hrs); y en Puerto Ays\u00e9n, la Casa de la Cultura (lunes a jueves de 09:30 a 12:00hrs. \/\/ 14:30 a 16hrs. \/\/ viernes en horario de 09:30 a 12:00hrs.)<\/p>\n<\/div><\/section><\/div><div  style='height:50px' class='hr hr-invisible   avia-builder-el-6  el_after_av_one_full  el_before_av_social_share '><span class='hr-inner ' ><span class='hr-inner-style'><\/span><\/span><\/div><\/p>\n<div  class='av-social-sharing-box  avia-builder-el-7  el_after_av_hr  el_before_av_hr  '><div class='av-share-box'><h5 class='av-share-link-description av-no-toc '>Compartir esta noticia<\/h5><ul class='av-share-box-list noLightbox'><li class='av-share-link av-social-link-facebook' ><a target=\"_blank\" aria-label=\"Compartir en Facebook\" href='https:\/\/www.facebook.com\/sharer.php?u=https:\/\/radiorevelacionfm.cl\/?p=18024&#038;t=Refuerzan%20medidas%20preventivas%20en%20salud%20ante%20contingencia%20invernal' aria-hidden='false' data-av_icon='\ue8f3' data-av_iconfont='entypo-fontello' title='' data-avia-related-tooltip='Compartir en Facebook' rel=\"noopener\"><span class='avia_hidden_link_text'>Compartir en Facebook<\/span><\/a><\/li><li class='av-share-link av-social-link-twitter' ><a target=\"_blank\" aria-label=\"Compartir en Twitter\" href='https:\/\/twitter.com\/share?text=Refuerzan%20medidas%20preventivas%20en%20salud%20ante%20contingencia%20invernal&#038;url=https:\/\/radiorevelacionfm.cl\/?p=18024' aria-hidden='false' data-av_icon='\ue8f1' data-av_iconfont='entypo-fontello' title='' data-avia-related-tooltip='Compartir en Twitter' rel=\"noopener\"><span class='avia_hidden_link_text'>Compartir en Twitter<\/span><\/a><\/li><li class='av-share-link av-social-link-whatsapp' ><a target=\"_blank\" aria-label=\"Compartir en Whatsapp\" href='https:\/\/api.whatsapp.com\/send?text=https:\/\/radiorevelacionfm.cl\/?p=18024' aria-hidden='false' data-av_icon='\uf232' data-av_iconfont='entypo-fontello' title='' data-avia-related-tooltip='Compartir en Whatsapp' rel=\"noopener\"><span class='avia_hidden_link_text'>Compartir en Whatsapp<\/span><\/a><\/li><li class='av-share-link av-social-link-linkedin' ><a target=\"_blank\" aria-label=\"Compartir en LinkedIn\" href='https:\/\/linkedin.com\/shareArticle?mini=true&#038;title=Refuerzan%20medidas%20preventivas%20en%20salud%20ante%20contingencia%20invernal&#038;url=https:\/\/radiorevelacionfm.cl\/?p=18024' aria-hidden='false' data-av_icon='\ue8fc' data-av_iconfont='entypo-fontello' title='' data-avia-related-tooltip='Compartir en LinkedIn' rel=\"noopener\"><span class='avia_hidden_link_text'>Compartir en LinkedIn<\/span><\/a><\/li><li class='av-share-link av-social-link-mail' ><a  aria-label=\"Compartir por correo\" href='mailto:?subject=Refuerzan%20medidas%20preventivas%20en%20salud%20ante%20contingencia%20invernal&#038;body=https:\/\/radiorevelacionfm.cl\/?p=18024' aria-hidden='false' data-av_icon='\ue805' data-av_iconfont='entypo-fontello' title='' data-avia-related-tooltip='Compartir por correo'><span class='avia_hidden_link_text'>Compartir por correo<\/span><\/a><\/li><\/ul><\/div><\/div>\n<div  style='height:50px' class='hr hr-invisible   avia-builder-el-8  el_after_av_social_share  el_before_av_comments_list '><span class='hr-inner ' ><span class='hr-inner-style'><\/span><\/span><\/div>\n<div  class='av-buildercomment  av-blog-meta-html-info-disabled av-blog-meta-tag-disabled  '><\/div>\n","protected":false},"excerpt":{"rendered":"","protected":false},"author":1,"featured_media":18025,"comment_status":"open","ping_status":"open","sticky":false,"template":"","format":"standard","meta":{"footnotes":""},"categories":[46],"tags":[],"class_list":["post-18024","post","type-post","status-publish","format-standard","has-post-thumbnail","hentry","category-salud"],"jetpack_featured_media_url":"https:\/\/radiorevelacionfm.cl\/wp-content\/uploads\/2022\/06\/atencion-de-salud-1-1.jpg","_links":{"self":[{"href":"https:\/\/radiorevelacionfm.cl\/index.php?rest_route=\/wp\/v2\/posts\/18024","targetHints":{"allow":["GET"]}}],"collection":[{"href":"https:\/\/radiorevelacionfm.cl\/index.php?rest_route=\/wp\/v2\/posts"}],"about":[{"href":"https:\/\/radiorevelacionfm.cl\/index.php?rest_route=\/wp\/v2\/types\/post"}],"author":[{"embeddable":true,"href":"https:\/\/radiorevelacionfm.cl\/index.php?rest_route=\/wp\/v2\/users\/1"}],"replies":[{"embeddable":true,"href":"https:\/\/radiorevelacionfm.cl\/index.php?rest_route=%2Fwp%2Fv2%2Fcomments&post=18024"}],"version-history":[{"count":2,"href":"https:\/\/radiorevelacionfm.cl\/index.php?rest_route=\/wp\/v2\/posts\/18024\/revisions"}],"predecessor-version":[{"id":18039,"href":"https:\/\/radiorevelacionfm.cl\/index.php?rest_route=\/wp\/v2\/posts\/18024\/revisions\/18039"}],"wp:featuredmedia":[{"embeddable":true,"href":"https:\/\/radiorevelacionfm.cl\/index.php?rest_route=\/wp\/v2\/media\/18025"}],"wp:attachment":[{"href":"https:\/\/radiorevelacionfm.cl\/index.php?rest_route=%2Fwp%2Fv2%2Fmedia&parent=18024"}],"wp:term":[{"taxonomy":"category","embeddable":true,"href":"https:\/\/radiorevelacionfm.cl\/index.php?rest_route=%2Fwp%2Fv2%2Fcategories&post=18024"},{"taxonomy":"post_tag","embeddable":true,"href":"https:\/\/radiorevelacionfm.cl\/index.php?rest_route=%2Fwp%2Fv2%2Ftags&post=18024"}],"curies":[{"name":"wp","href":"https:\/\/api.w.org\/{rel}","templated":true}]}}