{"id":18018,"date":"2022-06-14T19:08:06","date_gmt":"2022-06-14T22:08:06","guid":{"rendered":"https:\/\/radiorevelacionfm.cl\/?p=18018"},"modified":"2022-06-14T19:09:56","modified_gmt":"2022-06-14T22:09:56","slug":"os-7-aysen-detuvo-a-77-personas-y-saca-de-circulacion-mas-de-175-millones-de-pesos-en-droga-durante-el-primer-semestre-de-2022","status":"publish","type":"post","link":"https:\/\/radiorevelacionfm.cl\/?p=18018","title":{"rendered":"OS-7 Ays\u00e9n detuvo a 77 personas y saca de circulaci\u00f3n m\u00e1s de 175 millones de pesos en droga durante el primer semestre de 2022"},"content":{"rendered":"<div class=\"flex_column av_one_full  flex_column_div av-zero-column-padding first  avia-builder-el-0  el_before_av_one_full  avia-builder-el-first  \" style='border-radius:0px; '><div  class='avia-image-container  av-styling-    avia-builder-el-1  avia-builder-el-no-sibling  avia-align-center '  itemprop=\"image\" itemscope=\"itemscope\" itemtype=\"https:\/\/schema.org\/ImageObject\"  ><div class='avia-image-container-inner'><div class='avia-image-overlay-wrap'><img decoding=\"async\" class='wp-image-18022 avia-img-lazy-loading-not-18022 avia_image' src=\"https:\/\/radiorevelacionfm.cl\/wp-content\/uploads\/2022\/06\/image-44-2_optimized.jpg\" alt='' title='image-(44)-(2)_optimized' height=\"600\" width=\"824\"  itemprop=\"thumbnailUrl\" srcset=\"https:\/\/radiorevelacionfm.cl\/wp-content\/uploads\/2022\/06\/image-44-2_optimized.jpg 824w, https:\/\/radiorevelacionfm.cl\/wp-content\/uploads\/2022\/06\/image-44-2_optimized-300x218.jpg 300w, https:\/\/radiorevelacionfm.cl\/wp-content\/uploads\/2022\/06\/image-44-2_optimized-768x559.jpg 768w, https:\/\/radiorevelacionfm.cl\/wp-content\/uploads\/2022\/06\/image-44-2_optimized-705x513.jpg 705w, https:\/\/radiorevelacionfm.cl\/wp-content\/uploads\/2022\/06\/image-44-2_optimized-600x437.jpg 600w\" sizes=\"(max-width: 824px) 100vw, 824px\" \/><\/div><\/div><\/div><\/div><div class=\"flex_column av_one_full  flex_column_div av-zero-column-padding first  avia-builder-el-2  el_after_av_one_full  el_before_av_one_full  column-top-margin\" style='border-radius:0px; '><section class=\"av_textblock_section \"  itemscope=\"itemscope\" itemtype=\"https:\/\/schema.org\/BlogPosting\" itemprop=\"blogPost\" ><div class='avia_textblock  '   itemprop=\"text\" ><p style=\"text-align: center;\"><strong><span style=\"font-size: 18pt;\">OS-7 Ays\u00e9n detuvo a 77 personas y saca de circulaci\u00f3n m\u00e1s de 175 millones de pesos en droga durante el primer semestre de 2022<\/span><\/strong><\/p>\n<div id=\"gtx-trans\" style=\"position: absolute; left: -50px; top: 4.31534px;\">\n<div class=\"gtx-trans-icon\"><\/div>\n<\/div>\n<\/div><\/section><\/div><\/p>\n<div class=\"flex_column av_one_full  flex_column_div av-zero-column-padding first  avia-builder-el-4  el_after_av_one_full  el_before_av_hr  column-top-margin\" style='border-radius:0px; '><section class=\"av_textblock_section \"  itemscope=\"itemscope\" itemtype=\"https:\/\/schema.org\/BlogPosting\" itemprop=\"blogPost\" ><div class='avia_textblock  '   itemprop=\"text\" ><p class=\"v1MsoNormal\" style=\"text-align: justify;\">Un total de 20.765 dosis entre clorhidrato de coca\u00edna, marihuana elaborada y ketamina, adem\u00e1s de 127 plantas de cannabis sativa fueron decomisadas en un trabajo coordinado con el Ministerio P\u00fablico, tarea que fue apoyada por los canes Dala y Gaz\u00fa, ejemplares que jugaron un rol fundamental\u00a0 en 25 procedimientos antidrogas.<\/p>\n<p class=\"v1MsoNormal\" style=\"text-align: justify;\">El combate al tr\u00e1fico de drogas, es uno de los delitos que por a\u00f1os ha concentrado los esfuerzos por parte de Carabineros de Chile a trav\u00e9s de la Secci\u00f3n OS-7 en coordinaci\u00f3n con la Fiscal\u00eda, con la finalidad de desbaratar organizaciones criminales vinculadas a esta materia que sanciona la Ley 20.000, recuperar espacios y lugares p\u00fablicos, a lo cual se suma -a lo largo de los a\u00f1os- diversas campa\u00f1as orientadas a frenar el consumo de sustancias prohibidas que tanto da\u00f1o generan en las personas y ni\u00f1os de nuestra sociedad.<\/p>\n<p class=\"v1MsoNormal\" style=\"text-align: justify;\">La modernizaci\u00f3n y los cambios tecnol\u00f3gicos han obligado a Carabineros a mantener una permanente actualizaci\u00f3n, emplear nuevas t\u00e9cnicas investigativas y la incorporaci\u00f3n de canes especializados en su detecci\u00f3n, sumado a establecer modus operandi, rutas, modos de ocultamientos, entre otras materias relacionadas con la investigaci\u00f3n criminal de este delito.<\/p>\n<p class=\"v1MsoNormal\" style=\"text-align: justify;\">La Secci\u00f3n OS-7 hoy en d\u00eda, mantiene un amplio despliegue de personal especializado, efectuando controles en los diversos puntos de acceso a la regi\u00f3n, con la finalidad de prevenir la internaci\u00f3n de sustancias prohibidas al territorio, iniciar las investigaciones, detener a los responsables y derivar los antecedentes a los Tribunales de Justicia.<\/p>\n<p class=\"v1MsoNormal\" style=\"text-align: justify;\"><b>Decomisos<\/b><\/p>\n<p class=\"v1MsoNormal\" style=\"text-align: justify;\">En una reuni\u00f3n de trabajo junto al Coordinador Regional de Seguridad P\u00fablica, Crist\u00f3bal Barcel\u00f3 Veas; el Jefe de la Secci\u00f3n OS-7 de Carabineros Ays\u00e9n, Capit\u00e1n Emiliano Guti\u00e9rrez, indic\u00f3 que en lo que va transcurrido del primer semestre del a\u00f1o 2022, esta unidad especializada en coordinaci\u00f3n con la Fiscal\u00eda, ha decomisado y sacado de circulaci\u00f3n un total de 7.747 dosis de clorhidrato de coca\u00edna; 12.973 dosis de marihuana elaborada y 45 dosis de ketamina, tipos de drogas que en conjunto representan un aval\u00fao de $175.331.979.<\/p>\n<p class=\"v1MsoNormal\" style=\"text-align: justify;\">Asimismo, el personal especializado en este periodo decomis\u00f3 127 plantas de cannabis sativa, 100 unidades de hongos alucin\u00f3genos y 119 f\u00e1rmacos controlados.<\/p>\n<p class=\"v1MsoNormal\" style=\"text-align: justify;\">Como resultado del trabajo investigativo desarrollado por el personal de esta unidad especializada \u2013seg\u00fan detall\u00f3 el Capit\u00e1n Emiliano Guti\u00e9rrez- 71 personas resultaron detenidas por infracci\u00f3n a la Ley de Drogas N\u00b0. 20.000, de los cuales 23 son por el delito de tr\u00e1fico, 22 por microtr\u00e1fico, 18 por porte\/consumo y 8 por cultivo.<\/p>\n<p class=\"v1MsoNormal\" style=\"text-align: justify;\">\u00abNuestro personal OS-7 se encuentra desplegado a lo largo del territorio, efectuando servicios en los puntos de ingreso a la regi\u00f3n en coordinaci\u00f3n con la Armada de Chile, Aduanas y Aeropuerto, desarrollando un trabajo incansable y comprometido con la seguridad de los habitantes de nuestro territorio, haciendo prevenci\u00f3n y desarrollando labor operativa, como parte de la lucha contra este flagelo y, que nos permita sacar la droga y el microtr\u00e1fico de nuestros barrios, esfuerzo en el que como Carabineros de Chile, no claudicaremos jam\u00e1s\u00bb, indic\u00f3 el Capit\u00e1n Emiliano Guti\u00e9rrez.<\/p>\n<p class=\"v1MsoNormal\" style=\"text-align: justify;\">Durante este periodo, la Secci\u00f3n OS-7 diligenci\u00f3 6 \u00f3rdenes judiciales con igual n\u00famero de detenidos entre estas, materializando -en coordinaci\u00f3n con la Fiscal\u00eda- 34 ingresos y registros a inmuebles, siendo los antecedentes puestos en conocimiento de los Tribunales de Justicia.<\/p>\n<p class=\"v1MsoNormal\" style=\"text-align: justify;\"><b>Labor canes<\/b><\/p>\n<p class=\"v1MsoNormal\" style=\"text-align: justify;\">Al trabajo desplegado por el personal de esta unidad especializada, se suma el valioso y fundamental apoyo de los canes Dala y Gaz\u00fa, ejemplares especializados en la detecci\u00f3n de diversos tipos de drogas, los cuales han tenido una participaci\u00f3n en 25 procedimientos, con exitosos resultados, contribuyendo a sacar droga de circulaci\u00f3n y evitando que esta llegue a potenciales consumidores y, continuar haciendo de Ays\u00e9n, una de las regiones m\u00e1s seguras del pa\u00eds.<\/p>\n<p class=\"v1MsoNormal\" style=\"text-align: justify;\">Por su parte el Coordinador Regional de Seguridad P\u00fablica, Crist\u00f3bal Barcel\u00f3 Veas, tras conocer los resultados, resalt\u00f3 la labor de esta secci\u00f3n durante el transcurso del presente a\u00f1o e inst\u00f3 a la comunidad a denunciar de manera oportuna los delitos.<\/p>\n<p class=\"v1MsoNormal\" style=\"text-align: justify;\">\u00abAgradecemos el exitoso trabajo que ha efectuado el OS-7 en la regi\u00f3n principalmente durante este primer semestre del a\u00f1o 2022. Es un trabajo muy profesional y dedicado y, en particular tambi\u00e9n gracias a su brigada canina como es Dala y Gaz\u00fa. Este trabajo profesional no ser\u00eda cien por ciento efectivo si no fuese por el componente de la comunidad, en ese sentido es fundamental que nuestros ciudadanos y vecinos hagan las denuncias, que sean capaces de entregar la informaci\u00f3n que ellos puedan detectar acerca de los delitos que puedan presenciar. Para eso desde la Subsecretar\u00eda de Prevenci\u00f3n del Delito hemos habilitado y tenemos disponible el fono Denuncia Seguro que es el 600 400 0101 y que permite que la comunidad haga sus denuncias de manera cien por ciento an\u00f3nima y resguardando su integridad\u00bb, indic\u00f3 la autoridad.<\/p>\n<p style=\"text-align: justify;\">En este mismo sentido, el Jefe del OS-7 de Carabineros Ays\u00e9n, capit\u00e1n Emiliano Guti\u00e9rrez, reforz\u00f3 el llamado a la comunidad a denunciar de manera oportuna materias relacionadas con esta tem\u00e1tica y hacer entrega de dicha informaci\u00f3n a trav\u00e9s del fono drogas 135, tel\u00e9fono gratuito de Carabineros de Chile, el cual es atendido por agentes especializados del OS-7, quienes durante las 24 horas del d\u00eda recibir\u00e1n sus denuncias de forma absolutamente reservada y an\u00f3nima.<\/p>\n<\/div><\/section><\/div>\n<div  style='height:50px' class='hr hr-invisible   avia-builder-el-6  el_after_av_one_full  el_before_av_social_share '><span class='hr-inner ' ><span class='hr-inner-style'><\/span><\/span><\/div>\n<div  class='av-social-sharing-box  avia-builder-el-7  el_after_av_hr  el_before_av_hr  '><div class='av-share-box'><h5 class='av-share-link-description av-no-toc '>Compartir esta noticia<\/h5><ul class='av-share-box-list noLightbox'><li class='av-share-link av-social-link-facebook' ><a target=\"_blank\" aria-label=\"Compartir en Facebook\" href='https:\/\/www.facebook.com\/sharer.php?u=https:\/\/radiorevelacionfm.cl\/?p=18018&#038;t=OS-7%20Ays%C3%A9n%20detuvo%20a%2077%20personas%20y%20saca%20de%20circulaci%C3%B3n%20m%C3%A1s%20de%20175%20millones%20de%20pesos%20en%20droga%20durante%20el%20primer%20semestre%20de%202022' aria-hidden='false' data-av_icon='\ue8f3' data-av_iconfont='entypo-fontello' title='' data-avia-related-tooltip='Compartir en Facebook' rel=\"noopener\"><span class='avia_hidden_link_text'>Compartir en Facebook<\/span><\/a><\/li><li class='av-share-link av-social-link-twitter' ><a target=\"_blank\" aria-label=\"Compartir en Twitter\" href='https:\/\/twitter.com\/share?text=OS-7%20Ays%C3%A9n%20detuvo%20a%2077%20personas%20y%20saca%20de%20circulaci%C3%B3n%20m%C3%A1s%20de%20175%20millones%20de%20pesos%20en%20droga%20durante%20el%20primer%20semestre%20de%202022&#038;url=https:\/\/radiorevelacionfm.cl\/?p=18018' aria-hidden='false' data-av_icon='\ue8f1' data-av_iconfont='entypo-fontello' title='' data-avia-related-tooltip='Compartir en Twitter' rel=\"noopener\"><span class='avia_hidden_link_text'>Compartir en Twitter<\/span><\/a><\/li><li class='av-share-link av-social-link-whatsapp' ><a target=\"_blank\" aria-label=\"Compartir en Whatsapp\" href='https:\/\/api.whatsapp.com\/send?text=https:\/\/radiorevelacionfm.cl\/?p=18018' aria-hidden='false' data-av_icon='\uf232' data-av_iconfont='entypo-fontello' title='' data-avia-related-tooltip='Compartir en Whatsapp' rel=\"noopener\"><span class='avia_hidden_link_text'>Compartir en Whatsapp<\/span><\/a><\/li><li class='av-share-link av-social-link-linkedin' ><a target=\"_blank\" aria-label=\"Compartir en LinkedIn\" href='https:\/\/linkedin.com\/shareArticle?mini=true&#038;title=OS-7%20Ays%C3%A9n%20detuvo%20a%2077%20personas%20y%20saca%20de%20circulaci%C3%B3n%20m%C3%A1s%20de%20175%20millones%20de%20pesos%20en%20droga%20durante%20el%20primer%20semestre%20de%202022&#038;url=https:\/\/radiorevelacionfm.cl\/?p=18018' aria-hidden='false' data-av_icon='\ue8fc' data-av_iconfont='entypo-fontello' title='' data-avia-related-tooltip='Compartir en LinkedIn' rel=\"noopener\"><span class='avia_hidden_link_text'>Compartir en LinkedIn<\/span><\/a><\/li><li class='av-share-link av-social-link-mail' ><a  aria-label=\"Compartir por correo\" href='mailto:?subject=OS-7%20Ays%C3%A9n%20detuvo%20a%2077%20personas%20y%20saca%20de%20circulaci%C3%B3n%20m%C3%A1s%20de%20175%20millones%20de%20pesos%20en%20droga%20durante%20el%20primer%20semestre%20de%202022&#038;body=https:\/\/radiorevelacionfm.cl\/?p=18018' aria-hidden='false' data-av_icon='\ue805' data-av_iconfont='entypo-fontello' title='' data-avia-related-tooltip='Compartir por correo'><span class='avia_hidden_link_text'>Compartir por correo<\/span><\/a><\/li><\/ul><\/div><\/div>\n<div  style='height:50px' class='hr hr-invisible   avia-builder-el-8  el_after_av_social_share  el_before_av_comments_list '><span class='hr-inner ' ><span class='hr-inner-style'><\/span><\/span><\/div>\n<div  class='av-buildercomment  av-blog-meta-html-info-disabled av-blog-meta-tag-disabled  '><\/div>\n","protected":false},"excerpt":{"rendered":"","protected":false},"author":1,"featured_media":18022,"comment_status":"open","ping_status":"open","sticky":false,"template":"","format":"standard","meta":{"footnotes":""},"categories":[36],"tags":[],"class_list":["post-18018","post","type-post","status-publish","format-standard","has-post-thumbnail","hentry","category-policial"],"jetpack_featured_media_url":"https:\/\/radiorevelacionfm.cl\/wp-content\/uploads\/2022\/06\/image-44-2_optimized.jpg","_links":{"self":[{"href":"https:\/\/radiorevelacionfm.cl\/index.php?rest_route=\/wp\/v2\/posts\/18018","targetHints":{"allow":["GET"]}}],"collection":[{"href":"https:\/\/radiorevelacionfm.cl\/index.php?rest_route=\/wp\/v2\/posts"}],"about":[{"href":"https:\/\/radiorevelacionfm.cl\/index.php?rest_route=\/wp\/v2\/types\/post"}],"author":[{"embeddable":true,"href":"https:\/\/radiorevelacionfm.cl\/index.php?rest_route=\/wp\/v2\/users\/1"}],"replies":[{"embeddable":true,"href":"https:\/\/radiorevelacionfm.cl\/index.php?rest_route=%2Fwp%2Fv2%2Fcomments&post=18018"}],"version-history":[{"count":3,"href":"https:\/\/radiorevelacionfm.cl\/index.php?rest_route=\/wp\/v2\/posts\/18018\/revisions"}],"predecessor-version":[{"id":18021,"href":"https:\/\/radiorevelacionfm.cl\/index.php?rest_route=\/wp\/v2\/posts\/18018\/revisions\/18021"}],"wp:featuredmedia":[{"embeddable":true,"href":"https:\/\/radiorevelacionfm.cl\/index.php?rest_route=\/wp\/v2\/media\/18022"}],"wp:attachment":[{"href":"https:\/\/radiorevelacionfm.cl\/index.php?rest_route=%2Fwp%2Fv2%2Fmedia&parent=18018"}],"wp:term":[{"taxonomy":"category","embeddable":true,"href":"https:\/\/radiorevelacionfm.cl\/index.php?rest_route=%2Fwp%2Fv2%2Fcategories&post=18018"},{"taxonomy":"post_tag","embeddable":true,"href":"https:\/\/radiorevelacionfm.cl\/index.php?rest_route=%2Fwp%2Fv2%2Ftags&post=18018"}],"curies":[{"name":"wp","href":"https:\/\/api.w.org\/{rel}","templated":true}]}}