{"id":18015,"date":"2022-06-14T21:44:42","date_gmt":"2022-06-15T00:44:42","guid":{"rendered":"https:\/\/radiorevelacionfm.cl\/?p=18015"},"modified":"2022-06-14T21:44:42","modified_gmt":"2022-06-15T00:44:42","slug":"invitan-a-visitar-stand-laboral-con-140-vacantes-de-trabajo-disponibles-para-postular","status":"publish","type":"post","link":"https:\/\/radiorevelacionfm.cl\/?p=18015","title":{"rendered":"Invitan a visitar stand laboral con 140 vacantes de trabajo disponibles para postular"},"content":{"rendered":"<div class=\"flex_column av_one_full  flex_column_div av-zero-column-padding first  avia-builder-el-0  el_before_av_one_full  avia-builder-el-first  \" style='border-radius:0px; '><div  class='avia-image-container  av-styling-    avia-builder-el-1  avia-builder-el-no-sibling  avia-align-center '  itemprop=\"image\" itemscope=\"itemscope\" itemtype=\"https:\/\/schema.org\/ImageObject\"  ><div class='avia-image-container-inner'><div class='avia-image-overlay-wrap'><img decoding=\"async\" class='wp-image-18016 avia-img-lazy-loading-not-18016 avia_image' src=\"https:\/\/radiorevelacionfm.cl\/wp-content\/uploads\/2022\/06\/imagen_mujerconstruccion-1_optimized.jpg\" alt='' title='imagen_mujerconstruccion-(1)_optimized' height=\"600\" width=\"881\"  itemprop=\"thumbnailUrl\" srcset=\"https:\/\/radiorevelacionfm.cl\/wp-content\/uploads\/2022\/06\/imagen_mujerconstruccion-1_optimized.jpg 881w, https:\/\/radiorevelacionfm.cl\/wp-content\/uploads\/2022\/06\/imagen_mujerconstruccion-1_optimized-300x204.jpg 300w, https:\/\/radiorevelacionfm.cl\/wp-content\/uploads\/2022\/06\/imagen_mujerconstruccion-1_optimized-768x523.jpg 768w, https:\/\/radiorevelacionfm.cl\/wp-content\/uploads\/2022\/06\/imagen_mujerconstruccion-1_optimized-705x480.jpg 705w, https:\/\/radiorevelacionfm.cl\/wp-content\/uploads\/2022\/06\/imagen_mujerconstruccion-1_optimized-600x409.jpg 600w\" sizes=\"(max-width: 881px) 100vw, 881px\" \/><\/div><\/div><\/div><\/div>\n<div class=\"flex_column av_one_full  flex_column_div av-zero-column-padding first  avia-builder-el-2  el_after_av_one_full  el_before_av_one_full  column-top-margin\" style='border-radius:0px; '><section class=\"av_textblock_section \"  itemscope=\"itemscope\" itemtype=\"https:\/\/schema.org\/BlogPosting\" itemprop=\"blogPost\" ><div class='avia_textblock  '   itemprop=\"text\" ><p style=\"text-align: center;\"><strong><span style=\"font-size: 18pt;\">Invitan a visitar stand laboral con 140 vacantes de trabajo disponibles para postular<\/span><\/strong><\/p>\n<div id=\"gtx-trans\" style=\"position: absolute; left: -50px; top: 4.31534px;\">\n<div class=\"gtx-trans-icon\"><\/div>\n<\/div>\n<\/div><\/section><\/div><div class=\"flex_column av_one_full  flex_column_div av-zero-column-padding first  avia-builder-el-4  el_after_av_one_full  el_before_av_hr  column-top-margin\" style='border-radius:0px; '><section class=\"av_textblock_section \"  itemscope=\"itemscope\" itemtype=\"https:\/\/schema.org\/BlogPosting\" itemprop=\"blogPost\" ><div class='avia_textblock  '   itemprop=\"text\" ><p style=\"text-align: justify;\">Un <strong>punto laboral <\/strong>se encontrar\u00e1 los d\u00edas mi\u00e9rcoles 15 y jueves 16 de junio 2022, en el Centro Cultural Coyhaique, stand cuyo prop\u00f3sito es el de apoyar la difusi\u00f3n y las postulaciones a 140 cupos laborales disponibles, levantamiento realizado por la Oficina Municipal de Intermediaci\u00f3n Laboral, OMIL, de la I. Municipalidad de Coyhaique y que contar\u00e1 con el apoyo en la atenci\u00f3n de Servicio Nacional de Capacitaci\u00f3n y Empleo, Sence.<\/p>\n<p style=\"text-align: justify;\">El Seremi del Trabajo y Previsi\u00f3n Social, Rodrigo D\u00edaz Cornado, invit\u00f3 a visitar el stand y conocer las distintas ofertas laborales, las que tienen diversos perfiles para distintos niveles educacionales. \u201cComo Seremi de Trabajo y Previsi\u00f3n Social junto con la OMIL de Coyhaique y Sence los queremos invitar al pr\u00f3ximo <strong>Punto Laboral<\/strong> que se realizar\u00e1 en el Centro Cultural Coyhaique, esto ser\u00e1 el mi\u00e9rcoles 15 y jueves 16 de junio, vamos a estar todo el d\u00eda. La oferta es muy interesante, diversa y variada, apuntando a todo tipo de profesionales, administrativos, t\u00e9cnicos, la verdad es que la oferta es muy amplia, as\u00ed que los invitamos a conocerlos, hay en el \u00e1mbito de la construcci\u00f3n, turismo, gastronom\u00eda, pesquero. En ese sentido, por favor, vayan, va a estar muy interesante, es una gran oportunidad para los vecinos y vecinas\u201d, detall\u00f3.<\/p>\n<p style=\"text-align: justify;\">Por su parte, el Alcalde de Coyhaique, Carlos Gatica, destac\u00f3 la importancia de la labor de la OMIL y la cantidad de cupos disponibles, \u201cPara nosotros hacer este tipo de actividad es s\u00faper importante en el desarrollo en conjunto de soluciones con la Serem\u00eda del Trabajo y con otras instituciones del Estado.\u00a0 Hoy d\u00eda hacemos una invitaci\u00f3n a nuestros vecinos y vecinas a que puedan ir a este stand, a que puedan informarse en el Centro Cultural y que vean las alternativas de empleo que existen en la comuna, que son muchas, tenemos una cantidad de cupos importantes, tenemos 140 cupos laborales en las distintas \u00e1reas y distintos niveles para que puedan acceder. Esta es una soluci\u00f3n ya que la problem\u00e1tica de la empleabilidad en la regi\u00f3n para la empresas, microempresas y emprendedores ha sido un tema ya que no han podido generar apertura normal de sus emprendimientos debido a la falta de personal. La soluci\u00f3n es el trabajo en conjunto del Estado con los vecinos para que se informen de las ofertas laborales y as\u00ed impulsar entre todos el desarrollo econ\u00f3mico legal que necesitamos\u201d<\/p>\n<p style=\"text-align: justify;\">En el Punto Laboral estar\u00e1 atendiendo tanto funcionarios de la OMIL como de Sence, entregando informaci\u00f3n, orientaci\u00f3n y apoyo en la postulaci\u00f3n. Los interesados deben llevar su curr\u00edculo actualizado, sin embargo, quienes no tengan acceso a impresora o a actualizar su informaci\u00f3n, lo podr\u00e1n ayudar en el momento.<\/p>\n<p style=\"text-align: justify;\">Este <strong>Punto Laboral <\/strong>se inserta en un Gobierno en Terreno que se realizar\u00e1 en el Centro Cultural ambos d\u00edas, entre 9:00 y 18:00, donde participar\u00e1n diversos servicios p\u00fablicos, entre ello, el Departamento Social de la Delegaci\u00f3n Presidencial Regional, Seremi de Salud, Seremi de Desarrollo Social y Familia, Seremi del Trabajo y Previsi\u00f3n Social a trav\u00e9s de Sence, Seremi de Vivienda y Urbanismo. El Centro Cultural Coyhaique est\u00e1 ubicado en Eusebio Lillo 23.<\/p>\n<\/div><\/section><\/div><\/p>\n<div  style='height:50px' class='hr hr-invisible   avia-builder-el-6  el_after_av_one_full  el_before_av_social_share '><span class='hr-inner ' ><span class='hr-inner-style'><\/span><\/span><\/div>\n<div  class='av-social-sharing-box  avia-builder-el-7  el_after_av_hr  el_before_av_hr  '><div class='av-share-box'><h5 class='av-share-link-description av-no-toc '>Compartir esta noticia<\/h5><ul class='av-share-box-list noLightbox'><li class='av-share-link av-social-link-facebook' ><a target=\"_blank\" aria-label=\"Compartir en Facebook\" href='https:\/\/www.facebook.com\/sharer.php?u=https:\/\/radiorevelacionfm.cl\/?p=18015&#038;t=Invitan%20a%20visitar%20stand%20laboral%20con%20140%20vacantes%20de%20trabajo%20disponibles%20para%20postular' aria-hidden='false' data-av_icon='\ue8f3' data-av_iconfont='entypo-fontello' title='' data-avia-related-tooltip='Compartir en Facebook' rel=\"noopener\"><span class='avia_hidden_link_text'>Compartir en Facebook<\/span><\/a><\/li><li class='av-share-link av-social-link-twitter' ><a target=\"_blank\" aria-label=\"Compartir en Twitter\" href='https:\/\/twitter.com\/share?text=Invitan%20a%20visitar%20stand%20laboral%20con%20140%20vacantes%20de%20trabajo%20disponibles%20para%20postular&#038;url=https:\/\/radiorevelacionfm.cl\/?p=18015' aria-hidden='false' data-av_icon='\ue8f1' data-av_iconfont='entypo-fontello' title='' data-avia-related-tooltip='Compartir en Twitter' rel=\"noopener\"><span class='avia_hidden_link_text'>Compartir en Twitter<\/span><\/a><\/li><li class='av-share-link av-social-link-whatsapp' ><a target=\"_blank\" aria-label=\"Compartir en Whatsapp\" href='https:\/\/api.whatsapp.com\/send?text=https:\/\/radiorevelacionfm.cl\/?p=18015' aria-hidden='false' data-av_icon='\uf232' data-av_iconfont='entypo-fontello' title='' data-avia-related-tooltip='Compartir en Whatsapp' rel=\"noopener\"><span class='avia_hidden_link_text'>Compartir en Whatsapp<\/span><\/a><\/li><li class='av-share-link av-social-link-linkedin' ><a target=\"_blank\" aria-label=\"Compartir en LinkedIn\" href='https:\/\/linkedin.com\/shareArticle?mini=true&#038;title=Invitan%20a%20visitar%20stand%20laboral%20con%20140%20vacantes%20de%20trabajo%20disponibles%20para%20postular&#038;url=https:\/\/radiorevelacionfm.cl\/?p=18015' aria-hidden='false' data-av_icon='\ue8fc' data-av_iconfont='entypo-fontello' title='' data-avia-related-tooltip='Compartir en LinkedIn' rel=\"noopener\"><span class='avia_hidden_link_text'>Compartir en LinkedIn<\/span><\/a><\/li><li class='av-share-link av-social-link-mail' ><a  aria-label=\"Compartir por correo\" href='mailto:?subject=Invitan%20a%20visitar%20stand%20laboral%20con%20140%20vacantes%20de%20trabajo%20disponibles%20para%20postular&#038;body=https:\/\/radiorevelacionfm.cl\/?p=18015' aria-hidden='false' data-av_icon='\ue805' data-av_iconfont='entypo-fontello' title='' data-avia-related-tooltip='Compartir por correo'><span class='avia_hidden_link_text'>Compartir por correo<\/span><\/a><\/li><\/ul><\/div><\/div>\n<div  style='height:50px' class='hr hr-invisible   avia-builder-el-8  el_after_av_social_share  el_before_av_comments_list '><span class='hr-inner ' ><span class='hr-inner-style'><\/span><\/span><\/div>\n<div  class='av-buildercomment  av-blog-meta-html-info-disabled av-blog-meta-tag-disabled  '><\/div>\n","protected":false},"excerpt":{"rendered":"","protected":false},"author":1,"featured_media":18016,"comment_status":"open","ping_status":"open","sticky":false,"template":"","format":"standard","meta":{"footnotes":""},"categories":[56],"tags":[],"class_list":["post-18015","post","type-post","status-publish","format-standard","has-post-thumbnail","hentry","category-trabajo"],"jetpack_featured_media_url":"https:\/\/radiorevelacionfm.cl\/wp-content\/uploads\/2022\/06\/imagen_mujerconstruccion-1_optimized.jpg","_links":{"self":[{"href":"https:\/\/radiorevelacionfm.cl\/index.php?rest_route=\/wp\/v2\/posts\/18015","targetHints":{"allow":["GET"]}}],"collection":[{"href":"https:\/\/radiorevelacionfm.cl\/index.php?rest_route=\/wp\/v2\/posts"}],"about":[{"href":"https:\/\/radiorevelacionfm.cl\/index.php?rest_route=\/wp\/v2\/types\/post"}],"author":[{"embeddable":true,"href":"https:\/\/radiorevelacionfm.cl\/index.php?rest_route=\/wp\/v2\/users\/1"}],"replies":[{"embeddable":true,"href":"https:\/\/radiorevelacionfm.cl\/index.php?rest_route=%2Fwp%2Fv2%2Fcomments&post=18015"}],"version-history":[{"count":3,"href":"https:\/\/radiorevelacionfm.cl\/index.php?rest_route=\/wp\/v2\/posts\/18015\/revisions"}],"predecessor-version":[{"id":18035,"href":"https:\/\/radiorevelacionfm.cl\/index.php?rest_route=\/wp\/v2\/posts\/18015\/revisions\/18035"}],"wp:featuredmedia":[{"embeddable":true,"href":"https:\/\/radiorevelacionfm.cl\/index.php?rest_route=\/wp\/v2\/media\/18016"}],"wp:attachment":[{"href":"https:\/\/radiorevelacionfm.cl\/index.php?rest_route=%2Fwp%2Fv2%2Fmedia&parent=18015"}],"wp:term":[{"taxonomy":"category","embeddable":true,"href":"https:\/\/radiorevelacionfm.cl\/index.php?rest_route=%2Fwp%2Fv2%2Fcategories&post=18015"},{"taxonomy":"post_tag","embeddable":true,"href":"https:\/\/radiorevelacionfm.cl\/index.php?rest_route=%2Fwp%2Fv2%2Ftags&post=18015"}],"curies":[{"name":"wp","href":"https:\/\/api.w.org\/{rel}","templated":true}]}}