{"id":18011,"date":"2022-06-14T17:40:08","date_gmt":"2022-06-14T20:40:08","guid":{"rendered":"https:\/\/radiorevelacionfm.cl\/?p=18011"},"modified":"2022-06-14T17:40:08","modified_gmt":"2022-06-14T20:40:08","slug":"empresa-privada-entrego-humus-al-vivero-forestal-de-conaf-en-puerto-aysen","status":"publish","type":"post","link":"https:\/\/radiorevelacionfm.cl\/?p=18011","title":{"rendered":"Empresa privada entreg\u00f3 Humus al vivero forestal de Conaf en Puerto Ays\u00e9n"},"content":{"rendered":"<div class=\"flex_column av_one_full  flex_column_div av-zero-column-padding first  avia-builder-el-0  el_before_av_one_full  avia-builder-el-first  \" style='border-radius:0px; '><div  class='avia-image-container  av-styling-    avia-builder-el-1  avia-builder-el-no-sibling  avia-align-center '  itemprop=\"image\" itemscope=\"itemscope\" itemtype=\"https:\/\/schema.org\/ImageObject\"  ><div class='avia-image-container-inner'><div class='avia-image-overlay-wrap'><img decoding=\"async\" class='wp-image-18012 avia-img-lazy-loading-not-18012 avia_image' src=\"https:\/\/radiorevelacionfm.cl\/wp-content\/uploads\/2022\/06\/humus-conaf-1-1_optimized.jpg\" alt='' title='humus-conaf-1-(1)_optimized' height=\"600\" width=\"1067\"  itemprop=\"thumbnailUrl\" srcset=\"https:\/\/radiorevelacionfm.cl\/wp-content\/uploads\/2022\/06\/humus-conaf-1-1_optimized.jpg 1067w, https:\/\/radiorevelacionfm.cl\/wp-content\/uploads\/2022\/06\/humus-conaf-1-1_optimized-300x169.jpg 300w, https:\/\/radiorevelacionfm.cl\/wp-content\/uploads\/2022\/06\/humus-conaf-1-1_optimized-1030x579.jpg 1030w, https:\/\/radiorevelacionfm.cl\/wp-content\/uploads\/2022\/06\/humus-conaf-1-1_optimized-768x432.jpg 768w, https:\/\/radiorevelacionfm.cl\/wp-content\/uploads\/2022\/06\/humus-conaf-1-1_optimized-705x396.jpg 705w, https:\/\/radiorevelacionfm.cl\/wp-content\/uploads\/2022\/06\/humus-conaf-1-1_optimized-600x337.jpg 600w\" sizes=\"(max-width: 1067px) 100vw, 1067px\" \/><\/div><\/div><\/div><\/div><div class=\"flex_column av_one_full  flex_column_div av-zero-column-padding first  avia-builder-el-2  el_after_av_one_full  el_before_av_one_full  column-top-margin\" style='border-radius:0px; '><section class=\"av_textblock_section \"  itemscope=\"itemscope\" itemtype=\"https:\/\/schema.org\/BlogPosting\" itemprop=\"blogPost\" ><div class='avia_textblock  '   itemprop=\"text\" ><p style=\"text-align: center;\"><strong><span style=\"font-size: 18pt;\">Empresa privada entreg\u00f3 Humus al vivero forestal de Conaf en Puerto Ays\u00e9n<\/span><\/strong><\/p>\n<div id=\"gtx-trans\" style=\"position: absolute; left: -50px; top: 4.31534px;\">\n<div class=\"gtx-trans-icon\"><\/div>\n<\/div>\n<\/div><\/section><\/div><div class=\"flex_column av_one_full  flex_column_div av-zero-column-padding first  avia-builder-el-4  el_after_av_one_full  el_before_av_hr  column-top-margin\" style='border-radius:0px; '><section class=\"av_textblock_section \"  itemscope=\"itemscope\" itemtype=\"https:\/\/schema.org\/BlogPosting\" itemprop=\"blogPost\" ><div class='avia_textblock  '   itemprop=\"text\" ><p style=\"text-align: justify;\">La ma\u00f1ana de este martes el propietario de Empresas Bahamonde, Alejandro Bahamonde junto a su personal, trasladaron y entregaron al vivero forestal de Conaf en Puerto Ays\u00e9n 200 kilos de humus, un fertilizante natural que es el resultado del tratamiento del l\u00edquido que generan los residuos domiciliarios, mediante el uso de lombrices californianas.<\/p>\n<p style=\"text-align: justify;\">\u201cEn este momento estamos haciendo un aporte que son 200 kilos de humus para la direcci\u00f3n provincial de Conaf, ya que, ellos tienen un vivero forestal. La idea es hacer las pruebas, ver como resulta el humus y con ello puedan tener un producto de mejor calidad y quien sabe, mejores plantas para reforestar la regi\u00f3n y evitar el cambio clim\u00e1tico. Como todos saben, hace un a\u00f1o y medio comenz\u00f3 a funcionar el nuevo relleno sanitario, debido a ello, todo el l\u00edquido que genera la basura tengo que tratarlo y ah\u00ed contamos con el hermoso trabajo de las lombrices californianas, que es, tratar las aguas que se generan del relleno sanitario. Nosotros sacamos de ese tratamiento un producto que se llama humus, que es uno de los mejores abonos org\u00e1nicos que existen en el planeta\u201d.<\/p>\n<p style=\"text-align: justify;\">Desde la Corporaci\u00f3n Nacional Forestal, Ver\u00f3nica Aguilar, jefa provincial (s), agradeci\u00f3 la colaboraci\u00f3n de la entidad privada, ya que este insumo aportar\u00e1 al crecimiento de especies nativas y ex\u00f3ticas que poseen en el recinto.<\/p>\n<p style=\"text-align: justify;\">\u201cNosotros ac\u00e1 en el vivero, debido a la gran cantidad de plantas, esto nos va a servir para enriquecer el crecimiento, as\u00ed es que, vamos a ir realizando pruebas para que las plantas tengan un mejor desarrollo. As\u00ed es que, s\u00faper agradecidos con esta donaci\u00f3n, es algo que lo vamos a utilizar demasiado. Adem\u00e1s, esto se logr\u00f3 debido a que la gente de ac\u00e1 fue a un taller, fue a conocer el proceso que realizan y de ah\u00ed se comenzaron a generar v\u00ednculos, por ello, estamos completamente agradecidos, estamos s\u00faper contentos, debido a la gran cantidad de especies nativas y ex\u00f3ticas que hay ac\u00e1, esto le va a permitir un mejor desarrollo y crecimiento a las plantas\u201d.<\/p>\n<p style=\"text-align: justify;\">Desde Empresas Bahamonde, se\u00f1alaron que pronto se realizar\u00e1n nuevos cursos de compostaje y vermicompostaje, donde se explica en detalle c\u00f3mo se genera el humus y que funci\u00f3n cumplen las lombrices californianas en este proceso. Existiendo la posibilidad de que autoridades, dirigentes, colegios, organizaciones sociales, puedan conocer la planta y ver en terreno el tratamiento a las aguas residuales y los resultados de algunas experiencias mediante la utilizaci\u00f3n del humus.<\/p>\n<\/div><\/section><\/div><div  style='height:50px' class='hr hr-invisible   avia-builder-el-6  el_after_av_one_full  el_before_av_social_share '><span class='hr-inner ' ><span class='hr-inner-style'><\/span><\/span><\/div><\/p>\n<div  class='av-social-sharing-box  avia-builder-el-7  el_after_av_hr  el_before_av_hr  '><div class='av-share-box'><h5 class='av-share-link-description av-no-toc '>Compartir esta noticia<\/h5><ul class='av-share-box-list noLightbox'><li class='av-share-link av-social-link-facebook' ><a target=\"_blank\" aria-label=\"Compartir en Facebook\" href='https:\/\/www.facebook.com\/sharer.php?u=https:\/\/radiorevelacionfm.cl\/?p=18011&#038;t=Empresa%20privada%20entreg%C3%B3%20Humus%20al%20vivero%20forestal%20de%20Conaf%20en%20Puerto%20Ays%C3%A9n' aria-hidden='false' data-av_icon='\ue8f3' data-av_iconfont='entypo-fontello' title='' data-avia-related-tooltip='Compartir en Facebook' rel=\"noopener\"><span class='avia_hidden_link_text'>Compartir en Facebook<\/span><\/a><\/li><li class='av-share-link av-social-link-twitter' ><a target=\"_blank\" aria-label=\"Compartir en Twitter\" href='https:\/\/twitter.com\/share?text=Empresa%20privada%20entreg%C3%B3%20Humus%20al%20vivero%20forestal%20de%20Conaf%20en%20Puerto%20Ays%C3%A9n&#038;url=https:\/\/radiorevelacionfm.cl\/?p=18011' aria-hidden='false' data-av_icon='\ue8f1' data-av_iconfont='entypo-fontello' title='' data-avia-related-tooltip='Compartir en Twitter' rel=\"noopener\"><span class='avia_hidden_link_text'>Compartir en Twitter<\/span><\/a><\/li><li class='av-share-link av-social-link-whatsapp' ><a target=\"_blank\" aria-label=\"Compartir en Whatsapp\" href='https:\/\/api.whatsapp.com\/send?text=https:\/\/radiorevelacionfm.cl\/?p=18011' aria-hidden='false' data-av_icon='\uf232' data-av_iconfont='entypo-fontello' title='' data-avia-related-tooltip='Compartir en Whatsapp' rel=\"noopener\"><span class='avia_hidden_link_text'>Compartir en Whatsapp<\/span><\/a><\/li><li class='av-share-link av-social-link-linkedin' ><a target=\"_blank\" aria-label=\"Compartir en LinkedIn\" href='https:\/\/linkedin.com\/shareArticle?mini=true&#038;title=Empresa%20privada%20entreg%C3%B3%20Humus%20al%20vivero%20forestal%20de%20Conaf%20en%20Puerto%20Ays%C3%A9n&#038;url=https:\/\/radiorevelacionfm.cl\/?p=18011' aria-hidden='false' data-av_icon='\ue8fc' data-av_iconfont='entypo-fontello' title='' data-avia-related-tooltip='Compartir en LinkedIn' rel=\"noopener\"><span class='avia_hidden_link_text'>Compartir en LinkedIn<\/span><\/a><\/li><li class='av-share-link av-social-link-mail' ><a  aria-label=\"Compartir por correo\" href='mailto:?subject=Empresa%20privada%20entreg%C3%B3%20Humus%20al%20vivero%20forestal%20de%20Conaf%20en%20Puerto%20Ays%C3%A9n&#038;body=https:\/\/radiorevelacionfm.cl\/?p=18011' aria-hidden='false' data-av_icon='\ue805' data-av_iconfont='entypo-fontello' title='' data-avia-related-tooltip='Compartir por correo'><span class='avia_hidden_link_text'>Compartir por correo<\/span><\/a><\/li><\/ul><\/div><\/div>\n<div  style='height:50px' class='hr hr-invisible   avia-builder-el-8  el_after_av_social_share  el_before_av_comments_list '><span class='hr-inner ' ><span class='hr-inner-style'><\/span><\/span><\/div>\n<div  class='av-buildercomment  av-blog-meta-html-info-disabled av-blog-meta-tag-disabled  '><\/div>\n","protected":false},"excerpt":{"rendered":"","protected":false},"author":1,"featured_media":18012,"comment_status":"open","ping_status":"open","sticky":false,"template":"","format":"standard","meta":{"footnotes":""},"categories":[38],"tags":[],"class_list":["post-18011","post","type-post","status-publish","format-standard","has-post-thumbnail","hentry","category-regional"],"jetpack_featured_media_url":"https:\/\/radiorevelacionfm.cl\/wp-content\/uploads\/2022\/06\/humus-conaf-1-1_optimized.jpg","_links":{"self":[{"href":"https:\/\/radiorevelacionfm.cl\/index.php?rest_route=\/wp\/v2\/posts\/18011","targetHints":{"allow":["GET"]}}],"collection":[{"href":"https:\/\/radiorevelacionfm.cl\/index.php?rest_route=\/wp\/v2\/posts"}],"about":[{"href":"https:\/\/radiorevelacionfm.cl\/index.php?rest_route=\/wp\/v2\/types\/post"}],"author":[{"embeddable":true,"href":"https:\/\/radiorevelacionfm.cl\/index.php?rest_route=\/wp\/v2\/users\/1"}],"replies":[{"embeddable":true,"href":"https:\/\/radiorevelacionfm.cl\/index.php?rest_route=%2Fwp%2Fv2%2Fcomments&post=18011"}],"version-history":[{"count":2,"href":"https:\/\/radiorevelacionfm.cl\/index.php?rest_route=\/wp\/v2\/posts\/18011\/revisions"}],"predecessor-version":[{"id":18014,"href":"https:\/\/radiorevelacionfm.cl\/index.php?rest_route=\/wp\/v2\/posts\/18011\/revisions\/18014"}],"wp:featuredmedia":[{"embeddable":true,"href":"https:\/\/radiorevelacionfm.cl\/index.php?rest_route=\/wp\/v2\/media\/18012"}],"wp:attachment":[{"href":"https:\/\/radiorevelacionfm.cl\/index.php?rest_route=%2Fwp%2Fv2%2Fmedia&parent=18011"}],"wp:term":[{"taxonomy":"category","embeddable":true,"href":"https:\/\/radiorevelacionfm.cl\/index.php?rest_route=%2Fwp%2Fv2%2Fcategories&post=18011"},{"taxonomy":"post_tag","embeddable":true,"href":"https:\/\/radiorevelacionfm.cl\/index.php?rest_route=%2Fwp%2Fv2%2Ftags&post=18011"}],"curies":[{"name":"wp","href":"https:\/\/api.w.org\/{rel}","templated":true}]}}