{"id":18007,"date":"2022-06-14T19:10:11","date_gmt":"2022-06-14T22:10:11","guid":{"rendered":"https:\/\/radiorevelacionfm.cl\/?p=18007"},"modified":"2022-06-14T19:40:43","modified_gmt":"2022-06-14T22:40:43","slug":"salud-mantiene-contacto-permanente-con-comunidad-de-villa-manihuales-y-avanza-en-compromisos-con-sus-habitantes","status":"publish","type":"post","link":"https:\/\/radiorevelacionfm.cl\/?p=18007","title":{"rendered":"Salud mantiene contacto permanente con comunidad de Villa Ma\u00f1ihuales y avanza en compromisos con sus habitantes"},"content":{"rendered":"<div class=\"flex_column av_one_full  flex_column_div av-zero-column-padding first  avia-builder-el-0  el_before_av_one_full  avia-builder-el-first  \" style='border-radius:0px; '><div  class='avia-image-container  av-styling-    avia-builder-el-1  avia-builder-el-no-sibling  avia-align-center '  itemprop=\"image\" itemscope=\"itemscope\" itemtype=\"https:\/\/schema.org\/ImageObject\"  ><div class='avia-image-container-inner'><div class='avia-image-overlay-wrap'><img decoding=\"async\" class='wp-image-18008 avia-img-lazy-loading-not-18008 avia_image' src=\"https:\/\/radiorevelacionfm.cl\/wp-content\/uploads\/2022\/06\/REUNION-MESA-MANIHUALES-2-1-1.jpeg\" alt='' title='REUNI\u00d3N MESA MA\u00d1IHUALES (2) (1) (1)' height=\"600\" width=\"800\"  itemprop=\"thumbnailUrl\" srcset=\"https:\/\/radiorevelacionfm.cl\/wp-content\/uploads\/2022\/06\/REUNION-MESA-MANIHUALES-2-1-1.jpeg 800w, https:\/\/radiorevelacionfm.cl\/wp-content\/uploads\/2022\/06\/REUNION-MESA-MANIHUALES-2-1-1-300x225.jpeg 300w, https:\/\/radiorevelacionfm.cl\/wp-content\/uploads\/2022\/06\/REUNION-MESA-MANIHUALES-2-1-1-768x576.jpeg 768w, https:\/\/radiorevelacionfm.cl\/wp-content\/uploads\/2022\/06\/REUNION-MESA-MANIHUALES-2-1-1-705x529.jpeg 705w, https:\/\/radiorevelacionfm.cl\/wp-content\/uploads\/2022\/06\/REUNION-MESA-MANIHUALES-2-1-1-600x450.jpeg 600w\" sizes=\"(max-width: 800px) 100vw, 800px\" \/><\/div><\/div><\/div><\/div><div class=\"flex_column av_one_full  flex_column_div av-zero-column-padding first  avia-builder-el-2  el_after_av_one_full  el_before_av_one_full  column-top-margin\" style='border-radius:0px; '><section class=\"av_textblock_section \"  itemscope=\"itemscope\" itemtype=\"https:\/\/schema.org\/BlogPosting\" itemprop=\"blogPost\" ><div class='avia_textblock  '   itemprop=\"text\" ><p style=\"text-align: center;\"><span style=\"font-size: 18pt;\"><b>Salud mantiene contacto permanente con comunidad de Villa Ma\u00f1ihuales y avanza en compromisos con sus habitantes<\/b><\/span><\/p>\n<div id=\"gtx-trans\" style=\"position: absolute; left: -50px; top: 4.31534px;\">\n<div class=\"gtx-trans-icon\"><\/div>\n<\/div>\n<\/div><\/section><\/div><div class=\"flex_column av_one_full  flex_column_div av-zero-column-padding first  avia-builder-el-4  el_after_av_one_full  el_before_av_hr  column-top-margin\" style='border-radius:0px; '><section class=\"av_textblock_section \"  itemscope=\"itemscope\" itemtype=\"https:\/\/schema.org\/BlogPosting\" itemprop=\"blogPost\" ><div class='avia_textblock  '   itemprop=\"text\" ><p style=\"font-weight: 400; text-align: justify;\">La comunidad de Villa Ma\u00f1ihuales y el Servicio de Salud Ays\u00e9n (SSA) sostuvieron su segunda reuni\u00f3n en el marco de la mesa de trabajo que se conform\u00f3 tras las movilizaciones de abril pasado.<\/p>\n<p style=\"font-weight: 400; text-align: justify;\">En esta ocasi\u00f3n se monitorearon los avances en los compromisos adquiridos por la autoridad y se dieron a conocer algunos hitos que van en ese sentido y que la propia comunidad reconoce como avances concretos. \u201cHemos avanzado, se nota que hay una dedicaci\u00f3n a los dispositivos de salud que tenemos en Ma\u00f1ihuales, pero nos queda harto trabajo. Esta localidad es un punto estrat\u00e9gico en la carretera, se acerca la temporada alta de visitantes y nuestra posta y servicio de urgencia colapsa en la temporada, pero se sentaron las bases para comenzar a trabajar e implementar con lo que se necesita de aqu\u00ed a corto plazo\u201d, explic\u00f3 Gabriela Barrientos, presidenta del consejo vecinal de desarrollo de Villa Ma\u00f1ihuales.<\/p>\n<p style=\"font-weight: 400; text-align: justify;\">El encargado del sector, Jorge Montecinos, junto con sostener una serie de reuniones con el liceo y escuela local, adem\u00e1s del CESFAM y Hospital de Puerto Ays\u00e9n, present\u00f3 los principales progresos en estas semanas de trabajo, entre ellas un nuevo sistema de daci\u00f3n de horas, toma de muestras y vacunas, evitando dentro de lo posible las filas, incremento en atenci\u00f3n por morbilidad, atenciones a trav\u00e9s de telemedicina, electrocardiogramas, sobre 70 consultas dentales, matrona y m\u00e9dico, entre otras.<\/p>\n<p style=\"font-weight: 400; text-align: justify;\">\u201cEl encargado de sector ha sido fundamental para destrabar muchas situaciones y es una comunicaci\u00f3n directa con la comunidad. Hemos tratando de contar con un par de TENs que todav\u00eda estamos buscando y la idea es poder tener esta normalidad para tener una buena atenci\u00f3n en la comunidad y vislumbrar qu\u00e9 dispositivo se requiere en la comunidad, a trav\u00e9s de un trabajo participativo, en cuanto a entender la cantidad de atenciones que se realizan y las necesidades, dado que Ma\u00f1ihuales es un polo estrat\u00e9gico dentro de la regi\u00f3n y que conecta el sector norte con Puerto Ays\u00e9n y Coyhaique, por lo que hay que repensar qu\u00e9 dispositivo colocar\u201d, expres\u00f3 Gabriel Burgos, director del SSA.<\/p>\n<p style=\"font-weight: 400; text-align: justify;\">La localidad ha experimentado un importante desarrollo demogr\u00e1fico, que significa contar con m\u00e1s infraestructura y recurso humano para el establecimiento de salud del sector. Esa situaci\u00f3n tambi\u00e9n fue presentada al equipo directivo del SSA. \u201cEstamos mirando a largo plazo el crecimiento de nuestra comunidad y qu\u00e9 dispositivos de salud se proyectan para Villa Ma\u00f1ihuales. Con harto trabajo y muy satisfechos de la participaci\u00f3n de los vecinos y el compromiso que tienen de venir a estas extensas reuniones y hacerse parte de este trabajo y eso nos motiva para seguir y darse el tiempo y construir lo que necesitamos para Villa Ma\u00f1ihuales\u201d, concluy\u00f3 Gabriela Barrientos.<\/p>\n<\/div><\/section><\/div><div  style='height:50px' class='hr hr-invisible   avia-builder-el-6  el_after_av_one_full  el_before_av_social_share '><span class='hr-inner ' ><span class='hr-inner-style'><\/span><\/span><\/div><\/p>\n<div  class='av-social-sharing-box  avia-builder-el-7  el_after_av_hr  el_before_av_hr  '><div class='av-share-box'><h5 class='av-share-link-description av-no-toc '>Compartir esta noticia<\/h5><ul class='av-share-box-list noLightbox'><li class='av-share-link av-social-link-facebook' ><a target=\"_blank\" aria-label=\"Compartir en Facebook\" href='https:\/\/www.facebook.com\/sharer.php?u=https:\/\/radiorevelacionfm.cl\/?p=18007&#038;t=Salud%20mantiene%20contacto%20permanente%20con%20comunidad%20de%20Villa%20Ma%C3%B1ihuales%20y%20avanza%20en%20compromisos%20con%20sus%20habitantes' aria-hidden='false' data-av_icon='\ue8f3' data-av_iconfont='entypo-fontello' title='' data-avia-related-tooltip='Compartir en Facebook' rel=\"noopener\"><span class='avia_hidden_link_text'>Compartir en Facebook<\/span><\/a><\/li><li class='av-share-link av-social-link-twitter' ><a target=\"_blank\" aria-label=\"Compartir en Twitter\" href='https:\/\/twitter.com\/share?text=Salud%20mantiene%20contacto%20permanente%20con%20comunidad%20de%20Villa%20Ma%C3%B1ihuales%20y%20avanza%20en%20compromisos%20con%20sus%20habitantes&#038;url=https:\/\/radiorevelacionfm.cl\/?p=18007' aria-hidden='false' data-av_icon='\ue8f1' data-av_iconfont='entypo-fontello' title='' data-avia-related-tooltip='Compartir en Twitter' rel=\"noopener\"><span class='avia_hidden_link_text'>Compartir en Twitter<\/span><\/a><\/li><li class='av-share-link av-social-link-whatsapp' ><a target=\"_blank\" aria-label=\"Compartir en Whatsapp\" href='https:\/\/api.whatsapp.com\/send?text=https:\/\/radiorevelacionfm.cl\/?p=18007' aria-hidden='false' data-av_icon='\uf232' data-av_iconfont='entypo-fontello' title='' data-avia-related-tooltip='Compartir en Whatsapp' rel=\"noopener\"><span class='avia_hidden_link_text'>Compartir en Whatsapp<\/span><\/a><\/li><li class='av-share-link av-social-link-linkedin' ><a target=\"_blank\" aria-label=\"Compartir en LinkedIn\" href='https:\/\/linkedin.com\/shareArticle?mini=true&#038;title=Salud%20mantiene%20contacto%20permanente%20con%20comunidad%20de%20Villa%20Ma%C3%B1ihuales%20y%20avanza%20en%20compromisos%20con%20sus%20habitantes&#038;url=https:\/\/radiorevelacionfm.cl\/?p=18007' aria-hidden='false' data-av_icon='\ue8fc' data-av_iconfont='entypo-fontello' title='' data-avia-related-tooltip='Compartir en LinkedIn' rel=\"noopener\"><span class='avia_hidden_link_text'>Compartir en LinkedIn<\/span><\/a><\/li><li class='av-share-link av-social-link-mail' ><a  aria-label=\"Compartir por correo\" href='mailto:?subject=Salud%20mantiene%20contacto%20permanente%20con%20comunidad%20de%20Villa%20Ma%C3%B1ihuales%20y%20avanza%20en%20compromisos%20con%20sus%20habitantes&#038;body=https:\/\/radiorevelacionfm.cl\/?p=18007' aria-hidden='false' data-av_icon='\ue805' data-av_iconfont='entypo-fontello' title='' data-avia-related-tooltip='Compartir por correo'><span class='avia_hidden_link_text'>Compartir por correo<\/span><\/a><\/li><\/ul><\/div><\/div>\n<div  style='height:50px' class='hr hr-invisible   avia-builder-el-8  el_after_av_social_share  el_before_av_comments_list '><span class='hr-inner ' ><span class='hr-inner-style'><\/span><\/span><\/div>\n<div  class='av-buildercomment  av-blog-meta-html-info-disabled av-blog-meta-tag-disabled  '><\/div>\n","protected":false},"excerpt":{"rendered":"","protected":false},"author":1,"featured_media":18008,"comment_status":"open","ping_status":"open","sticky":false,"template":"","format":"standard","meta":{"footnotes":""},"categories":[46],"tags":[],"class_list":["post-18007","post","type-post","status-publish","format-standard","has-post-thumbnail","hentry","category-salud"],"jetpack_featured_media_url":"https:\/\/radiorevelacionfm.cl\/wp-content\/uploads\/2022\/06\/REUNION-MESA-MANIHUALES-2-1-1.jpeg","_links":{"self":[{"href":"https:\/\/radiorevelacionfm.cl\/index.php?rest_route=\/wp\/v2\/posts\/18007","targetHints":{"allow":["GET"]}}],"collection":[{"href":"https:\/\/radiorevelacionfm.cl\/index.php?rest_route=\/wp\/v2\/posts"}],"about":[{"href":"https:\/\/radiorevelacionfm.cl\/index.php?rest_route=\/wp\/v2\/types\/post"}],"author":[{"embeddable":true,"href":"https:\/\/radiorevelacionfm.cl\/index.php?rest_route=\/wp\/v2\/users\/1"}],"replies":[{"embeddable":true,"href":"https:\/\/radiorevelacionfm.cl\/index.php?rest_route=%2Fwp%2Fv2%2Fcomments&post=18007"}],"version-history":[{"count":2,"href":"https:\/\/radiorevelacionfm.cl\/index.php?rest_route=\/wp\/v2\/posts\/18007\/revisions"}],"predecessor-version":[{"id":18027,"href":"https:\/\/radiorevelacionfm.cl\/index.php?rest_route=\/wp\/v2\/posts\/18007\/revisions\/18027"}],"wp:featuredmedia":[{"embeddable":true,"href":"https:\/\/radiorevelacionfm.cl\/index.php?rest_route=\/wp\/v2\/media\/18008"}],"wp:attachment":[{"href":"https:\/\/radiorevelacionfm.cl\/index.php?rest_route=%2Fwp%2Fv2%2Fmedia&parent=18007"}],"wp:term":[{"taxonomy":"category","embeddable":true,"href":"https:\/\/radiorevelacionfm.cl\/index.php?rest_route=%2Fwp%2Fv2%2Fcategories&post=18007"},{"taxonomy":"post_tag","embeddable":true,"href":"https:\/\/radiorevelacionfm.cl\/index.php?rest_route=%2Fwp%2Fv2%2Ftags&post=18007"}],"curies":[{"name":"wp","href":"https:\/\/api.w.org\/{rel}","templated":true}]}}