{"id":18003,"date":"2022-06-14T17:03:58","date_gmt":"2022-06-14T20:03:58","guid":{"rendered":"https:\/\/radiorevelacionfm.cl\/?p=18003"},"modified":"2022-06-14T17:03:58","modified_gmt":"2022-06-14T20:03:58","slug":"serviu-se-incorpora-al-programa-buenas-practicas-laborales-con-equidad-de-genero-de-sernameg","status":"publish","type":"post","link":"https:\/\/radiorevelacionfm.cl\/?p=18003","title":{"rendered":"Serviu se incorpora al Programa Buenas Pr\u00e1cticas Laborales con Equidad de G\u00e9nero de SernamEG"},"content":{"rendered":"<div class=\"flex_column av_one_full  flex_column_div av-zero-column-padding first  avia-builder-el-0  el_before_av_one_full  avia-builder-el-first  \" style='border-radius:0px; '><div  class='avia-image-container  av-styling-    avia-builder-el-1  avia-builder-el-no-sibling  avia-align-center '  itemprop=\"image\" itemscope=\"itemscope\" itemtype=\"https:\/\/schema.org\/ImageObject\"  ><div class='avia-image-container-inner'><div class='avia-image-overlay-wrap'><img decoding=\"async\" class='wp-image-18004 avia-img-lazy-loading-not-18004 avia_image' src=\"https:\/\/radiorevelacionfm.cl\/wp-content\/uploads\/2022\/06\/dsc_0073-2-1_optimized.jpg\" alt='' title='dsc_0073-(2)-(1)_optimized' height=\"600\" width=\"987\"  itemprop=\"thumbnailUrl\" srcset=\"https:\/\/radiorevelacionfm.cl\/wp-content\/uploads\/2022\/06\/dsc_0073-2-1_optimized.jpg 987w, https:\/\/radiorevelacionfm.cl\/wp-content\/uploads\/2022\/06\/dsc_0073-2-1_optimized-300x182.jpg 300w, https:\/\/radiorevelacionfm.cl\/wp-content\/uploads\/2022\/06\/dsc_0073-2-1_optimized-768x467.jpg 768w, https:\/\/radiorevelacionfm.cl\/wp-content\/uploads\/2022\/06\/dsc_0073-2-1_optimized-705x429.jpg 705w, https:\/\/radiorevelacionfm.cl\/wp-content\/uploads\/2022\/06\/dsc_0073-2-1_optimized-600x365.jpg 600w\" sizes=\"(max-width: 987px) 100vw, 987px\" \/><\/div><\/div><\/div><\/div><div class=\"flex_column av_one_full  flex_column_div av-zero-column-padding first  avia-builder-el-2  el_after_av_one_full  el_before_av_one_full  column-top-margin\" style='border-radius:0px; '><section class=\"av_textblock_section \"  itemscope=\"itemscope\" itemtype=\"https:\/\/schema.org\/BlogPosting\" itemprop=\"blogPost\" ><div class='avia_textblock  '   itemprop=\"text\" ><p style=\"text-align: center;\"><strong><span style=\"font-size: 18pt;\">Serviu se incorpora al Programa Buenas Pr\u00e1cticas Laborales con Equidad de G\u00e9nero de SernamEG<\/span><\/strong><\/p>\n<div id=\"gtx-trans\" style=\"position: absolute; left: -50px; top: 4.31534px;\">\n<div class=\"gtx-trans-icon\"><\/div>\n<\/div>\n<\/div><\/section><\/div><div class=\"flex_column av_one_full  flex_column_div av-zero-column-padding first  avia-builder-el-4  el_after_av_one_full  el_before_av_hr  column-top-margin\" style='border-radius:0px; '><section class=\"av_textblock_section \"  itemscope=\"itemscope\" itemtype=\"https:\/\/schema.org\/BlogPosting\" itemprop=\"blogPost\" ><div class='avia_textblock  '   itemprop=\"text\" ><p style=\"font-weight: 400; text-align: justify;\">Con la firma de una carta compromiso con el Servicio de Vivienda y Urbanizaci\u00f3n, Serviu, se realiz\u00f3 el lanzamiento 2022 del Programa de Buenas Pr\u00e1cticas Laborales con Equidad de G\u00e9nero del Servicio Nacional de la Mujer y la Equidad de G\u00e9nero, SernamEG. El modelo program\u00e1tico\u00a0busca promover la igualdad entre hombres y mujeres a trav\u00e9s de un cambio cultural al interior de las organizaciones p\u00fablicas y privadas; para favorecer el ingreso, permanencia y desarrollo de las mujeres en el mercado laboral remunerado, propiciando medidas para eliminar inequidades, brechas y barreras de g\u00e9nero.<\/p>\n<p style=\"font-weight: 400; text-align: justify;\">La Seremi de la Mujer y la Equidad de G\u00e9nero, Andrea M\u00e9ndez Valenzuela, manifest\u00f3: \u201cServiu se ha destacado por su compromiso con lo que tiene que ver con Equidad de G\u00e9nero en sus instalaciones laborales; por lo mismo entendemos que esta iniciativa que se firma da continuidad y robustece el trabajo que estamos realizando. Para nosotras como Secretar\u00eda es tremendamente importante la transversalizaci\u00f3n del Enfoque de G\u00e9nero en todas las instituciones y eso significa, entre otras cosas, que se suma la imperiosa necesidad de prevenir toda manifestaci\u00f3n de violencia, desde las m\u00e1s expl\u00edcitas hasta aquellas que habitan en los contextos laborales y muchas veces son naturalizadas\u201d.<\/p>\n<p style=\"font-weight: 400; text-align: justify;\">La Directora Regional (S) del SernamEG, Carla Arriagada Malague\u00f1o, sostuvo que \u201ccomo Servicio le damos la bienvenida a Serviu y a las asociaciones que est\u00e1n participando y nuestra idea es seguir sumando a m\u00e1s instituciones para que visualicen la trascendencia que tiene el avanzar en una transformaci\u00f3n cultural en los espacios laborales\u201d.\u00a0 Respecto al proceso que se inicia, la autoridad regional agreg\u00f3 que \u201cdura dos a\u00f1os donde nosotras como Servicio los acompa\u00f1amos y es relevante mencionar que Serviu tiene un trabajo avanzado, ya que se inicia desde la Seremi de la Mujer y la Equidad de G\u00e9nero, lo que nos permite entregar una base para hacer este compromiso y as\u00ed avanzar en la promoci\u00f3n\u00a0de la participaci\u00f3n laboral femenina y la corresponsabilidad parental\u201d.<\/p>\n<p style=\"font-weight: 400; text-align: justify;\">Por su parte, el Director Regional (S) del Serviu, Mauricio Cort\u00e9s Molina, precis\u00f3 que \u201cnos interesa implementar la norma chilena 3262 de Equidad de G\u00e9nero, Buenas Pr\u00e1cticas Laborales y la Conciliaci\u00f3n de la Vida Familiar y qu\u00e9 mejor que SernamEG nos apoye en implementar buenas pr\u00e1cticas laborales. Este va a ser un insumo muy importante desde el inicio, ya que vamos a hacer un diagn\u00f3stico que vamos a realizar como instituci\u00f3n, para que en conjunto podamos ir corrigiendo en todas las oportunidades de mejora que se detecten; para que, en el corto plazo, quiz\u00e1s en el a\u00f1o 2024, certificarnos en la citada norma\u201d.<\/p>\n<p style=\"font-weight: 400; text-align: justify;\">Desde las organizaciones, estuvo presente en la firma de la carta de compromiso la Presidenta de la Asociaci\u00f3n de Funcionarias\/os Patagones del Serviu, Ana Mar\u00eda Jelvez Flores. \u201cEsperamos comenzar a trabajar sobre los temas que surjan, la idea es que no sea s\u00f3lo marcar un hito, sino que sea en beneficio de nuestras funcionarias y funcionarios\u201d, indic\u00f3. En tanto, la Presidenta (S) de la Asociaci\u00f3n de Funcionarias\/os del Serviu &#8211; Seremi Minvu, Fabiola Loyola Aedo, explic\u00f3 que \u201cnos sentimos orgullosas y orgullosos como Servicio que se est\u00e9 tomando en cuenta las brechas que existen respecto a la desigualdad de g\u00e9nero\u201d.<\/p>\n<p style=\"font-weight: 400; text-align: justify;\">Dentro de los beneficios de la implementaci\u00f3n de la Norma Chilena 3262-2021 se encuentra la mejora en los procesos de la organizaci\u00f3n, lo que impacta positivamente en sus trabajadoras y trabajadores, contribuyendo a interiorizar y proyectar una imagen socialmente positiva y responsable. Asimismo, favorece la retenci\u00f3n del talento, disminuye la rotaci\u00f3n de personal, aumentando su productividad debido a una mayor motivaci\u00f3n y lealtad hacia las empresas y organizaciones. Las entidades que se certifican en esta Norma, tambi\u00e9n se alinean con los Objetivos de Desarrollo Sostenible de la Agenda 2030 de Naciones Unidas, donde el ODS N\u00b05 se refiere a la Igualdad de G\u00e9nero.<\/p>\n<p style=\"font-weight: 400; text-align: justify;\">La Norma Chilena 3262-2021 contempla un proceso que invita a constituir al interior de la organizaci\u00f3n un Comit\u00e9 de G\u00e9nero o Comit\u00e9 de Buenas Pr\u00e1cticas Laborales con Equidad de G\u00e9nero, que es el encargado de llevar adelante el trabajo del Sistema de Gesti\u00f3n en Igualdad de G\u00e9nero y Conciliaci\u00f3n (SIGIC), que lidera el trabajo de elaboraci\u00f3n de un Diagn\u00f3stico para detectar las brechas de g\u00e9nero al interior de la organizaci\u00f3n en la Gesti\u00f3n de Personas, Infraestructura y Ambiente de Trabajo. Luego del diagn\u00f3stico, se debe dise\u00f1ar el Plan de Acci\u00f3n para disminuir y\/o eliminar las brechas; m\u00e1s tarde viene la Implementaci\u00f3n de este Plan de Acci\u00f3n, la Auditor\u00eda Interna y la Certificaci\u00f3n. Es as\u00ed como, la Norma ordena a la organizaci\u00f3n, le permite observarse, revisar su estructura de gesti\u00f3n y mejorar.<\/p>\n<p style=\"font-weight: 400; text-align: justify;\">Finalmente,\u00a0SernamEG Ays\u00e9n brinda informaci\u00f3n y asesor\u00eda de manera gratuita a las organizaciones\/empresas interesadas o decididas a implementar pol\u00edticas de G\u00e9nero en la Gesti\u00f3n de Personas, entre las cuales est\u00e1 la NCH 3262\/2021 del Instituto de Normalizaci\u00f3n, y el Sello Iguala Conciliaci\u00f3n del SernamEG. Para ello, se puede obtener informaci\u00f3n en\u00a0<a href=\"https:\/\/www.sernameg.gob.cl\/?page_id=32792\" data-saferedirecturl=\"https:\/\/www.google.com\/url?q=https:\/\/www.sernameg.gob.cl\/?page_id%3D32792&amp;source=gmail&amp;ust=1655322414274000&amp;usg=AOvVaw1ZvZ1uTWLbuAFet6-3Etwj\">https:\/\/www.sernameg.gob.cl\/?page_id=32792<\/a>\u00a0o consultar en\u00a0<a href=\"mailto:oirscoyhaique@sernameg.gob.cl\">oirscoyhaique@sernameg.gob.cl<\/a>. Tambi\u00e9n se puede obtener asesor\u00eda a trav\u00e9s del Programa Buenas Pr\u00e1cticas Laborales con Equidad de G\u00e9nero, presente en todas las direcciones regionales de SernamEG; que en la Regi\u00f3n se ubica en Baquedano 257, Coyhaique.<\/p>\n<\/div><\/section><\/div><div  style='height:50px' class='hr hr-invisible   avia-builder-el-6  el_after_av_one_full  el_before_av_social_share '><span class='hr-inner ' ><span class='hr-inner-style'><\/span><\/span><\/div><\/p>\n<div  class='av-social-sharing-box  avia-builder-el-7  el_after_av_hr  el_before_av_hr  '><div class='av-share-box'><h5 class='av-share-link-description av-no-toc '>Compartir esta noticia<\/h5><ul class='av-share-box-list noLightbox'><li class='av-share-link av-social-link-facebook' ><a target=\"_blank\" aria-label=\"Compartir en Facebook\" href='https:\/\/www.facebook.com\/sharer.php?u=https:\/\/radiorevelacionfm.cl\/?p=18003&#038;t=Serviu%20se%20incorpora%20al%20Programa%20Buenas%20Pr%C3%A1cticas%20Laborales%20con%20Equidad%20de%20G%C3%A9nero%20de%20SernamEG' aria-hidden='false' data-av_icon='\ue8f3' data-av_iconfont='entypo-fontello' title='' data-avia-related-tooltip='Compartir en Facebook' rel=\"noopener\"><span class='avia_hidden_link_text'>Compartir en Facebook<\/span><\/a><\/li><li class='av-share-link av-social-link-twitter' ><a target=\"_blank\" aria-label=\"Compartir en Twitter\" href='https:\/\/twitter.com\/share?text=Serviu%20se%20incorpora%20al%20Programa%20Buenas%20Pr%C3%A1cticas%20Laborales%20con%20Equidad%20de%20G%C3%A9nero%20de%20SernamEG&#038;url=https:\/\/radiorevelacionfm.cl\/?p=18003' aria-hidden='false' data-av_icon='\ue8f1' data-av_iconfont='entypo-fontello' title='' data-avia-related-tooltip='Compartir en Twitter' rel=\"noopener\"><span class='avia_hidden_link_text'>Compartir en Twitter<\/span><\/a><\/li><li class='av-share-link av-social-link-whatsapp' ><a target=\"_blank\" aria-label=\"Compartir en Whatsapp\" href='https:\/\/api.whatsapp.com\/send?text=https:\/\/radiorevelacionfm.cl\/?p=18003' aria-hidden='false' data-av_icon='\uf232' data-av_iconfont='entypo-fontello' title='' data-avia-related-tooltip='Compartir en Whatsapp' rel=\"noopener\"><span class='avia_hidden_link_text'>Compartir en Whatsapp<\/span><\/a><\/li><li class='av-share-link av-social-link-linkedin' ><a target=\"_blank\" aria-label=\"Compartir en LinkedIn\" href='https:\/\/linkedin.com\/shareArticle?mini=true&#038;title=Serviu%20se%20incorpora%20al%20Programa%20Buenas%20Pr%C3%A1cticas%20Laborales%20con%20Equidad%20de%20G%C3%A9nero%20de%20SernamEG&#038;url=https:\/\/radiorevelacionfm.cl\/?p=18003' aria-hidden='false' data-av_icon='\ue8fc' data-av_iconfont='entypo-fontello' title='' data-avia-related-tooltip='Compartir en LinkedIn' rel=\"noopener\"><span class='avia_hidden_link_text'>Compartir en LinkedIn<\/span><\/a><\/li><li class='av-share-link av-social-link-mail' ><a  aria-label=\"Compartir por correo\" href='mailto:?subject=Serviu%20se%20incorpora%20al%20Programa%20Buenas%20Pr%C3%A1cticas%20Laborales%20con%20Equidad%20de%20G%C3%A9nero%20de%20SernamEG&#038;body=https:\/\/radiorevelacionfm.cl\/?p=18003' aria-hidden='false' data-av_icon='\ue805' data-av_iconfont='entypo-fontello' title='' data-avia-related-tooltip='Compartir por correo'><span class='avia_hidden_link_text'>Compartir por correo<\/span><\/a><\/li><\/ul><\/div><\/div>\n<div  style='height:50px' class='hr hr-invisible   avia-builder-el-8  el_after_av_social_share  el_before_av_comments_list '><span class='hr-inner ' ><span class='hr-inner-style'><\/span><\/span><\/div>\n<div  class='av-buildercomment  av-blog-meta-html-info-disabled av-blog-meta-tag-disabled  '><\/div>\n","protected":false},"excerpt":{"rendered":"","protected":false},"author":1,"featured_media":18004,"comment_status":"open","ping_status":"open","sticky":false,"template":"","format":"standard","meta":{"footnotes":""},"categories":[38],"tags":[],"class_list":["post-18003","post","type-post","status-publish","format-standard","has-post-thumbnail","hentry","category-regional"],"jetpack_featured_media_url":"https:\/\/radiorevelacionfm.cl\/wp-content\/uploads\/2022\/06\/dsc_0073-2-1_optimized.jpg","_links":{"self":[{"href":"https:\/\/radiorevelacionfm.cl\/index.php?rest_route=\/wp\/v2\/posts\/18003","targetHints":{"allow":["GET"]}}],"collection":[{"href":"https:\/\/radiorevelacionfm.cl\/index.php?rest_route=\/wp\/v2\/posts"}],"about":[{"href":"https:\/\/radiorevelacionfm.cl\/index.php?rest_route=\/wp\/v2\/types\/post"}],"author":[{"embeddable":true,"href":"https:\/\/radiorevelacionfm.cl\/index.php?rest_route=\/wp\/v2\/users\/1"}],"replies":[{"embeddable":true,"href":"https:\/\/radiorevelacionfm.cl\/index.php?rest_route=%2Fwp%2Fv2%2Fcomments&post=18003"}],"version-history":[{"count":2,"href":"https:\/\/radiorevelacionfm.cl\/index.php?rest_route=\/wp\/v2\/posts\/18003\/revisions"}],"predecessor-version":[{"id":18006,"href":"https:\/\/radiorevelacionfm.cl\/index.php?rest_route=\/wp\/v2\/posts\/18003\/revisions\/18006"}],"wp:featuredmedia":[{"embeddable":true,"href":"https:\/\/radiorevelacionfm.cl\/index.php?rest_route=\/wp\/v2\/media\/18004"}],"wp:attachment":[{"href":"https:\/\/radiorevelacionfm.cl\/index.php?rest_route=%2Fwp%2Fv2%2Fmedia&parent=18003"}],"wp:term":[{"taxonomy":"category","embeddable":true,"href":"https:\/\/radiorevelacionfm.cl\/index.php?rest_route=%2Fwp%2Fv2%2Fcategories&post=18003"},{"taxonomy":"post_tag","embeddable":true,"href":"https:\/\/radiorevelacionfm.cl\/index.php?rest_route=%2Fwp%2Fv2%2Ftags&post=18003"}],"curies":[{"name":"wp","href":"https:\/\/api.w.org\/{rel}","templated":true}]}}