{"id":17994,"date":"2022-06-14T13:52:52","date_gmt":"2022-06-14T16:52:52","guid":{"rendered":"https:\/\/radiorevelacionfm.cl\/?p=17994"},"modified":"2022-06-14T13:52:52","modified_gmt":"2022-06-14T16:52:52","slug":"exitosa-jornada-regional-del-programa-chile-crece-contigo-se-desarrollo-en-coyhaique","status":"publish","type":"post","link":"https:\/\/radiorevelacionfm.cl\/?p=17994","title":{"rendered":"Exitosa jornada regional del programa Chile Crece Contigo se desarroll\u00f3 en Coyhaique"},"content":{"rendered":"<div class=\"flex_column av_one_full  flex_column_div av-zero-column-padding first  avia-builder-el-0  el_before_av_one_full  avia-builder-el-first  \" style='border-radius:0px; '><div  class='avia-image-container  av-styling-    avia-builder-el-1  avia-builder-el-no-sibling  avia-align-center '  itemprop=\"image\" itemscope=\"itemscope\" itemtype=\"https:\/\/schema.org\/ImageObject\"  ><div class='avia-image-container-inner'><div class='avia-image-overlay-wrap'><img decoding=\"async\" class='wp-image-17995 avia-img-lazy-loading-not-17995 avia_image' src=\"https:\/\/radiorevelacionfm.cl\/wp-content\/uploads\/2022\/06\/foto-1-17-1_optimized.jpg\" alt='' title='foto-1-(17)-(1)_optimized' height=\"600\" width=\"800\"  itemprop=\"thumbnailUrl\" srcset=\"https:\/\/radiorevelacionfm.cl\/wp-content\/uploads\/2022\/06\/foto-1-17-1_optimized.jpg 800w, https:\/\/radiorevelacionfm.cl\/wp-content\/uploads\/2022\/06\/foto-1-17-1_optimized-300x225.jpg 300w, https:\/\/radiorevelacionfm.cl\/wp-content\/uploads\/2022\/06\/foto-1-17-1_optimized-768x576.jpg 768w, https:\/\/radiorevelacionfm.cl\/wp-content\/uploads\/2022\/06\/foto-1-17-1_optimized-705x529.jpg 705w, https:\/\/radiorevelacionfm.cl\/wp-content\/uploads\/2022\/06\/foto-1-17-1_optimized-600x450.jpg 600w\" sizes=\"(max-width: 800px) 100vw, 800px\" \/><\/div><\/div><\/div><\/div><div class=\"flex_column av_one_full  flex_column_div av-zero-column-padding first  avia-builder-el-2  el_after_av_one_full  el_before_av_one_full  column-top-margin\" style='border-radius:0px; '><section class=\"av_textblock_section \"  itemscope=\"itemscope\" itemtype=\"https:\/\/schema.org\/BlogPosting\" itemprop=\"blogPost\" ><div class='avia_textblock  '   itemprop=\"text\" ><p style=\"text-align: center;\"><span style=\"font-size: 18pt;\"><strong>Exitosa jornada regional del programa Chile Crece Contigo se desarroll\u00f3 en Coyhaique<\/strong><\/span><\/p>\n<div id=\"gtx-trans\" style=\"position: absolute; left: -50px; top: 4.31534px;\">\n<div class=\"gtx-trans-icon\"><\/div>\n<\/div>\n<\/div><\/section><\/div><div class=\"flex_column av_one_full  flex_column_div av-zero-column-padding first  avia-builder-el-4  el_after_av_one_full  el_before_av_hr  column-top-margin\" style='border-radius:0px; '><section class=\"av_textblock_section \"  itemscope=\"itemscope\" itemtype=\"https:\/\/schema.org\/BlogPosting\" itemprop=\"blogPost\" ><div class='avia_textblock  '   itemprop=\"text\" ><p style=\"text-align: justify;\">El encuentro tuvo por objetivo fortalecer las capacidades t\u00e9cnicas de los equipos comunales,\u00a0 con especial \u00e9nfasis en la nueva institucionalidad y el sistema integral de protecci\u00f3n a la infancia, en el marco de la nueva Ley de Garant\u00edas, que busca respetar, promover y proteger el desarrollo f\u00edsico, mental, espiritual, moral, cultural y social de todas las y los ni\u00f1os y adolescentes que habitan Chile.<\/p>\n<p style=\"text-align: justify;\">\u201cLa infancia es una de las prioridades que ha trazado el Presidente Gabriel Boric, es por ello que hoy tenemos una jornada con todas las comunas de la regi\u00f3n de Ays\u00e9n que representan a Chile Crece Contigo y Municipalidades. Estamos en un encuentro de fortalecimiento para poder entregar la nueva informaci\u00f3n, tenemos una nueva Ley de Garant\u00edas, hay un antes y un despu\u00e9s en el sistema de protecci\u00f3n y cuidado de ni\u00f1as y ni\u00f1os adolecentes, y eso hay que conversarlo, hay que planificar y hay que ordenar el trabajo para este tremendo desaf\u00edo de esta convocatoria de cuidado y protecci\u00f3n. Hoy tuvimos una muy buena convocatoria y este trabajo va a ser justamente para levantar la informaci\u00f3n del territorio, para alinear las fuerzas para este desaf\u00edo que la ley nos indica y para trabajar mancomunadamente con la Subsecretaria de la Ni\u00f1ez y la Coordinaci\u00f3n Regional de Ni\u00f1ez\u201d, sostuvo la Seremi de Desarrollo Social y Familia, Karina Acevedo Auad.<\/p>\n<p style=\"text-align: justify;\">En tanto Alisson Illesca, encargada del programa de Chile Crece Contigo, Fortalecimiento Municipal de la Ilustre Municipalidad de Villa O\u2019Higgins, indic\u00f3 que \u201ces muy bueno este encuentro ya que el subsistema de protecci\u00f3n es bastante amplio, tiene muchas aristas y ahora vienen nuevos cambios donde tenemos que estar actualiz\u00e1ndonos y consultando, tambi\u00e9n conociendo nuevas experiencias de \u00a0otras localidades y territorios, me parece s\u00faper bien que podamos compartir de forma presencial y conocernos en profundidad\u201d.<\/p>\n<p style=\"text-align: justify;\">Por su parte Maira Paill\u00e1n, monitora de Chile Crece Contigo del programa \u00a0Estimulaci\u00f3n Temprana de Islas Huichas,\u00a0 explic\u00f3 que \u201cla verdad es que me parece maravillosa la jornada, llevo un a\u00f1o en el programa y por temas de la pandemia y Covid es mi primera instancia presencial\u00a0 que estamos realizando ac\u00e1, a parte de los aprendizajes que uno se puede llevar, \u00a0es la experiencia de conocer a otras personas, acabo de hablar con personas que vienen de Villa O\u00b4Higgins, Puerto Cisnes, Puerto Ays\u00e9n, Cochrane, son muchas horas de viaje, estamos compartiendo los aprendizajes, conocimientos, experiencias, espero que sigamos siendo as\u00ed y se creen esta nuevas instancias de aprendizaje presenciales\u201d.<\/p>\n<\/div><\/section><\/div><div  style='height:50px' class='hr hr-invisible   avia-builder-el-6  el_after_av_one_full  el_before_av_social_share '><span class='hr-inner ' ><span class='hr-inner-style'><\/span><\/span><\/div><\/p>\n<div  class='av-social-sharing-box  avia-builder-el-7  el_after_av_hr  el_before_av_hr  '><div class='av-share-box'><h5 class='av-share-link-description av-no-toc '>Compartir esta noticia<\/h5><ul class='av-share-box-list noLightbox'><li class='av-share-link av-social-link-facebook' ><a target=\"_blank\" aria-label=\"Compartir en Facebook\" href='https:\/\/www.facebook.com\/sharer.php?u=https:\/\/radiorevelacionfm.cl\/?p=17994&#038;t=Exitosa%20jornada%20regional%20del%20programa%20Chile%20Crece%20Contigo%20se%20desarroll%C3%B3%20en%20Coyhaique' aria-hidden='false' data-av_icon='\ue8f3' data-av_iconfont='entypo-fontello' title='' data-avia-related-tooltip='Compartir en Facebook' rel=\"noopener\"><span class='avia_hidden_link_text'>Compartir en Facebook<\/span><\/a><\/li><li class='av-share-link av-social-link-twitter' ><a target=\"_blank\" aria-label=\"Compartir en Twitter\" href='https:\/\/twitter.com\/share?text=Exitosa%20jornada%20regional%20del%20programa%20Chile%20Crece%20Contigo%20se%20desarroll%C3%B3%20en%20Coyhaique&#038;url=https:\/\/radiorevelacionfm.cl\/?p=17994' aria-hidden='false' data-av_icon='\ue8f1' data-av_iconfont='entypo-fontello' title='' data-avia-related-tooltip='Compartir en Twitter' rel=\"noopener\"><span class='avia_hidden_link_text'>Compartir en Twitter<\/span><\/a><\/li><li class='av-share-link av-social-link-whatsapp' ><a target=\"_blank\" aria-label=\"Compartir en Whatsapp\" href='https:\/\/api.whatsapp.com\/send?text=https:\/\/radiorevelacionfm.cl\/?p=17994' aria-hidden='false' data-av_icon='\uf232' data-av_iconfont='entypo-fontello' title='' data-avia-related-tooltip='Compartir en Whatsapp' rel=\"noopener\"><span class='avia_hidden_link_text'>Compartir en Whatsapp<\/span><\/a><\/li><li class='av-share-link av-social-link-linkedin' ><a target=\"_blank\" aria-label=\"Compartir en LinkedIn\" href='https:\/\/linkedin.com\/shareArticle?mini=true&#038;title=Exitosa%20jornada%20regional%20del%20programa%20Chile%20Crece%20Contigo%20se%20desarroll%C3%B3%20en%20Coyhaique&#038;url=https:\/\/radiorevelacionfm.cl\/?p=17994' aria-hidden='false' data-av_icon='\ue8fc' data-av_iconfont='entypo-fontello' title='' data-avia-related-tooltip='Compartir en LinkedIn' rel=\"noopener\"><span class='avia_hidden_link_text'>Compartir en LinkedIn<\/span><\/a><\/li><li class='av-share-link av-social-link-mail' ><a  aria-label=\"Compartir por correo\" href='mailto:?subject=Exitosa%20jornada%20regional%20del%20programa%20Chile%20Crece%20Contigo%20se%20desarroll%C3%B3%20en%20Coyhaique&#038;body=https:\/\/radiorevelacionfm.cl\/?p=17994' aria-hidden='false' data-av_icon='\ue805' data-av_iconfont='entypo-fontello' title='' data-avia-related-tooltip='Compartir por correo'><span class='avia_hidden_link_text'>Compartir por correo<\/span><\/a><\/li><\/ul><\/div><\/div>\n<div  style='height:50px' class='hr hr-invisible   avia-builder-el-8  el_after_av_social_share  el_before_av_comments_list '><span class='hr-inner ' ><span class='hr-inner-style'><\/span><\/span><\/div>\n<div  class='av-buildercomment  av-blog-meta-html-info-disabled av-blog-meta-tag-disabled  '><\/div>\n","protected":false},"excerpt":{"rendered":"","protected":false},"author":1,"featured_media":17995,"comment_status":"open","ping_status":"open","sticky":false,"template":"","format":"standard","meta":{"footnotes":""},"categories":[38],"tags":[],"class_list":["post-17994","post","type-post","status-publish","format-standard","has-post-thumbnail","hentry","category-regional"],"jetpack_featured_media_url":"https:\/\/radiorevelacionfm.cl\/wp-content\/uploads\/2022\/06\/foto-1-17-1_optimized.jpg","_links":{"self":[{"href":"https:\/\/radiorevelacionfm.cl\/index.php?rest_route=\/wp\/v2\/posts\/17994","targetHints":{"allow":["GET"]}}],"collection":[{"href":"https:\/\/radiorevelacionfm.cl\/index.php?rest_route=\/wp\/v2\/posts"}],"about":[{"href":"https:\/\/radiorevelacionfm.cl\/index.php?rest_route=\/wp\/v2\/types\/post"}],"author":[{"embeddable":true,"href":"https:\/\/radiorevelacionfm.cl\/index.php?rest_route=\/wp\/v2\/users\/1"}],"replies":[{"embeddable":true,"href":"https:\/\/radiorevelacionfm.cl\/index.php?rest_route=%2Fwp%2Fv2%2Fcomments&post=17994"}],"version-history":[{"count":2,"href":"https:\/\/radiorevelacionfm.cl\/index.php?rest_route=\/wp\/v2\/posts\/17994\/revisions"}],"predecessor-version":[{"id":17999,"href":"https:\/\/radiorevelacionfm.cl\/index.php?rest_route=\/wp\/v2\/posts\/17994\/revisions\/17999"}],"wp:featuredmedia":[{"embeddable":true,"href":"https:\/\/radiorevelacionfm.cl\/index.php?rest_route=\/wp\/v2\/media\/17995"}],"wp:attachment":[{"href":"https:\/\/radiorevelacionfm.cl\/index.php?rest_route=%2Fwp%2Fv2%2Fmedia&parent=17994"}],"wp:term":[{"taxonomy":"category","embeddable":true,"href":"https:\/\/radiorevelacionfm.cl\/index.php?rest_route=%2Fwp%2Fv2%2Fcategories&post=17994"},{"taxonomy":"post_tag","embeddable":true,"href":"https:\/\/radiorevelacionfm.cl\/index.php?rest_route=%2Fwp%2Fv2%2Ftags&post=17994"}],"curies":[{"name":"wp","href":"https:\/\/api.w.org\/{rel}","templated":true}]}}