{"id":17990,"date":"2022-06-14T12:28:05","date_gmt":"2022-06-14T15:28:05","guid":{"rendered":"https:\/\/radiorevelacionfm.cl\/?p=17990"},"modified":"2022-06-14T12:28:05","modified_gmt":"2022-06-14T15:28:05","slug":"alcalde-roncagliolo-aclaro-a-conductor-de-lugares-que-hablan-situacion-expuesta-publicamente-con-informacion-erronea","status":"publish","type":"post","link":"https:\/\/radiorevelacionfm.cl\/?p=17990","title":{"rendered":"Alcalde Roncagliolo aclar\u00f3 a conductor de \u201clugares que hablan\u201d situaci\u00f3n expuesta p\u00fablicamente con informaci\u00f3n err\u00f3nea"},"content":{"rendered":"<div class=\"flex_column av_one_full  flex_column_div av-zero-column-padding first  avia-builder-el-0  el_before_av_one_full  avia-builder-el-first  \" style='border-radius:0px; '><div  class='avia-image-container  av-styling-    avia-builder-el-1  avia-builder-el-no-sibling  avia-align-center '  itemprop=\"image\" itemscope=\"itemscope\" itemtype=\"https:\/\/schema.org\/ImageObject\"  ><div class='avia-image-container-inner'><div class='avia-image-overlay-wrap'><img decoding=\"async\" class='wp-image-17991 avia-img-lazy-loading-not-17991 avia_image' src=\"https:\/\/radiorevelacionfm.cl\/wp-content\/uploads\/2022\/06\/Gaviota-2-1-1.jpg\" alt='' title='Gaviota 2 (1) (1)' height=\"600\" width=\"1016\"  itemprop=\"thumbnailUrl\" srcset=\"https:\/\/radiorevelacionfm.cl\/wp-content\/uploads\/2022\/06\/Gaviota-2-1-1.jpg 1016w, https:\/\/radiorevelacionfm.cl\/wp-content\/uploads\/2022\/06\/Gaviota-2-1-1-300x177.jpg 300w, https:\/\/radiorevelacionfm.cl\/wp-content\/uploads\/2022\/06\/Gaviota-2-1-1-768x454.jpg 768w, https:\/\/radiorevelacionfm.cl\/wp-content\/uploads\/2022\/06\/Gaviota-2-1-1-705x416.jpg 705w, https:\/\/radiorevelacionfm.cl\/wp-content\/uploads\/2022\/06\/Gaviota-2-1-1-600x354.jpg 600w\" sizes=\"(max-width: 1016px) 100vw, 1016px\" \/><\/div><\/div><\/div><\/div><div class=\"flex_column av_one_full  flex_column_div av-zero-column-padding first  avia-builder-el-2  el_after_av_one_full  el_before_av_one_full  column-top-margin\" style='border-radius:0px; '><section class=\"av_textblock_section \"  itemscope=\"itemscope\" itemtype=\"https:\/\/schema.org\/BlogPosting\" itemprop=\"blogPost\" ><div class='avia_textblock  '   itemprop=\"text\" ><p style=\"text-align: center;\"><strong><span style=\"font-size: 18pt;\">Alcalde Roncagliolo aclar\u00f3 a conductor de \u201clugares que hablan\u201d situaci\u00f3n expuesta p\u00fablicamente con informaci\u00f3n err\u00f3nea<\/span><\/strong><\/p>\n<div id=\"gtx-trans\" style=\"position: absolute; left: -50px; top: 4.31534px;\">\n<div class=\"gtx-trans-icon\"><\/div>\n<\/div>\n<\/div><\/section><\/div><div class=\"flex_column av_one_full  flex_column_div av-zero-column-padding first  avia-builder-el-4  el_after_av_one_full  el_before_av_hr  column-top-margin\" style='border-radius:0px; '><section class=\"av_textblock_section \"  itemscope=\"itemscope\" itemtype=\"https:\/\/schema.org\/BlogPosting\" itemprop=\"blogPost\" ><div class='avia_textblock  '   itemprop=\"text\" ><p style=\"text-align: justify;\">El Alcalde de la comuna de Cisnes, Francisco Roncagliolo Lepio, en entrevista con la radio Serran\u00eda de La Junta y mientras aclaraba una situaci\u00f3n expuesta a trav\u00e9s de redes sociales y en distintos medios de comunicaci\u00f3n regionales y nacionales, en torno a una err\u00f3nea noticia publicada en Instagram por, Francisco Saavedra, conductor del programa \u201clugares que hablan\u201d, respecto al supuesto despido de una funcionaria desde la planta el\u00e9ctrica de Puerto Gaviota.<\/p>\n<p style=\"text-align: justify;\">El edil, respondi\u00f3 a los dichos del rostro televisivo con documentos y dando cuenta de que la persona a quien se hac\u00eda alusi\u00f3n, renunci\u00f3 por motivos personales, o sea, nunca fue despedida.<\/p>\n<p style=\"text-align: justify;\">\u201cComo Alcalde de la comuna de Cisnes, lamento profundamente las declaraciones vertidas en forma particular por el se\u00f1or Francisco Saavedra, a trav\u00e9s de su red social, de las cuales se hicieron eco distintos medios de comunicaci\u00f3n tanto regionales como nacionales. Esto en relaci\u00f3n al comentario sobre la persona que aparec\u00eda en uno de los programas de lugares que hablan, espec\u00edficamente de la localidad de Puerto Gaviota, hab\u00eda sido despedida, situaci\u00f3n que se ha aclarado por parte de este Municipio en forma categ\u00f3rica, argumentando que la persona renunci\u00f3 voluntariamente por temas personales, ya que, se traslad\u00f3 a otra localidad de la regi\u00f3n a vivir\u201d.<\/p>\n<p style=\"text-align: justify;\">Roncagliolo, lament\u00f3 que el conductor televisivo no haya recibido la informaci\u00f3n correcta, sobretodo porque este tipo de situaciones finalmente terminan afectando a los dirigentes y vecinos de una peque\u00f1a localidad como Puerto Gaviota.<\/p>\n<p style=\"text-align: justify;\">\u201cLo que buscamos es aclarar a la opini\u00f3n p\u00fablica, la verdadera situaci\u00f3n que ha ocurrido y lamentamos profundamente que el conductor del mencionado programa, haya emitido una informaci\u00f3n que lamentablemente es falsa, que entendemos no fue bien entregada a \u00e9l o hubo una mala interpretaci\u00f3n. Por lo mismo, queremos transmitir la tranquilidad tanto al comit\u00e9 de electrificaci\u00f3n de Puerto Gaviota, como al resto de la comunidad, que, al ver los comentarios, la exposici\u00f3n nacional y que se ha hecho en distintos medios, obviamente que se han visto en una condici\u00f3n bastante compleja, porque se han visto afectados como personas y tambi\u00e9n como dirigentes\u201d.<\/p>\n<p style=\"text-align: justify;\">Mientras el Alcalde Roncagliolo daba la entrevista sobre el tema en radio Serran\u00eda de La Junta, Francisco Saavedra se conect\u00f3 a la transmisi\u00f3n en vivo intentando defender sus declaraciones, las que fueron enfrentadas por el edil con documentaci\u00f3n en mano, a lo que se sum\u00f3 un texto del Comit\u00e9 de Electrificaci\u00f3n de Puerto Gaviota, que sustentaba lo se\u00f1alado por el Alcalde de Cisnes.<\/p>\n<p style=\"text-align: justify;\">\u201cLa persona contratada por la Municipalidad de Cisnes, encargada de la mantenci\u00f3n del generador de energ\u00eda, present\u00f3 su renuncia en forma escrita a su labor el d\u00eda 20 de febrero de 2022, aduciendo motivos personales, quien en la actualidad reside en la ciudad de Coyhaique\u201d, menciona la declaraci\u00f3n p\u00fablica de la organizaci\u00f3n local.<\/p>\n<\/div><\/section><\/div><div  style='height:50px' class='hr hr-invisible   avia-builder-el-6  el_after_av_one_full  el_before_av_social_share '><span class='hr-inner ' ><span class='hr-inner-style'><\/span><\/span><\/div><\/p>\n<div  class='av-social-sharing-box  avia-builder-el-7  el_after_av_hr  el_before_av_hr  '><div class='av-share-box'><h5 class='av-share-link-description av-no-toc '>Compartir esta noticia<\/h5><ul class='av-share-box-list noLightbox'><li class='av-share-link av-social-link-facebook' ><a target=\"_blank\" aria-label=\"Compartir en Facebook\" href='https:\/\/www.facebook.com\/sharer.php?u=https:\/\/radiorevelacionfm.cl\/?p=17990&#038;t=Alcalde%20Roncagliolo%20aclar%C3%B3%20a%20conductor%20de%20%E2%80%9Clugares%20que%20hablan%E2%80%9D%20situaci%C3%B3n%20expuesta%20p%C3%BAblicamente%20con%20informaci%C3%B3n%20err%C3%B3nea' aria-hidden='false' data-av_icon='\ue8f3' data-av_iconfont='entypo-fontello' title='' data-avia-related-tooltip='Compartir en Facebook' rel=\"noopener\"><span class='avia_hidden_link_text'>Compartir en Facebook<\/span><\/a><\/li><li class='av-share-link av-social-link-twitter' ><a target=\"_blank\" aria-label=\"Compartir en Twitter\" href='https:\/\/twitter.com\/share?text=Alcalde%20Roncagliolo%20aclar%C3%B3%20a%20conductor%20de%20%E2%80%9Clugares%20que%20hablan%E2%80%9D%20situaci%C3%B3n%20expuesta%20p%C3%BAblicamente%20con%20informaci%C3%B3n%20err%C3%B3nea&#038;url=https:\/\/radiorevelacionfm.cl\/?p=17990' aria-hidden='false' data-av_icon='\ue8f1' data-av_iconfont='entypo-fontello' title='' data-avia-related-tooltip='Compartir en Twitter' rel=\"noopener\"><span class='avia_hidden_link_text'>Compartir en Twitter<\/span><\/a><\/li><li class='av-share-link av-social-link-whatsapp' ><a target=\"_blank\" aria-label=\"Compartir en Whatsapp\" href='https:\/\/api.whatsapp.com\/send?text=https:\/\/radiorevelacionfm.cl\/?p=17990' aria-hidden='false' data-av_icon='\uf232' data-av_iconfont='entypo-fontello' title='' data-avia-related-tooltip='Compartir en Whatsapp' rel=\"noopener\"><span class='avia_hidden_link_text'>Compartir en Whatsapp<\/span><\/a><\/li><li class='av-share-link av-social-link-linkedin' ><a target=\"_blank\" aria-label=\"Compartir en LinkedIn\" href='https:\/\/linkedin.com\/shareArticle?mini=true&#038;title=Alcalde%20Roncagliolo%20aclar%C3%B3%20a%20conductor%20de%20%E2%80%9Clugares%20que%20hablan%E2%80%9D%20situaci%C3%B3n%20expuesta%20p%C3%BAblicamente%20con%20informaci%C3%B3n%20err%C3%B3nea&#038;url=https:\/\/radiorevelacionfm.cl\/?p=17990' aria-hidden='false' data-av_icon='\ue8fc' data-av_iconfont='entypo-fontello' title='' data-avia-related-tooltip='Compartir en LinkedIn' rel=\"noopener\"><span class='avia_hidden_link_text'>Compartir en LinkedIn<\/span><\/a><\/li><li class='av-share-link av-social-link-mail' ><a  aria-label=\"Compartir por correo\" href='mailto:?subject=Alcalde%20Roncagliolo%20aclar%C3%B3%20a%20conductor%20de%20%E2%80%9Clugares%20que%20hablan%E2%80%9D%20situaci%C3%B3n%20expuesta%20p%C3%BAblicamente%20con%20informaci%C3%B3n%20err%C3%B3nea&#038;body=https:\/\/radiorevelacionfm.cl\/?p=17990' aria-hidden='false' data-av_icon='\ue805' data-av_iconfont='entypo-fontello' title='' data-avia-related-tooltip='Compartir por correo'><span class='avia_hidden_link_text'>Compartir por correo<\/span><\/a><\/li><\/ul><\/div><\/div>\n<div  style='height:50px' class='hr hr-invisible   avia-builder-el-8  el_after_av_social_share  el_before_av_comments_list '><span class='hr-inner ' ><span class='hr-inner-style'><\/span><\/span><\/div>\n<div  class='av-buildercomment  av-blog-meta-html-info-disabled av-blog-meta-tag-disabled  '><\/div>\n","protected":false},"excerpt":{"rendered":"","protected":false},"author":1,"featured_media":17991,"comment_status":"open","ping_status":"open","sticky":false,"template":"","format":"standard","meta":{"footnotes":""},"categories":[38],"tags":[],"class_list":["post-17990","post","type-post","status-publish","format-standard","has-post-thumbnail","hentry","category-regional"],"jetpack_featured_media_url":"https:\/\/radiorevelacionfm.cl\/wp-content\/uploads\/2022\/06\/Gaviota-2-1-1.jpg","_links":{"self":[{"href":"https:\/\/radiorevelacionfm.cl\/index.php?rest_route=\/wp\/v2\/posts\/17990","targetHints":{"allow":["GET"]}}],"collection":[{"href":"https:\/\/radiorevelacionfm.cl\/index.php?rest_route=\/wp\/v2\/posts"}],"about":[{"href":"https:\/\/radiorevelacionfm.cl\/index.php?rest_route=\/wp\/v2\/types\/post"}],"author":[{"embeddable":true,"href":"https:\/\/radiorevelacionfm.cl\/index.php?rest_route=\/wp\/v2\/users\/1"}],"replies":[{"embeddable":true,"href":"https:\/\/radiorevelacionfm.cl\/index.php?rest_route=%2Fwp%2Fv2%2Fcomments&post=17990"}],"version-history":[{"count":2,"href":"https:\/\/radiorevelacionfm.cl\/index.php?rest_route=\/wp\/v2\/posts\/17990\/revisions"}],"predecessor-version":[{"id":17993,"href":"https:\/\/radiorevelacionfm.cl\/index.php?rest_route=\/wp\/v2\/posts\/17990\/revisions\/17993"}],"wp:featuredmedia":[{"embeddable":true,"href":"https:\/\/radiorevelacionfm.cl\/index.php?rest_route=\/wp\/v2\/media\/17991"}],"wp:attachment":[{"href":"https:\/\/radiorevelacionfm.cl\/index.php?rest_route=%2Fwp%2Fv2%2Fmedia&parent=17990"}],"wp:term":[{"taxonomy":"category","embeddable":true,"href":"https:\/\/radiorevelacionfm.cl\/index.php?rest_route=%2Fwp%2Fv2%2Fcategories&post=17990"},{"taxonomy":"post_tag","embeddable":true,"href":"https:\/\/radiorevelacionfm.cl\/index.php?rest_route=%2Fwp%2Fv2%2Ftags&post=17990"}],"curies":[{"name":"wp","href":"https:\/\/api.w.org\/{rel}","templated":true}]}}