{"id":17984,"date":"2022-06-14T11:13:36","date_gmt":"2022-06-14T14:13:36","guid":{"rendered":"https:\/\/radiorevelacionfm.cl\/?p=17984"},"modified":"2022-06-14T11:13:36","modified_gmt":"2022-06-14T14:13:36","slug":"core-aprueba-recursos-para-el-diseno-del-nuevo-edificio-consistorial-de-cochrane","status":"publish","type":"post","link":"https:\/\/radiorevelacionfm.cl\/?p=17984","title":{"rendered":"CORE aprueba recursos para el dise\u00f1o del nuevo Edificio Consistorial de Cochrane"},"content":{"rendered":"<div class=\"flex_column av_one_full  flex_column_div av-zero-column-padding first  avia-builder-el-0  el_before_av_one_full  avia-builder-el-first  \" style='border-radius:0px; '><div  class='avia-image-container  av-styling-    avia-builder-el-1  avia-builder-el-no-sibling  avia-align-center '  itemprop=\"image\" itemscope=\"itemscope\" itemtype=\"https:\/\/schema.org\/ImageObject\"  ><div class='avia-image-container-inner'><div class='avia-image-overlay-wrap'><img decoding=\"async\" class='wp-image-17985 avia-img-lazy-loading-not-17985 avia_image' src=\"https:\/\/radiorevelacionfm.cl\/wp-content\/uploads\/2022\/06\/cochrane-2-1_optimized.jpeg\" alt='' title='cochrane-2-(1)_optimized' height=\"600\" width=\"900\"  itemprop=\"thumbnailUrl\" srcset=\"https:\/\/radiorevelacionfm.cl\/wp-content\/uploads\/2022\/06\/cochrane-2-1_optimized.jpeg 900w, https:\/\/radiorevelacionfm.cl\/wp-content\/uploads\/2022\/06\/cochrane-2-1_optimized-300x200.jpeg 300w, https:\/\/radiorevelacionfm.cl\/wp-content\/uploads\/2022\/06\/cochrane-2-1_optimized-768x512.jpeg 768w, https:\/\/radiorevelacionfm.cl\/wp-content\/uploads\/2022\/06\/cochrane-2-1_optimized-705x470.jpeg 705w, https:\/\/radiorevelacionfm.cl\/wp-content\/uploads\/2022\/06\/cochrane-2-1_optimized-600x400.jpeg 600w\" sizes=\"(max-width: 900px) 100vw, 900px\" \/><\/div><\/div><\/div><\/div><div class=\"flex_column av_one_full  flex_column_div av-zero-column-padding first  avia-builder-el-2  el_after_av_one_full  el_before_av_one_full  column-top-margin\" style='border-radius:0px; '><section class=\"av_textblock_section \"  itemscope=\"itemscope\" itemtype=\"https:\/\/schema.org\/BlogPosting\" itemprop=\"blogPost\" ><div class='avia_textblock  '   itemprop=\"text\" ><p style=\"text-align: center;\"><span style=\"font-size: 18pt;\"><b>CORE aprueba recursos para el dise\u00f1o del nuevo Edificio Consistorial de Cochrane<\/b><\/span><\/p>\n<div id=\"gtx-trans\" style=\"position: absolute; left: -50px; top: 4.31534px;\">\n<div class=\"gtx-trans-icon\"><\/div>\n<\/div>\n<\/div><\/section><\/div><div class=\"flex_column av_one_full  flex_column_div av-zero-column-padding first  avia-builder-el-4  el_after_av_one_full  el_before_av_hr  column-top-margin\" style='border-radius:0px; '><section class=\"av_textblock_section \"  itemscope=\"itemscope\" itemtype=\"https:\/\/schema.org\/BlogPosting\" itemprop=\"blogPost\" ><div class='avia_textblock  '   itemprop=\"text\" ><p style=\"text-align: justify;\">\u00abEstamos profundamente contentos por la aprobaci\u00f3n de manera un\u00e1nime de esta iniciativa el dise\u00f1o del nuevo edificio consistorial. Una iniciativa esperada no solamente por los funcionarios y funcionarias quienes se van haber vistos considerablemente mejorado en la atenci\u00f3n que realizan cotidianamente a los vecinos y vecinas de Cochrane; sino que tambi\u00e9n debe convertirse en un proceso muy participativo que permita tambi\u00e9n esta nueva construcci\u00f3n, ser parte de un dise\u00f1o arquitect\u00f3nico que permita mejorar las condiciones est\u00e9ticas y aportar precisamente tambi\u00e9n al desarrollo tur\u00edstico de Cochrane, capital de la provincia de Los Glaciares, la tierra del Baker\u00bb, coment\u00f3 el alcalde Jorge Calder\u00f3n ante la noticia de la aprobaci\u00f3n del proyecto.<\/p>\n<p style=\"text-align: justify;\">Para la Gobernadora Andrea Mac\u00edas, quien puso el punto en tabla de discusi\u00f3n, la iniciativa es muy esperada por la comunidad y se hizo eco de esta demanda. \u00abHoy d\u00eda en el pleno Consejo Regional y con la venia de todos los Consejeros y Consejeras se ha probado el financiamiento para elaborar el dise\u00f1o que es necesario para poder avanzar hacia el edificio consistorial de la comuna de Cochrane. Hemos estado en terreno, hemos estado en Cochrane y es claro ver que hay un d\u00e9ficit de infraestructura que no permite brindar una atenci\u00f3n adecuada a las personas en t\u00e9rminos de espacio f\u00edsico, pero adem\u00e1s para las propias personas que trabajan en el Municipio en funci\u00f3n de su comunidad. As\u00ed que estamos contentas y esperamos que este dise\u00f1o de una vez que se concrete pueda avanzar a su ejecuci\u00f3n\u00bb.<\/p>\n<p style=\"text-align: justify;\">Por su parte, los Consejeros de la Provincia tambi\u00e9n valoraron el hecho como una gran noticia, ya que va en la direcci\u00f3n de mejorar el acceso a servicios de parte de los vecinos y vecinas de la comuna.<\/p>\n<p style=\"text-align: justify;\">Para el Consejero Regional Jorge Abello, esta es \u00abUna gran noticia, por cierto agradecemos a la Gobernadora que lo haya puesto en tabla a discusi\u00f3n del Consejo Regional, una iniciativa como bien ella se\u00f1alaba, hab\u00eda conocido en terreno las condiciones del edificio que por a\u00f1os ya ha cumplido su vida \u00fatil. Hoy d\u00eda finalmente se concreta, el alcalde Jorge Calder\u00f3n fue insistente y enf\u00e1tico en poder avanzar en esta iniciativa, as\u00ed que nos alegra por lo que viene por qu\u00e9 los funcionarios van a tener un espacio por cierto m\u00e1s digno para su trabajo y la comunidad va a ser mejor atendida\u00bb, manifest\u00f3.<\/p>\n<p style=\"text-align: justify;\">Por su parte el Consejero V\u00edctor Escobar, secund\u00f3 la mejora en la calidad del trabajo que tendr\u00e1n en las futuras instalaciones los funcionarios y funcionarias. \u00abMe parece s\u00faper positivo lo que ha pasado el d\u00eda de hoy en el pleno del consejo poder aprobar estos recursos para el dise\u00f1o del edificio consistorial por muchos a\u00f1os muchos funcionarios que han pasado han tenido que trabajar en un edificio que finalmente no cumple con las condiciones y esto viene a mejorar la calidad de vida de los funcionarios que trabajan cada d\u00eda y as\u00ed que muy contento\u00bb.<\/p>\n<p style=\"text-align: justify;\">La inversi\u00f3n para el dise\u00f1o del nuevo edificio consistorial costar\u00e1 M$209.875 pesos y beneficiar\u00e1 a los m\u00e1s de 3 mil habitantes de la comuna de Cochrane.<\/p>\n<\/div><\/section><\/div><div  style='height:50px' class='hr hr-invisible   avia-builder-el-6  el_after_av_one_full  el_before_av_social_share '><span class='hr-inner ' ><span class='hr-inner-style'><\/span><\/span><\/div><\/p>\n<div  class='av-social-sharing-box  avia-builder-el-7  el_after_av_hr  el_before_av_hr  '><div class='av-share-box'><h5 class='av-share-link-description av-no-toc '>Compartir esta noticia<\/h5><ul class='av-share-box-list noLightbox'><li class='av-share-link av-social-link-facebook' ><a target=\"_blank\" aria-label=\"Compartir en Facebook\" href='https:\/\/www.facebook.com\/sharer.php?u=https:\/\/radiorevelacionfm.cl\/?p=17984&#038;t=CORE%20aprueba%20recursos%20para%20el%20dise%C3%B1o%20del%20nuevo%20Edificio%20Consistorial%20de%20Cochrane' aria-hidden='false' data-av_icon='\ue8f3' data-av_iconfont='entypo-fontello' title='' data-avia-related-tooltip='Compartir en Facebook' rel=\"noopener\"><span class='avia_hidden_link_text'>Compartir en Facebook<\/span><\/a><\/li><li class='av-share-link av-social-link-twitter' ><a target=\"_blank\" aria-label=\"Compartir en Twitter\" href='https:\/\/twitter.com\/share?text=CORE%20aprueba%20recursos%20para%20el%20dise%C3%B1o%20del%20nuevo%20Edificio%20Consistorial%20de%20Cochrane&#038;url=https:\/\/radiorevelacionfm.cl\/?p=17984' aria-hidden='false' data-av_icon='\ue8f1' data-av_iconfont='entypo-fontello' title='' data-avia-related-tooltip='Compartir en Twitter' rel=\"noopener\"><span class='avia_hidden_link_text'>Compartir en Twitter<\/span><\/a><\/li><li class='av-share-link av-social-link-whatsapp' ><a target=\"_blank\" aria-label=\"Compartir en Whatsapp\" href='https:\/\/api.whatsapp.com\/send?text=https:\/\/radiorevelacionfm.cl\/?p=17984' aria-hidden='false' data-av_icon='\uf232' data-av_iconfont='entypo-fontello' title='' data-avia-related-tooltip='Compartir en Whatsapp' rel=\"noopener\"><span class='avia_hidden_link_text'>Compartir en Whatsapp<\/span><\/a><\/li><li class='av-share-link av-social-link-linkedin' ><a target=\"_blank\" aria-label=\"Compartir en LinkedIn\" href='https:\/\/linkedin.com\/shareArticle?mini=true&#038;title=CORE%20aprueba%20recursos%20para%20el%20dise%C3%B1o%20del%20nuevo%20Edificio%20Consistorial%20de%20Cochrane&#038;url=https:\/\/radiorevelacionfm.cl\/?p=17984' aria-hidden='false' data-av_icon='\ue8fc' data-av_iconfont='entypo-fontello' title='' data-avia-related-tooltip='Compartir en LinkedIn' rel=\"noopener\"><span class='avia_hidden_link_text'>Compartir en LinkedIn<\/span><\/a><\/li><li class='av-share-link av-social-link-mail' ><a  aria-label=\"Compartir por correo\" href='mailto:?subject=CORE%20aprueba%20recursos%20para%20el%20dise%C3%B1o%20del%20nuevo%20Edificio%20Consistorial%20de%20Cochrane&#038;body=https:\/\/radiorevelacionfm.cl\/?p=17984' aria-hidden='false' data-av_icon='\ue805' data-av_iconfont='entypo-fontello' title='' data-avia-related-tooltip='Compartir por correo'><span class='avia_hidden_link_text'>Compartir por correo<\/span><\/a><\/li><\/ul><\/div><\/div>\n<div  style='height:50px' class='hr hr-invisible   avia-builder-el-8  el_after_av_social_share  el_before_av_comments_list '><span class='hr-inner ' ><span class='hr-inner-style'><\/span><\/span><\/div>\n<div  class='av-buildercomment  av-blog-meta-html-info-disabled av-blog-meta-tag-disabled  '><\/div>\n","protected":false},"excerpt":{"rendered":"","protected":false},"author":1,"featured_media":17985,"comment_status":"open","ping_status":"open","sticky":false,"template":"","format":"standard","meta":{"footnotes":""},"categories":[38],"tags":[],"class_list":["post-17984","post","type-post","status-publish","format-standard","has-post-thumbnail","hentry","category-regional"],"jetpack_featured_media_url":"https:\/\/radiorevelacionfm.cl\/wp-content\/uploads\/2022\/06\/cochrane-2-1_optimized.jpeg","_links":{"self":[{"href":"https:\/\/radiorevelacionfm.cl\/index.php?rest_route=\/wp\/v2\/posts\/17984","targetHints":{"allow":["GET"]}}],"collection":[{"href":"https:\/\/radiorevelacionfm.cl\/index.php?rest_route=\/wp\/v2\/posts"}],"about":[{"href":"https:\/\/radiorevelacionfm.cl\/index.php?rest_route=\/wp\/v2\/types\/post"}],"author":[{"embeddable":true,"href":"https:\/\/radiorevelacionfm.cl\/index.php?rest_route=\/wp\/v2\/users\/1"}],"replies":[{"embeddable":true,"href":"https:\/\/radiorevelacionfm.cl\/index.php?rest_route=%2Fwp%2Fv2%2Fcomments&post=17984"}],"version-history":[{"count":2,"href":"https:\/\/radiorevelacionfm.cl\/index.php?rest_route=\/wp\/v2\/posts\/17984\/revisions"}],"predecessor-version":[{"id":17987,"href":"https:\/\/radiorevelacionfm.cl\/index.php?rest_route=\/wp\/v2\/posts\/17984\/revisions\/17987"}],"wp:featuredmedia":[{"embeddable":true,"href":"https:\/\/radiorevelacionfm.cl\/index.php?rest_route=\/wp\/v2\/media\/17985"}],"wp:attachment":[{"href":"https:\/\/radiorevelacionfm.cl\/index.php?rest_route=%2Fwp%2Fv2%2Fmedia&parent=17984"}],"wp:term":[{"taxonomy":"category","embeddable":true,"href":"https:\/\/radiorevelacionfm.cl\/index.php?rest_route=%2Fwp%2Fv2%2Fcategories&post=17984"},{"taxonomy":"post_tag","embeddable":true,"href":"https:\/\/radiorevelacionfm.cl\/index.php?rest_route=%2Fwp%2Fv2%2Ftags&post=17984"}],"curies":[{"name":"wp","href":"https:\/\/api.w.org\/{rel}","templated":true}]}}