{"id":17980,"date":"2022-06-14T11:35:42","date_gmt":"2022-06-14T14:35:42","guid":{"rendered":"https:\/\/radiorevelacionfm.cl\/?p=17980"},"modified":"2022-06-14T11:35:42","modified_gmt":"2022-06-14T14:35:42","slug":"de-forma-unanime-alcaldes-de-la-aremu-ratifican-directorio-con-marcelo-santana-en-la-presidencia","status":"publish","type":"post","link":"https:\/\/radiorevelacionfm.cl\/?p=17980","title":{"rendered":"De forma un\u00e1nime alcaldes de la AREMU ratifican directorio con Marcelo Santana en la presidencia"},"content":{"rendered":"<div class=\"flex_column av_one_full  flex_column_div av-zero-column-padding first  avia-builder-el-0  el_before_av_one_full  avia-builder-el-first  \" style='border-radius:0px; '><div  class='avia-image-container  av-styling-    avia-builder-el-1  avia-builder-el-no-sibling  avia-align-center '  itemprop=\"image\" itemscope=\"itemscope\" itemtype=\"https:\/\/schema.org\/ImageObject\"  ><div class='avia-image-container-inner'><div class='avia-image-overlay-wrap'><img decoding=\"async\" class='wp-image-17981 avia-img-lazy-loading-not-17981 avia_image' src=\"https:\/\/radiorevelacionfm.cl\/wp-content\/uploads\/2022\/06\/FOTO-AREMU-JUNIO-1-1.jpg\" alt='' title='FOTO AREMU JUNIO (1) (1)' height=\"600\" width=\"1032\"  itemprop=\"thumbnailUrl\" srcset=\"https:\/\/radiorevelacionfm.cl\/wp-content\/uploads\/2022\/06\/FOTO-AREMU-JUNIO-1-1.jpg 1032w, https:\/\/radiorevelacionfm.cl\/wp-content\/uploads\/2022\/06\/FOTO-AREMU-JUNIO-1-1-300x174.jpg 300w, https:\/\/radiorevelacionfm.cl\/wp-content\/uploads\/2022\/06\/FOTO-AREMU-JUNIO-1-1-1030x599.jpg 1030w, https:\/\/radiorevelacionfm.cl\/wp-content\/uploads\/2022\/06\/FOTO-AREMU-JUNIO-1-1-768x447.jpg 768w, https:\/\/radiorevelacionfm.cl\/wp-content\/uploads\/2022\/06\/FOTO-AREMU-JUNIO-1-1-705x410.jpg 705w, https:\/\/radiorevelacionfm.cl\/wp-content\/uploads\/2022\/06\/FOTO-AREMU-JUNIO-1-1-600x349.jpg 600w\" sizes=\"(max-width: 1032px) 100vw, 1032px\" \/><\/div><\/div><\/div><\/div><div class=\"flex_column av_one_full  flex_column_div av-zero-column-padding first  avia-builder-el-2  el_after_av_one_full  el_before_av_one_full  column-top-margin\" style='border-radius:0px; '><section class=\"av_textblock_section \"  itemscope=\"itemscope\" itemtype=\"https:\/\/schema.org\/BlogPosting\" itemprop=\"blogPost\" ><div class='avia_textblock  '   itemprop=\"text\" ><p style=\"text-align: center;\"><span style=\"font-size: 18pt;\"><b>De forma un\u00e1nime alcaldes de la AREMU ratifican directorio con Marcelo Santana en la presidencia<\/b><\/span><\/p>\n<div id=\"gtx-trans\" style=\"position: absolute; left: -50px; top: 4.31534px;\">\n<div class=\"gtx-trans-icon\"><\/div>\n<\/div>\n<\/div><\/section><\/div><div class=\"flex_column av_one_full  flex_column_div av-zero-column-padding first  avia-builder-el-4  el_after_av_one_full  el_before_av_hr  column-top-margin\" style='border-radius:0px; '><section class=\"av_textblock_section \"  itemscope=\"itemscope\" itemtype=\"https:\/\/schema.org\/BlogPosting\" itemprop=\"blogPost\" ><div class='avia_textblock  '   itemprop=\"text\" ><p style=\"font-weight: 400; text-align: justify;\">Durante una nueva sesi\u00f3n de la AREMU, realizada el 9 de junio en la ciudad de Coyhaique, se decidi\u00f3 de forma un\u00e1nime la ratificaci\u00f3n del directorio de la asociaci\u00f3n, con la presencia de 9 de los diez alcaldes de la Regi\u00f3n de Ays\u00e9n que conforman esta instituci\u00f3n.<\/p>\n<p style=\"font-weight: 400; text-align: justify;\">\u201cEs un gesto de enorme confianza ratificarnos como directorio por un a\u00f1o m\u00e1s, para continuar con las directrices en las que hemos avanzado como AREMU. En ese sentido estamos convencidos que trabajar de manera asociativa nos genera mejores resultados a que cada municipio se empe\u00f1e solo en alcanzar objetivos que son comunes\u201d afirm\u00f3 el presidente de la AREMU, Marcelo Santana Vargas, tras su ratificaci\u00f3n.<\/p>\n<p style=\"font-weight: 400; text-align: justify;\">La AREMU es una entidad que representa a los diez municipios de la Regi\u00f3n de Ays\u00e9n, desde la comuna de Guaitecas hasta Villa O\u00b4Higgins, donde se analizan y gestionan temas relacionados con el quehacer municipal y la funci\u00f3n de los gobiernos locales en pos de las necesidades particulares de sus comunidades.<\/p>\n<p style=\"font-weight: 400; text-align: justify;\">Una tarea que requiere de consensos y uni\u00f3n desde sus gobiernos comunales, as\u00ed lo afirma el acalde de la comuna de Tortel, Abel Becerra \u201ccomo todo en estos tiempos, lo que hay que generar son consensos y lo que ocurri\u00f3 fue eso. Como alcaldes acordamos que el m\u00e1s id\u00f3neo para dirigir la asociaci\u00f3n era la directiva que actualmente est\u00e1\u201d.<\/p>\n<p style=\"font-weight: 400; text-align: justify;\">La decisi\u00f3n fue tomada luego de un a\u00f1o de las elecciones alcaldicias realizadas el 2021, la cual trajo nuevos rostros a la Asociaci\u00f3n, con nuevas ideas que se complementan a la experiencia de los alcaldes reelectos. Caracter\u00edstica que se suma al cambio de gobierno en marzo del presente a\u00f1o, cuyo proyecto promete pol\u00edticas p\u00fablicas descentralizadas.<\/p>\n<p style=\"font-weight: 400; text-align: justify;\">Este plan es un desaf\u00edo y a la vez, una oportunidad para la AREMU \u201cdebemos tener propuestas regionales que nazcan de la visi\u00f3n municipal, ya que desde el mundo parlamentario no se han generado propuestas de desarrollo o avances de temas pendientes, de hace muchos a\u00f1os en la Regi\u00f3n de Ays\u00e9n\u201d, afirm\u00f3 Luperciano Mu\u00f1oz, alcalde de la comuna de Chile Chico.<\/p>\n<p style=\"font-weight: 400; text-align: justify;\">Esta ratificaci\u00f3n permite al directorio seguir avanzando en su proyecto de gesti\u00f3n comunal. El alcalde de Cochrane, tesorero de esta directiva, afirma que desde la AREMU es necesario \u201cestablecer alianzas desde el sector privado y con autoridades ministeriales, que nos permitan sacar adelante procesos de inversi\u00f3n que son importantes para el desarrollo de las comunas\u201d.<\/p>\n<p style=\"font-weight: 400; text-align: justify;\">Alianzas que estar\u00edan alineadas a los desaf\u00edos de fortalecimiento y desarrollo planteados en esta sesi\u00f3n de la AREMU, los cuales seguir\u00e1n en manos de su directiva conformada por su Presidente, Marcelo Santana -alcalde de R\u00edo Ib\u00e1\u00f1ez-; Vicepresidente, Carlos Gatica Villegas -alcalde de Coyhaique-; Secretario, Francisco Roncagliolo- alcalde de cisnes- y tesorero, Jos\u00e9 Calder\u00f3n N\u00fa\u00f1ez- alcalde de Cochrane-.<\/p>\n<p style=\"font-weight: 400; text-align: justify;\">La primera acci\u00f3n tomada por la directiva fue reunirse con la seremi de Bienes Nacionales, solicitando un espacio f\u00edsico para la asociaci\u00f3n, y posteriormente, fijar un encuentro con la seremi de salud por campa\u00f1as de prevenci\u00f3n COVID-19, con el Director de Sernatur, y coordinar la presencia de la AREMU en la actividad \u201cJornada de Trabajo de Gobierno Regional, Alcalde y SUBDERE\u201d, que se realizar\u00e1 este mi\u00e9rcoles 15 de junio.<\/p>\n<\/div><\/section><\/div><div  style='height:50px' class='hr hr-invisible   avia-builder-el-6  el_after_av_one_full  el_before_av_social_share '><span class='hr-inner ' ><span class='hr-inner-style'><\/span><\/span><\/div><\/p>\n<div  class='av-social-sharing-box  avia-builder-el-7  el_after_av_hr  el_before_av_hr  '><div class='av-share-box'><h5 class='av-share-link-description av-no-toc '>Compartir esta noticia<\/h5><ul class='av-share-box-list noLightbox'><li class='av-share-link av-social-link-facebook' ><a target=\"_blank\" aria-label=\"Compartir en Facebook\" href='https:\/\/www.facebook.com\/sharer.php?u=https:\/\/radiorevelacionfm.cl\/?p=17980&#038;t=De%20forma%20un%C3%A1nime%20alcaldes%20de%20la%20AREMU%20ratifican%20directorio%20con%20Marcelo%20Santana%20en%20la%20presidencia' aria-hidden='false' data-av_icon='\ue8f3' data-av_iconfont='entypo-fontello' title='' data-avia-related-tooltip='Compartir en Facebook' rel=\"noopener\"><span class='avia_hidden_link_text'>Compartir en Facebook<\/span><\/a><\/li><li class='av-share-link av-social-link-twitter' ><a target=\"_blank\" aria-label=\"Compartir en Twitter\" href='https:\/\/twitter.com\/share?text=De%20forma%20un%C3%A1nime%20alcaldes%20de%20la%20AREMU%20ratifican%20directorio%20con%20Marcelo%20Santana%20en%20la%20presidencia&#038;url=https:\/\/radiorevelacionfm.cl\/?p=17980' aria-hidden='false' data-av_icon='\ue8f1' data-av_iconfont='entypo-fontello' title='' data-avia-related-tooltip='Compartir en Twitter' rel=\"noopener\"><span class='avia_hidden_link_text'>Compartir en Twitter<\/span><\/a><\/li><li class='av-share-link av-social-link-whatsapp' ><a target=\"_blank\" aria-label=\"Compartir en Whatsapp\" href='https:\/\/api.whatsapp.com\/send?text=https:\/\/radiorevelacionfm.cl\/?p=17980' aria-hidden='false' data-av_icon='\uf232' data-av_iconfont='entypo-fontello' title='' data-avia-related-tooltip='Compartir en Whatsapp' rel=\"noopener\"><span class='avia_hidden_link_text'>Compartir en Whatsapp<\/span><\/a><\/li><li class='av-share-link av-social-link-linkedin' ><a target=\"_blank\" aria-label=\"Compartir en LinkedIn\" href='https:\/\/linkedin.com\/shareArticle?mini=true&#038;title=De%20forma%20un%C3%A1nime%20alcaldes%20de%20la%20AREMU%20ratifican%20directorio%20con%20Marcelo%20Santana%20en%20la%20presidencia&#038;url=https:\/\/radiorevelacionfm.cl\/?p=17980' aria-hidden='false' data-av_icon='\ue8fc' data-av_iconfont='entypo-fontello' title='' data-avia-related-tooltip='Compartir en LinkedIn' rel=\"noopener\"><span class='avia_hidden_link_text'>Compartir en LinkedIn<\/span><\/a><\/li><li class='av-share-link av-social-link-mail' ><a  aria-label=\"Compartir por correo\" href='mailto:?subject=De%20forma%20un%C3%A1nime%20alcaldes%20de%20la%20AREMU%20ratifican%20directorio%20con%20Marcelo%20Santana%20en%20la%20presidencia&#038;body=https:\/\/radiorevelacionfm.cl\/?p=17980' aria-hidden='false' data-av_icon='\ue805' data-av_iconfont='entypo-fontello' title='' data-avia-related-tooltip='Compartir por correo'><span class='avia_hidden_link_text'>Compartir por correo<\/span><\/a><\/li><\/ul><\/div><\/div>\n<div  style='height:50px' class='hr hr-invisible   avia-builder-el-8  el_after_av_social_share  el_before_av_comments_list '><span class='hr-inner ' ><span class='hr-inner-style'><\/span><\/span><\/div>\n<div  class='av-buildercomment  av-blog-meta-html-info-disabled av-blog-meta-tag-disabled  '><\/div>\n","protected":false},"excerpt":{"rendered":"","protected":false},"author":1,"featured_media":17981,"comment_status":"open","ping_status":"open","sticky":false,"template":"","format":"standard","meta":{"footnotes":""},"categories":[38],"tags":[],"class_list":["post-17980","post","type-post","status-publish","format-standard","has-post-thumbnail","hentry","category-regional"],"jetpack_featured_media_url":"https:\/\/radiorevelacionfm.cl\/wp-content\/uploads\/2022\/06\/FOTO-AREMU-JUNIO-1-1.jpg","_links":{"self":[{"href":"https:\/\/radiorevelacionfm.cl\/index.php?rest_route=\/wp\/v2\/posts\/17980","targetHints":{"allow":["GET"]}}],"collection":[{"href":"https:\/\/radiorevelacionfm.cl\/index.php?rest_route=\/wp\/v2\/posts"}],"about":[{"href":"https:\/\/radiorevelacionfm.cl\/index.php?rest_route=\/wp\/v2\/types\/post"}],"author":[{"embeddable":true,"href":"https:\/\/radiorevelacionfm.cl\/index.php?rest_route=\/wp\/v2\/users\/1"}],"replies":[{"embeddable":true,"href":"https:\/\/radiorevelacionfm.cl\/index.php?rest_route=%2Fwp%2Fv2%2Fcomments&post=17980"}],"version-history":[{"count":2,"href":"https:\/\/radiorevelacionfm.cl\/index.php?rest_route=\/wp\/v2\/posts\/17980\/revisions"}],"predecessor-version":[{"id":17989,"href":"https:\/\/radiorevelacionfm.cl\/index.php?rest_route=\/wp\/v2\/posts\/17980\/revisions\/17989"}],"wp:featuredmedia":[{"embeddable":true,"href":"https:\/\/radiorevelacionfm.cl\/index.php?rest_route=\/wp\/v2\/media\/17981"}],"wp:attachment":[{"href":"https:\/\/radiorevelacionfm.cl\/index.php?rest_route=%2Fwp%2Fv2%2Fmedia&parent=17980"}],"wp:term":[{"taxonomy":"category","embeddable":true,"href":"https:\/\/radiorevelacionfm.cl\/index.php?rest_route=%2Fwp%2Fv2%2Fcategories&post=17980"},{"taxonomy":"post_tag","embeddable":true,"href":"https:\/\/radiorevelacionfm.cl\/index.php?rest_route=%2Fwp%2Fv2%2Ftags&post=17980"}],"curies":[{"name":"wp","href":"https:\/\/api.w.org\/{rel}","templated":true}]}}