{"id":17976,"date":"2022-06-15T22:29:27","date_gmt":"2022-06-16T01:29:27","guid":{"rendered":"https:\/\/radiorevelacionfm.cl\/?p=17976"},"modified":"2022-06-15T22:29:27","modified_gmt":"2022-06-16T01:29:27","slug":"a-ley-dia-nacional-del-pescador-artesanal-se-conmemorara-cada-29-de-junio","status":"publish","type":"post","link":"https:\/\/radiorevelacionfm.cl\/?p=17976","title":{"rendered":"A ley \u201cD\u00eda Nacional del Pescador Artesanal\u201d se conmemorar\u00e1 cada 29 de junio"},"content":{"rendered":"<div class=\"flex_column av_one_full  flex_column_div av-zero-column-padding first  avia-builder-el-0  el_before_av_one_full  avia-builder-el-first  \" style='border-radius:0px; '><div  class='avia-image-container  av-styling-    avia-builder-el-1  avia-builder-el-no-sibling  avia-align-center '  itemprop=\"image\" itemscope=\"itemscope\" itemtype=\"https:\/\/schema.org\/ImageObject\"  ><div class='avia-image-container-inner'><div class='avia-image-overlay-wrap'><img decoding=\"async\" class='wp-image-17977 avia-img-lazy-loading-not-17977 avia_image' src=\"https:\/\/radiorevelacionfm.cl\/wp-content\/uploads\/2022\/06\/pesca-artesanal-750x430-1-1_optimized.jpeg\" alt='' title='pesca-artesanal-750x430-1-(1)_optimized' height=\"600\" width=\"1047\"  itemprop=\"thumbnailUrl\" srcset=\"https:\/\/radiorevelacionfm.cl\/wp-content\/uploads\/2022\/06\/pesca-artesanal-750x430-1-1_optimized.jpeg 1047w, https:\/\/radiorevelacionfm.cl\/wp-content\/uploads\/2022\/06\/pesca-artesanal-750x430-1-1_optimized-300x172.jpeg 300w, https:\/\/radiorevelacionfm.cl\/wp-content\/uploads\/2022\/06\/pesca-artesanal-750x430-1-1_optimized-1030x590.jpeg 1030w, https:\/\/radiorevelacionfm.cl\/wp-content\/uploads\/2022\/06\/pesca-artesanal-750x430-1-1_optimized-768x440.jpeg 768w, https:\/\/radiorevelacionfm.cl\/wp-content\/uploads\/2022\/06\/pesca-artesanal-750x430-1-1_optimized-705x404.jpeg 705w, https:\/\/radiorevelacionfm.cl\/wp-content\/uploads\/2022\/06\/pesca-artesanal-750x430-1-1_optimized-600x344.jpeg 600w\" sizes=\"(max-width: 1047px) 100vw, 1047px\" \/><\/div><\/div><\/div><\/div>\n<div class=\"flex_column av_one_full  flex_column_div av-zero-column-padding first  avia-builder-el-2  el_after_av_one_full  el_before_av_one_full  column-top-margin\" style='border-radius:0px; '><section class=\"av_textblock_section \"  itemscope=\"itemscope\" itemtype=\"https:\/\/schema.org\/BlogPosting\" itemprop=\"blogPost\" ><div class='avia_textblock  '   itemprop=\"text\" ><p style=\"text-align: center;\"><strong><span style=\"font-size: 18pt;\">A ley \u201cD\u00eda Nacional del Pescador Artesanal\u201d se conmemorar\u00e1 cada 29 de junio<\/span><\/strong><\/p>\n<div id=\"gtx-trans\" style=\"position: absolute; left: -50px; top: 4.31534px;\">\n<div class=\"gtx-trans-icon\"><\/div>\n<\/div>\n<\/div><\/section><\/div><div class=\"flex_column av_one_full  flex_column_div av-zero-column-padding first  avia-builder-el-4  el_after_av_one_full  el_before_av_hr  column-top-margin\" style='border-radius:0px; '><section class=\"av_textblock_section \"  itemscope=\"itemscope\" itemtype=\"https:\/\/schema.org\/BlogPosting\" itemprop=\"blogPost\" ><div class='avia_textblock  '   itemprop=\"text\" ><p style=\"text-align: justify;\">Valorando la actividad pesquera en cada una de las regiones del pa\u00eds -desarrollada por la abnegada labor hombres y mujeres de mar- el Senado respald\u00f3 por unanimidad declarar el\u00a0<strong>29 de junio de cada a\u00f1o como el D\u00eda Nacional de la Pesca Artesanal<\/strong>, iniciativa que qued\u00f3 en condiciones de convertirse en ley.<\/p>\n<p style=\"text-align: justify;\">El reconocimiento coincidir\u00e1 con la festividad de San Pedro, pr\u00f3xima a celebrarse y que, seg\u00fan se precis\u00f3, es una verdadera fiesta en las 467 caletas a lo largo del pa\u00eds, por lo que llamaron a una pronta promulgaci\u00f3n.<\/p>\n<p style=\"text-align: justify;\">Asimismo, se enfatiz\u00f3 que se debe avanzar m\u00e1s all\u00e1 de una conmemoraci\u00f3n y transversalmente hubo un\u00a0llamado a perfeccionar la Ley General de Pesca\u00a0y hacer eco a las m\u00faltiples necesidades de la actividad que congrega a m\u00e1s de 100 mil personas.<\/p>\n<\/div><\/section><\/div><div  style='height:50px' class='hr hr-invisible   avia-builder-el-6  el_after_av_one_full  el_before_av_social_share '><span class='hr-inner ' ><span class='hr-inner-style'><\/span><\/span><\/div><\/p>\n<div  class='av-social-sharing-box  avia-builder-el-7  el_after_av_hr  el_before_av_hr  '><div class='av-share-box'><h5 class='av-share-link-description av-no-toc '>Compartir esta noticia<\/h5><ul class='av-share-box-list noLightbox'><li class='av-share-link av-social-link-facebook' ><a target=\"_blank\" aria-label=\"Compartir en Facebook\" href='https:\/\/www.facebook.com\/sharer.php?u=https:\/\/radiorevelacionfm.cl\/?p=17976&#038;t=A%20ley%20%E2%80%9CD%C3%ADa%20Nacional%20del%20Pescador%20Artesanal%E2%80%9D%20se%20conmemorar%C3%A1%20cada%2029%20de%20junio' aria-hidden='false' data-av_icon='\ue8f3' data-av_iconfont='entypo-fontello' title='' data-avia-related-tooltip='Compartir en Facebook' rel=\"noopener\"><span class='avia_hidden_link_text'>Compartir en Facebook<\/span><\/a><\/li><li class='av-share-link av-social-link-twitter' ><a target=\"_blank\" aria-label=\"Compartir en Twitter\" href='https:\/\/twitter.com\/share?text=A%20ley%20%E2%80%9CD%C3%ADa%20Nacional%20del%20Pescador%20Artesanal%E2%80%9D%20se%20conmemorar%C3%A1%20cada%2029%20de%20junio&#038;url=https:\/\/radiorevelacionfm.cl\/?p=17976' aria-hidden='false' data-av_icon='\ue8f1' data-av_iconfont='entypo-fontello' title='' data-avia-related-tooltip='Compartir en Twitter' rel=\"noopener\"><span class='avia_hidden_link_text'>Compartir en Twitter<\/span><\/a><\/li><li class='av-share-link av-social-link-whatsapp' ><a target=\"_blank\" aria-label=\"Compartir en Whatsapp\" href='https:\/\/api.whatsapp.com\/send?text=https:\/\/radiorevelacionfm.cl\/?p=17976' aria-hidden='false' data-av_icon='\uf232' data-av_iconfont='entypo-fontello' title='' data-avia-related-tooltip='Compartir en Whatsapp' rel=\"noopener\"><span class='avia_hidden_link_text'>Compartir en Whatsapp<\/span><\/a><\/li><li class='av-share-link av-social-link-linkedin' ><a target=\"_blank\" aria-label=\"Compartir en LinkedIn\" href='https:\/\/linkedin.com\/shareArticle?mini=true&#038;title=A%20ley%20%E2%80%9CD%C3%ADa%20Nacional%20del%20Pescador%20Artesanal%E2%80%9D%20se%20conmemorar%C3%A1%20cada%2029%20de%20junio&#038;url=https:\/\/radiorevelacionfm.cl\/?p=17976' aria-hidden='false' data-av_icon='\ue8fc' data-av_iconfont='entypo-fontello' title='' data-avia-related-tooltip='Compartir en LinkedIn' rel=\"noopener\"><span class='avia_hidden_link_text'>Compartir en LinkedIn<\/span><\/a><\/li><li class='av-share-link av-social-link-mail' ><a  aria-label=\"Compartir por correo\" href='mailto:?subject=A%20ley%20%E2%80%9CD%C3%ADa%20Nacional%20del%20Pescador%20Artesanal%E2%80%9D%20se%20conmemorar%C3%A1%20cada%2029%20de%20junio&#038;body=https:\/\/radiorevelacionfm.cl\/?p=17976' aria-hidden='false' data-av_icon='\ue805' data-av_iconfont='entypo-fontello' title='' data-avia-related-tooltip='Compartir por correo'><span class='avia_hidden_link_text'>Compartir por correo<\/span><\/a><\/li><\/ul><\/div><\/div>\n<div  style='height:50px' class='hr hr-invisible   avia-builder-el-8  el_after_av_social_share  el_before_av_comments_list '><span class='hr-inner ' ><span class='hr-inner-style'><\/span><\/span><\/div>\n<div  class='av-buildercomment  av-blog-meta-html-info-disabled av-blog-meta-tag-disabled  '><\/div>\n","protected":false},"excerpt":{"rendered":"","protected":false},"author":1,"featured_media":17977,"comment_status":"open","ping_status":"open","sticky":false,"template":"","format":"standard","meta":{"footnotes":""},"categories":[60],"tags":[],"class_list":["post-17976","post","type-post","status-publish","format-standard","has-post-thumbnail","hentry","category-pesca"],"jetpack_featured_media_url":"https:\/\/radiorevelacionfm.cl\/wp-content\/uploads\/2022\/06\/pesca-artesanal-750x430-1-1_optimized.jpeg","_links":{"self":[{"href":"https:\/\/radiorevelacionfm.cl\/index.php?rest_route=\/wp\/v2\/posts\/17976","targetHints":{"allow":["GET"]}}],"collection":[{"href":"https:\/\/radiorevelacionfm.cl\/index.php?rest_route=\/wp\/v2\/posts"}],"about":[{"href":"https:\/\/radiorevelacionfm.cl\/index.php?rest_route=\/wp\/v2\/types\/post"}],"author":[{"embeddable":true,"href":"https:\/\/radiorevelacionfm.cl\/index.php?rest_route=\/wp\/v2\/users\/1"}],"replies":[{"embeddable":true,"href":"https:\/\/radiorevelacionfm.cl\/index.php?rest_route=%2Fwp%2Fv2%2Fcomments&post=17976"}],"version-history":[{"count":3,"href":"https:\/\/radiorevelacionfm.cl\/index.php?rest_route=\/wp\/v2\/posts\/17976\/revisions"}],"predecessor-version":[{"id":18089,"href":"https:\/\/radiorevelacionfm.cl\/index.php?rest_route=\/wp\/v2\/posts\/17976\/revisions\/18089"}],"wp:featuredmedia":[{"embeddable":true,"href":"https:\/\/radiorevelacionfm.cl\/index.php?rest_route=\/wp\/v2\/media\/17977"}],"wp:attachment":[{"href":"https:\/\/radiorevelacionfm.cl\/index.php?rest_route=%2Fwp%2Fv2%2Fmedia&parent=17976"}],"wp:term":[{"taxonomy":"category","embeddable":true,"href":"https:\/\/radiorevelacionfm.cl\/index.php?rest_route=%2Fwp%2Fv2%2Fcategories&post=17976"},{"taxonomy":"post_tag","embeddable":true,"href":"https:\/\/radiorevelacionfm.cl\/index.php?rest_route=%2Fwp%2Fv2%2Ftags&post=17976"}],"curies":[{"name":"wp","href":"https:\/\/api.w.org\/{rel}","templated":true}]}}