{"id":17970,"date":"2022-06-18T14:05:32","date_gmt":"2022-06-18T17:05:32","guid":{"rendered":"https:\/\/radiorevelacionfm.cl\/?p=17970"},"modified":"2022-06-18T14:29:33","modified_gmt":"2022-06-18T17:29:33","slug":"observatorio-laboral-de-aysen-trabaja-en-el-levantamiento-de-informacion-de-la-enecap-2022","status":"publish","type":"post","link":"https:\/\/radiorevelacionfm.cl\/?p=17970","title":{"rendered":"Observatorio Laboral de Ays\u00e9n trabaja en el levantamiento de informaci\u00f3n de la ENECAP 2022"},"content":{"rendered":"<div class=\"flex_column av_one_full  flex_column_div av-zero-column-padding first  avia-builder-el-0  el_before_av_one_full  avia-builder-el-first  \" style='border-radius:0px; '><div  class='avia-image-container  av-styling-    avia-builder-el-1  avia-builder-el-no-sibling  avia-align-center '  itemprop=\"image\" itemscope=\"itemscope\" itemtype=\"https:\/\/schema.org\/ImageObject\"  ><div class='avia-image-container-inner'><div class='avia-image-overlay-wrap'><img decoding=\"async\" class='wp-image-17971 avia-img-lazy-loading-not-17971 avia_image' src=\"https:\/\/radiorevelacionfm.cl\/wp-content\/uploads\/2022\/06\/ENECAP2022_foto_DIFUSION-2-1-1.jpg\" alt='' title='ENECAP2022_foto_DIFUSI\u00d3N 2 (1) (1)' height=\"600\" width=\"600\"  itemprop=\"thumbnailUrl\" srcset=\"https:\/\/radiorevelacionfm.cl\/wp-content\/uploads\/2022\/06\/ENECAP2022_foto_DIFUSION-2-1-1.jpg 600w, https:\/\/radiorevelacionfm.cl\/wp-content\/uploads\/2022\/06\/ENECAP2022_foto_DIFUSION-2-1-1-300x300.jpg 300w, https:\/\/radiorevelacionfm.cl\/wp-content\/uploads\/2022\/06\/ENECAP2022_foto_DIFUSION-2-1-1-80x80.jpg 80w, https:\/\/radiorevelacionfm.cl\/wp-content\/uploads\/2022\/06\/ENECAP2022_foto_DIFUSION-2-1-1-36x36.jpg 36w, https:\/\/radiorevelacionfm.cl\/wp-content\/uploads\/2022\/06\/ENECAP2022_foto_DIFUSION-2-1-1-180x180.jpg 180w, https:\/\/radiorevelacionfm.cl\/wp-content\/uploads\/2022\/06\/ENECAP2022_foto_DIFUSION-2-1-1-100x100.jpg 100w\" sizes=\"(max-width: 600px) 100vw, 600px\" \/><\/div><\/div><\/div><\/div><div class=\"flex_column av_one_full  flex_column_div av-zero-column-padding first  avia-builder-el-2  el_after_av_one_full  el_before_av_one_full  column-top-margin\" style='border-radius:0px; '><section class=\"av_textblock_section \"  itemscope=\"itemscope\" itemtype=\"https:\/\/schema.org\/BlogPosting\" itemprop=\"blogPost\" ><div class='avia_textblock  '   itemprop=\"text\" ><p style=\"text-align: center;\"><strong><span style=\"font-size: 18pt;\">Observatorio Laboral de Ays\u00e9n trabaja en el levantamiento de informaci\u00f3n de la ENECAP 2022<\/span><\/strong><\/p>\n<div id=\"gtx-trans\" style=\"position: absolute; left: -50px; top: 4.31534px;\">\n<div class=\"gtx-trans-icon\"><\/div>\n<\/div>\n<\/div><\/section><\/div><div class=\"flex_column av_one_full  flex_column_div av-zero-column-padding first  avia-builder-el-4  el_after_av_one_full  el_before_av_hr  column-top-margin\" style='border-radius:0px; '><section class=\"av_textblock_section \"  itemscope=\"itemscope\" itemtype=\"https:\/\/schema.org\/BlogPosting\" itemprop=\"blogPost\" ><div class='avia_textblock  '   itemprop=\"text\" ><p style=\"text-align: justify;\">En mayo de este a\u00f1o, como Observatorio Laboral de Ays\u00e9n, hemos comenzado con el levantamiento de informaci\u00f3n del estudio de la Encuesta Nacional de Necesidades de Capacitaci\u00f3n para Micro y Peque\u00f1as empresas (ENECAP 2022) la cual tiene como prop\u00f3sito, conocer de primera fuente las necesidades que tienen las distintas Micro y Peque\u00f1as empresas en la regi\u00f3n de Ays\u00e9n, as\u00ed como tambi\u00e9n, caracterizar la dotaci\u00f3n de empleados, situaci\u00f3n econ\u00f3mica, requerimientos de capacitaci\u00f3n y evaluaci\u00f3n de conocimientos sobre la oferta actual de programas y subsidios p\u00fablicos a los que pueden acceder.<\/p>\n<p>Este estudio este momento se est\u00e1 realizando a nivel nacional, en las 16 regiones de nuestro pa\u00eds, con una muestra objetivo de 2.860 Micro y Peque\u00f1as empresas, de un total de 443.843 registradas en el Servicio de Impuestos Internos durante el a\u00f1o 2020, espec\u00edficamente para la regi\u00f3n de Ays\u00e9n se espera cubrir una muestra superior a las 140, cantidad que es parte de un dise\u00f1o muestral aleatorio simple.<\/p>\n<p style=\"text-align: justify;\">Al respecto, el director del #OLAys\u00e9n, Marcio Villouta se\u00f1al\u00f3: \u201cEl estudio ENECAP 2022, se desarrollar\u00e1 entre los meses de mayo y julio de este a\u00f1o, en el que actualmente estamos trabajando con las y los encuestadores, quienes se est\u00e1n contactando con las distintas empresas de la regi\u00f3n, previa verificaci\u00f3n por parte del Observatorio Laboral de Ays\u00e9n con las personas que tengan la calidad de socios, due\u00f1os o representaci\u00f3n legal en las empresas, de esta forma, contar con informaci\u00f3n fidedigna para el estudio.<\/p>\n<p style=\"text-align: justify;\">En tanto la directora de SENCE Ays\u00e9n. Katherine Kingma, dijo: \u00abLlevamos tres semanas de trabajo en el levantamiento de la ENECAP 2022, sin duda no ha sido un proceso exento de dificultades, por lo mismo es que aprovechamos de hacer un llamado a que las Micro y Peque\u00f1as empresas de nuestra regi\u00f3n, para que est\u00e9n atentas si reciben el llamado de parte del Observatorio Laboral de Ays\u00e9n, de esta forma todas y todos podemos\u00a0 contribuir con este estudio regional, permitiendo as\u00ed ir construyendo un an\u00e1lisis regional y descentralizado sobre la realidad del mercado laboral regional\u201d.<\/p>\n<p style=\"text-align: justify;\">Para m\u00e1s informaci\u00f3n, los invitamos a visitar nuestro sitio web <a href=\"http:\/\/www.observatoriolaboral.uaysen.cl\">www.observatoriolaboral.uaysen.cl<\/a><\/p>\n<\/div><\/section><\/div><div  style='height:50px' class='hr hr-invisible   avia-builder-el-6  el_after_av_one_full  el_before_av_social_share '><span class='hr-inner ' ><span class='hr-inner-style'><\/span><\/span><\/div><\/p>\n<div  class='av-social-sharing-box  avia-builder-el-7  el_after_av_hr  el_before_av_hr  '><div class='av-share-box'><h5 class='av-share-link-description av-no-toc '>Compartir esta noticia<\/h5><ul class='av-share-box-list noLightbox'><li class='av-share-link av-social-link-facebook' ><a target=\"_blank\" aria-label=\"Compartir en Facebook\" href='https:\/\/www.facebook.com\/sharer.php?u=https:\/\/radiorevelacionfm.cl\/?p=17970&#038;t=Observatorio%20Laboral%20de%20Ays%C3%A9n%20trabaja%20en%20el%20levantamiento%20de%20informaci%C3%B3n%20de%20la%20ENECAP%202022' aria-hidden='false' data-av_icon='\ue8f3' data-av_iconfont='entypo-fontello' title='' data-avia-related-tooltip='Compartir en Facebook' rel=\"noopener\"><span class='avia_hidden_link_text'>Compartir en Facebook<\/span><\/a><\/li><li class='av-share-link av-social-link-twitter' ><a target=\"_blank\" aria-label=\"Compartir en Twitter\" href='https:\/\/twitter.com\/share?text=Observatorio%20Laboral%20de%20Ays%C3%A9n%20trabaja%20en%20el%20levantamiento%20de%20informaci%C3%B3n%20de%20la%20ENECAP%202022&#038;url=https:\/\/radiorevelacionfm.cl\/?p=17970' aria-hidden='false' data-av_icon='\ue8f1' data-av_iconfont='entypo-fontello' title='' data-avia-related-tooltip='Compartir en Twitter' rel=\"noopener\"><span class='avia_hidden_link_text'>Compartir en Twitter<\/span><\/a><\/li><li class='av-share-link av-social-link-whatsapp' ><a target=\"_blank\" aria-label=\"Compartir en Whatsapp\" href='https:\/\/api.whatsapp.com\/send?text=https:\/\/radiorevelacionfm.cl\/?p=17970' aria-hidden='false' data-av_icon='\uf232' data-av_iconfont='entypo-fontello' title='' data-avia-related-tooltip='Compartir en Whatsapp' rel=\"noopener\"><span class='avia_hidden_link_text'>Compartir en Whatsapp<\/span><\/a><\/li><li class='av-share-link av-social-link-linkedin' ><a target=\"_blank\" aria-label=\"Compartir en LinkedIn\" href='https:\/\/linkedin.com\/shareArticle?mini=true&#038;title=Observatorio%20Laboral%20de%20Ays%C3%A9n%20trabaja%20en%20el%20levantamiento%20de%20informaci%C3%B3n%20de%20la%20ENECAP%202022&#038;url=https:\/\/radiorevelacionfm.cl\/?p=17970' aria-hidden='false' data-av_icon='\ue8fc' data-av_iconfont='entypo-fontello' title='' data-avia-related-tooltip='Compartir en LinkedIn' rel=\"noopener\"><span class='avia_hidden_link_text'>Compartir en LinkedIn<\/span><\/a><\/li><li class='av-share-link av-social-link-mail' ><a  aria-label=\"Compartir por correo\" href='mailto:?subject=Observatorio%20Laboral%20de%20Ays%C3%A9n%20trabaja%20en%20el%20levantamiento%20de%20informaci%C3%B3n%20de%20la%20ENECAP%202022&#038;body=https:\/\/radiorevelacionfm.cl\/?p=17970' aria-hidden='false' data-av_icon='\ue805' data-av_iconfont='entypo-fontello' title='' data-avia-related-tooltip='Compartir por correo'><span class='avia_hidden_link_text'>Compartir por correo<\/span><\/a><\/li><\/ul><\/div><\/div>\n<div  style='height:50px' class='hr hr-invisible   avia-builder-el-8  el_after_av_social_share  el_before_av_comments_list '><span class='hr-inner ' ><span class='hr-inner-style'><\/span><\/span><\/div>\n<div  class='av-buildercomment  av-blog-meta-html-info-disabled av-blog-meta-tag-disabled  '><\/div>\n","protected":false},"excerpt":{"rendered":"","protected":false},"author":1,"featured_media":18177,"comment_status":"open","ping_status":"open","sticky":false,"template":"","format":"standard","meta":{"footnotes":""},"categories":[56],"tags":[],"class_list":["post-17970","post","type-post","status-publish","format-standard","has-post-thumbnail","hentry","category-trabajo"],"jetpack_featured_media_url":"https:\/\/radiorevelacionfm.cl\/wp-content\/uploads\/2022\/06\/image-50_optimized.jpg","_links":{"self":[{"href":"https:\/\/radiorevelacionfm.cl\/index.php?rest_route=\/wp\/v2\/posts\/17970","targetHints":{"allow":["GET"]}}],"collection":[{"href":"https:\/\/radiorevelacionfm.cl\/index.php?rest_route=\/wp\/v2\/posts"}],"about":[{"href":"https:\/\/radiorevelacionfm.cl\/index.php?rest_route=\/wp\/v2\/types\/post"}],"author":[{"embeddable":true,"href":"https:\/\/radiorevelacionfm.cl\/index.php?rest_route=\/wp\/v2\/users\/1"}],"replies":[{"embeddable":true,"href":"https:\/\/radiorevelacionfm.cl\/index.php?rest_route=%2Fwp%2Fv2%2Fcomments&post=17970"}],"version-history":[{"count":2,"href":"https:\/\/radiorevelacionfm.cl\/index.php?rest_route=\/wp\/v2\/posts\/17970\/revisions"}],"predecessor-version":[{"id":18176,"href":"https:\/\/radiorevelacionfm.cl\/index.php?rest_route=\/wp\/v2\/posts\/17970\/revisions\/18176"}],"wp:featuredmedia":[{"embeddable":true,"href":"https:\/\/radiorevelacionfm.cl\/index.php?rest_route=\/wp\/v2\/media\/18177"}],"wp:attachment":[{"href":"https:\/\/radiorevelacionfm.cl\/index.php?rest_route=%2Fwp%2Fv2%2Fmedia&parent=17970"}],"wp:term":[{"taxonomy":"category","embeddable":true,"href":"https:\/\/radiorevelacionfm.cl\/index.php?rest_route=%2Fwp%2Fv2%2Fcategories&post=17970"},{"taxonomy":"post_tag","embeddable":true,"href":"https:\/\/radiorevelacionfm.cl\/index.php?rest_route=%2Fwp%2Fv2%2Ftags&post=17970"}],"curies":[{"name":"wp","href":"https:\/\/api.w.org\/{rel}","templated":true}]}}