{"id":17966,"date":"2022-06-13T20:16:45","date_gmt":"2022-06-13T23:16:45","guid":{"rendered":"https:\/\/radiorevelacionfm.cl\/?p=17966"},"modified":"2022-06-13T20:16:45","modified_gmt":"2022-06-13T23:16:45","slug":"carabineros-de-la-siat-indaga-fatal-accidente-de-transito-en-ruta-7-sur","status":"publish","type":"post","link":"https:\/\/radiorevelacionfm.cl\/?p=17966","title":{"rendered":"Carabineros de la SIAT indaga fatal accidente de tr\u00e1nsito en Ruta 7 Sur"},"content":{"rendered":"<div class=\"flex_column av_one_full  flex_column_div av-zero-column-padding first  avia-builder-el-0  el_before_av_one_full  avia-builder-el-first  \" style='border-radius:0px; '><div  class='avia-image-container  av-styling-    avia-builder-el-1  avia-builder-el-no-sibling  avia-align-center '  itemprop=\"image\" itemscope=\"itemscope\" itemtype=\"https:\/\/schema.org\/ImageObject\"  ><div class='avia-image-container-inner'><div class='avia-image-overlay-wrap'><img decoding=\"async\" class='wp-image-17967 avia-img-lazy-loading-not-17967 avia_image' src=\"https:\/\/radiorevelacionfm.cl\/wp-content\/uploads\/2022\/06\/5874b223-a25e-4a04-854e-e353d81fb6ab-1-1.jpg\" alt='' title='5874b223-a25e-4a04-854e-e353d81fb6ab (1) (1)' height=\"600\" width=\"800\"  itemprop=\"thumbnailUrl\" srcset=\"https:\/\/radiorevelacionfm.cl\/wp-content\/uploads\/2022\/06\/5874b223-a25e-4a04-854e-e353d81fb6ab-1-1.jpg 800w, https:\/\/radiorevelacionfm.cl\/wp-content\/uploads\/2022\/06\/5874b223-a25e-4a04-854e-e353d81fb6ab-1-1-300x225.jpg 300w, https:\/\/radiorevelacionfm.cl\/wp-content\/uploads\/2022\/06\/5874b223-a25e-4a04-854e-e353d81fb6ab-1-1-768x576.jpg 768w, https:\/\/radiorevelacionfm.cl\/wp-content\/uploads\/2022\/06\/5874b223-a25e-4a04-854e-e353d81fb6ab-1-1-705x529.jpg 705w, https:\/\/radiorevelacionfm.cl\/wp-content\/uploads\/2022\/06\/5874b223-a25e-4a04-854e-e353d81fb6ab-1-1-600x450.jpg 600w\" sizes=\"(max-width: 800px) 100vw, 800px\" \/><\/div><\/div><\/div><\/div><div class=\"flex_column av_one_full  flex_column_div av-zero-column-padding first  avia-builder-el-2  el_after_av_one_full  el_before_av_one_full  column-top-margin\" style='border-radius:0px; '><section class=\"av_textblock_section \"  itemscope=\"itemscope\" itemtype=\"https:\/\/schema.org\/BlogPosting\" itemprop=\"blogPost\" ><div class='avia_textblock  '   itemprop=\"text\" ><p style=\"text-align: center;\"><span style=\"font-size: 18pt;\"><b>Carabineros de la SIAT indaga fatal accidente de tr\u00e1nsito en Ruta 7 Sur<\/b><\/span><\/p>\n<div id=\"gtx-trans\" style=\"position: absolute; left: -50px; top: 4.31534px;\">\n<div class=\"gtx-trans-icon\"><\/div>\n<\/div>\n<\/div><\/section><\/div><div class=\"flex_column av_one_full  flex_column_div av-zero-column-padding first  avia-builder-el-4  el_after_av_one_full  el_before_av_hr  column-top-margin\" style='border-radius:0px; '><section class=\"av_textblock_section \"  itemscope=\"itemscope\" itemtype=\"https:\/\/schema.org\/BlogPosting\" itemprop=\"blogPost\" ><div class='avia_textblock  '   itemprop=\"text\" ><p class=\"v1gmail-MsoBodyTextFirstIndent\" style=\"text-align: justify;\">Una persona fallecida y otras dos lesionadas, fue el triste desenlace de un lamentable accidente de tr\u00e1nsito registrado en horas de esta ma\u00f1ana a la altura del km. 16 de la Ruta 7 sur, pasado el\u00a0 cruce a Valle Simpson, en la comuna de Coyhaique.<\/p>\n<p class=\"v1gmail-MsoBodyTextFirstIndent\" style=\"text-align: justify;\">Seg\u00fan indic\u00f3 el Comisario de Coyhaique, Mayor Franco Herrera Quezada, por causas que est\u00e1n siendo indagadas por la Secci\u00f3n Investigadora de Accidentes de Tr\u00e1nsito (SIAT) de Carabineros, el hecho se registr\u00f3 alrededor de las 09:00 horas de hoy a trav\u00e9s de la ruta antes mencionada, por la cual transitaba una camioneta con tres ocupantes en su interior, entre ellos una menor y una mujer de 63 a\u00f1os de edad, quien fue trasladada por los equipos de emergencia hasta el hospital regional, donde pese a los esfuerzos del personal m\u00e9dico por salvarle la vida, lamentablemente falleci\u00f3 momentos m\u00e1s tarde.<\/p>\n<p class=\"v1gmail-MsoBodyTextFirstIndent\" style=\"text-align: justify;\">\u00abUna camioneta que se trasladaba con tres pasajeros, su conductor, su c\u00f3nyuge y una menor de tres a\u00f1os \u2013por causas que se investigan- sufri\u00f3 un volcamiento, saliendo de la v\u00eda y, este volcamiento lamentablemente ocasion\u00f3 lesiones grav\u00edsimas a la pasajera \u2013quien pese a las diferentes maniobras que realiz\u00f3 personal de salud y Bomberos- falleci\u00f3 en la asistencia p\u00fablica de Coyhaique\u00bb, expres\u00f3 con pesar el Oficial.<\/p>\n<p class=\"v1gmail-MsoBodyTextFirstIndent\" style=\"text-align: justify;\">Los antecedentes del procedimiento fueron puestos en conocimiento de la Fiscal\u00eda, siendo los peritajes encomendados a la SIAT de Carabineros Ays\u00e9n.<\/p>\n<p class=\"v1gmail-MsoBodyTextFirstIndent\" style=\"text-align: justify;\">El Comisario de Coyhaique a\u00f1adi\u00f3 que previo a este lamentable hecho, ocurri\u00f3 un volcamiento en la misma ruta, en un sector cercano al lugar de la tragedia, sin que se registraran personas lesionadas. Se suma ello, la ocurrencia de una colisi\u00f3n frontal entre dos veh\u00edculos, hecho que presuntamente habr\u00eda ocurrido en una maniobra de adelantamiento que no cont\u00f3 con el tiempo ni el espacio suficiente, resultando una persona lesionada que fue trasladada hasta el hospital regional.<\/p>\n<p class=\"v1gmail-MsoBodyTextFirstIndent\" style=\"text-align: justify;\"><b>Hip\u00f3tesis<\/b><\/p>\n<p class=\"v1gmail-MsoBodyTextFirstIndent\" style=\"text-align: justify;\">Entre las hip\u00f3tesis que est\u00e1n siendo analizadas por Carabineros se encuentra el factor clim\u00e1tico y la presencia de escarcha en la calzada.<\/p>\n<p class=\"v1gmail-MsoBodyTextFirstIndent\" style=\"text-align: justify;\">\u00abHacemos dos llamado, primero a la poblaci\u00f3n (a los conductores) a disminuir la velocidad en esos sectores, a colocar cadenas si el caso as\u00ed lo estima necesario conforme a las capacidades t\u00e9cnicas de los veh\u00edculos y aplicar sal a primera hora la ma\u00f1ana para mitigar de cierta manera la presencia de escarcha que se hace tan peligrosa en la calzada\u00bb, expres\u00f3 el Mayor Franco Herrera Quezada.<\/p>\n<p class=\"v1gmail-MsoBodyTextFirstIndent\" style=\"text-align: justify;\">Lo anterior dada las bajas temperaturas que se presentan en determinados sectores de la ruta sumado a las condiciones de humedad en el ambiente que inciden en que esta condici\u00f3n se mantenga por una mayor cantidad de tiempo.<\/p>\n<p class=\"v1gmail-MsoBodyTextFirstIndent\" style=\"text-align: justify;\">\u00abSi hay veh\u00edculos que no guardan las condiciones necesarias para el desplazamiento seguro, vale decir, que no tengan neum\u00e1ticos con clavos, cadenas u otro tipo de medidas para mantener el veh\u00edculo en un condici\u00f3n acorde a esas caracter\u00edsticas, se exponen a este tipo de situaciones, lamentablemente\u00bb, enfatiz\u00f3 el Comisario de Coyhaique.<\/p>\n<\/div><\/section><\/div><div  style='height:50px' class='hr hr-invisible   avia-builder-el-6  el_after_av_one_full  el_before_av_social_share '><span class='hr-inner ' ><span class='hr-inner-style'><\/span><\/span><\/div><\/p>\n<div  class='av-social-sharing-box  avia-builder-el-7  el_after_av_hr  el_before_av_hr  '><div class='av-share-box'><h5 class='av-share-link-description av-no-toc '>Compartir esta noticia<\/h5><ul class='av-share-box-list noLightbox'><li class='av-share-link av-social-link-facebook' ><a target=\"_blank\" aria-label=\"Compartir en Facebook\" href='https:\/\/www.facebook.com\/sharer.php?u=https:\/\/radiorevelacionfm.cl\/?p=17966&#038;t=Carabineros%20de%20la%20SIAT%20indaga%20fatal%20accidente%20de%20tr%C3%A1nsito%20en%20Ruta%207%20Sur' aria-hidden='false' data-av_icon='\ue8f3' data-av_iconfont='entypo-fontello' title='' data-avia-related-tooltip='Compartir en Facebook' rel=\"noopener\"><span class='avia_hidden_link_text'>Compartir en Facebook<\/span><\/a><\/li><li class='av-share-link av-social-link-twitter' ><a target=\"_blank\" aria-label=\"Compartir en Twitter\" href='https:\/\/twitter.com\/share?text=Carabineros%20de%20la%20SIAT%20indaga%20fatal%20accidente%20de%20tr%C3%A1nsito%20en%20Ruta%207%20Sur&#038;url=https:\/\/radiorevelacionfm.cl\/?p=17966' aria-hidden='false' data-av_icon='\ue8f1' data-av_iconfont='entypo-fontello' title='' data-avia-related-tooltip='Compartir en Twitter' rel=\"noopener\"><span class='avia_hidden_link_text'>Compartir en Twitter<\/span><\/a><\/li><li class='av-share-link av-social-link-whatsapp' ><a target=\"_blank\" aria-label=\"Compartir en Whatsapp\" href='https:\/\/api.whatsapp.com\/send?text=https:\/\/radiorevelacionfm.cl\/?p=17966' aria-hidden='false' data-av_icon='\uf232' data-av_iconfont='entypo-fontello' title='' data-avia-related-tooltip='Compartir en Whatsapp' rel=\"noopener\"><span class='avia_hidden_link_text'>Compartir en Whatsapp<\/span><\/a><\/li><li class='av-share-link av-social-link-linkedin' ><a target=\"_blank\" aria-label=\"Compartir en LinkedIn\" href='https:\/\/linkedin.com\/shareArticle?mini=true&#038;title=Carabineros%20de%20la%20SIAT%20indaga%20fatal%20accidente%20de%20tr%C3%A1nsito%20en%20Ruta%207%20Sur&#038;url=https:\/\/radiorevelacionfm.cl\/?p=17966' aria-hidden='false' data-av_icon='\ue8fc' data-av_iconfont='entypo-fontello' title='' data-avia-related-tooltip='Compartir en LinkedIn' rel=\"noopener\"><span class='avia_hidden_link_text'>Compartir en LinkedIn<\/span><\/a><\/li><li class='av-share-link av-social-link-mail' ><a  aria-label=\"Compartir por correo\" href='mailto:?subject=Carabineros%20de%20la%20SIAT%20indaga%20fatal%20accidente%20de%20tr%C3%A1nsito%20en%20Ruta%207%20Sur&#038;body=https:\/\/radiorevelacionfm.cl\/?p=17966' aria-hidden='false' data-av_icon='\ue805' data-av_iconfont='entypo-fontello' title='' data-avia-related-tooltip='Compartir por correo'><span class='avia_hidden_link_text'>Compartir por correo<\/span><\/a><\/li><\/ul><\/div><\/div>\n<div  style='height:50px' class='hr hr-invisible   avia-builder-el-8  el_after_av_social_share  el_before_av_comments_list '><span class='hr-inner ' ><span class='hr-inner-style'><\/span><\/span><\/div>\n<div  class='av-buildercomment  av-blog-meta-html-info-disabled av-blog-meta-tag-disabled  '><\/div>\n","protected":false},"excerpt":{"rendered":"","protected":false},"author":1,"featured_media":17967,"comment_status":"open","ping_status":"open","sticky":false,"template":"","format":"standard","meta":{"footnotes":""},"categories":[36],"tags":[],"class_list":["post-17966","post","type-post","status-publish","format-standard","has-post-thumbnail","hentry","category-policial"],"jetpack_featured_media_url":"https:\/\/radiorevelacionfm.cl\/wp-content\/uploads\/2022\/06\/5874b223-a25e-4a04-854e-e353d81fb6ab-1-1.jpg","_links":{"self":[{"href":"https:\/\/radiorevelacionfm.cl\/index.php?rest_route=\/wp\/v2\/posts\/17966","targetHints":{"allow":["GET"]}}],"collection":[{"href":"https:\/\/radiorevelacionfm.cl\/index.php?rest_route=\/wp\/v2\/posts"}],"about":[{"href":"https:\/\/radiorevelacionfm.cl\/index.php?rest_route=\/wp\/v2\/types\/post"}],"author":[{"embeddable":true,"href":"https:\/\/radiorevelacionfm.cl\/index.php?rest_route=\/wp\/v2\/users\/1"}],"replies":[{"embeddable":true,"href":"https:\/\/radiorevelacionfm.cl\/index.php?rest_route=%2Fwp%2Fv2%2Fcomments&post=17966"}],"version-history":[{"count":2,"href":"https:\/\/radiorevelacionfm.cl\/index.php?rest_route=\/wp\/v2\/posts\/17966\/revisions"}],"predecessor-version":[{"id":17969,"href":"https:\/\/radiorevelacionfm.cl\/index.php?rest_route=\/wp\/v2\/posts\/17966\/revisions\/17969"}],"wp:featuredmedia":[{"embeddable":true,"href":"https:\/\/radiorevelacionfm.cl\/index.php?rest_route=\/wp\/v2\/media\/17967"}],"wp:attachment":[{"href":"https:\/\/radiorevelacionfm.cl\/index.php?rest_route=%2Fwp%2Fv2%2Fmedia&parent=17966"}],"wp:term":[{"taxonomy":"category","embeddable":true,"href":"https:\/\/radiorevelacionfm.cl\/index.php?rest_route=%2Fwp%2Fv2%2Fcategories&post=17966"},{"taxonomy":"post_tag","embeddable":true,"href":"https:\/\/radiorevelacionfm.cl\/index.php?rest_route=%2Fwp%2Fv2%2Ftags&post=17966"}],"curies":[{"name":"wp","href":"https:\/\/api.w.org\/{rel}","templated":true}]}}