{"id":17959,"date":"2022-06-14T10:30:51","date_gmt":"2022-06-14T13:30:51","guid":{"rendered":"https:\/\/radiorevelacionfm.cl\/?p=17959"},"modified":"2022-06-14T10:30:51","modified_gmt":"2022-06-14T13:30:51","slug":"forestin-celebro-su-cumpleanos-46-con-los-ninos-del-jardin-arcoiris","status":"publish","type":"post","link":"https:\/\/radiorevelacionfm.cl\/?p=17959","title":{"rendered":"Forest\u00edn celebr\u00f3 su cumplea\u00f1os 46 con los ni\u00f1os del jard\u00edn Arco\u00edris"},"content":{"rendered":"<div class=\"flex_column av_one_full  flex_column_div av-zero-column-padding first  avia-builder-el-0  el_before_av_one_full  avia-builder-el-first  \" style='border-radius:0px; '><div  class='avia-image-container  av-styling-    avia-builder-el-1  avia-builder-el-no-sibling  avia-align-center '  itemprop=\"image\" itemscope=\"itemscope\" itemtype=\"https:\/\/schema.org\/ImageObject\"  ><div class='avia-image-container-inner'><div class='avia-image-overlay-wrap'><img decoding=\"async\" class='wp-image-17960 avia-img-lazy-loading-not-17960 avia_image' src=\"https:\/\/radiorevelacionfm.cl\/wp-content\/uploads\/2022\/06\/6-28-1-1.jpg\" alt='' title='6 (28) (1) (1)' height=\"600\" width=\"800\"  itemprop=\"thumbnailUrl\" srcset=\"https:\/\/radiorevelacionfm.cl\/wp-content\/uploads\/2022\/06\/6-28-1-1.jpg 800w, https:\/\/radiorevelacionfm.cl\/wp-content\/uploads\/2022\/06\/6-28-1-1-300x225.jpg 300w, https:\/\/radiorevelacionfm.cl\/wp-content\/uploads\/2022\/06\/6-28-1-1-768x576.jpg 768w, https:\/\/radiorevelacionfm.cl\/wp-content\/uploads\/2022\/06\/6-28-1-1-705x529.jpg 705w, https:\/\/radiorevelacionfm.cl\/wp-content\/uploads\/2022\/06\/6-28-1-1-600x450.jpg 600w\" sizes=\"(max-width: 800px) 100vw, 800px\" \/><\/div><\/div><\/div><\/div><div class=\"flex_column av_one_full  flex_column_div av-zero-column-padding first  avia-builder-el-2  el_after_av_one_full  el_before_av_one_full  column-top-margin\" style='border-radius:0px; '><section class=\"av_textblock_section \"  itemscope=\"itemscope\" itemtype=\"https:\/\/schema.org\/BlogPosting\" itemprop=\"blogPost\" ><div class='avia_textblock  '   itemprop=\"text\" ><p style=\"text-align: center;\"><span style=\"font-size: 18pt;\"><strong>Forest\u00edn celebr\u00f3 su cumplea\u00f1os 46 con los ni\u00f1os del jard\u00edn Arco\u00edris<\/strong><\/span><\/p>\n<div id=\"gtx-trans\" style=\"position: absolute; left: -50px; top: 4.31534px;\">\n<div class=\"gtx-trans-icon\"><\/div>\n<\/div>\n<\/div><\/section><\/div><div class=\"flex_column av_one_full  flex_column_div av-zero-column-padding first  avia-builder-el-4  el_after_av_one_full  el_before_av_hr  column-top-margin\" style='border-radius:0px; '><section class=\"av_textblock_section \"  itemscope=\"itemscope\" itemtype=\"https:\/\/schema.org\/BlogPosting\" itemprop=\"blogPost\" ><div class='avia_textblock  '   itemprop=\"text\" ><p style=\"text-align: justify;\">Un festejado cumplea\u00f1os tuvo este lunes el s\u00edmbolo de la Corporaci\u00f3n Nacional Forestal (CONAF), perteneciente al Ministerio de Agricultura, el \u00edcono de la defensa y protecci\u00f3n del medio ambiente, Forest\u00edn, quien oficialmente naci\u00f3 el 12 de junio de 1976. La historia se remonta a ese a\u00f1o, luego que en un encuentro de profesionales de CONAF de incendios forestales se debatiera la creaci\u00f3n de un personaje que promoviera la prevenci\u00f3n de estos siniestros al igual que el Oso Fumarola, en Estados Unidos. Ah\u00ed fue cuando la ingeniera forestal Gabriela Omegna propuso la figura de un coipo, roedor nativo que habita en nuestros bosques.<\/p>\n<p style=\"text-align: justify;\">As\u00ed surgi\u00f3 Forest\u00edn, que en principio fue creado espec\u00edficamente para prevenir los incendios forestales. Sin embargo, con el correr del tiempo, lleg\u00f3 a representar todo lo que significa el cuidado y respeto por nuestra naturaleza, siendo reconocido como uno de los personajes centrales de la protecci\u00f3n del medio ambiente en Chile.<\/p>\n<p style=\"text-align: justify;\">Claudia Reyes Santelices, Directora regional de CONAF record\u00f3 lo importante que es Forest\u00edn en la historia de la instituci\u00f3n como tambi\u00e9n su desempe\u00f1o en las diversas \u00e1reas.<\/p>\n<p style=\"text-align: justify;\">\u201cEl d\u00eda de hoy estamos celebrando el cumplea\u00f1os n\u00famero 46 de Forest\u00edn y es un \u00edcono a nivel nacional en el cuidado del medio ambiente, en la concientizaci\u00f3n de las \u00e1reas silvestres protegidas como guardaparques, tambi\u00e9n trabaja en incendios forestales en la prevenci\u00f3n y tambi\u00e9n plantando en arborizaci\u00f3n\u201d, coment\u00f3.<\/p>\n<p style=\"text-align: justify;\">En este nuevo cumplea\u00f1os, Forest\u00edn recibi\u00f3 el cari\u00f1o de los ni\u00f1os del jard\u00edn Arco\u00edris, quienes con mucho entusiasmo le prepararon dos bailes para mostrar su admiraci\u00f3n, adem\u00e1s de cantar a todo pulm\u00f3n el cumplea\u00f1os feliz, donde el coipo pidi\u00f3 sus deseos al momento de apagar la vela de la torta, la cual fue hecha con material reciclado que los p\u00e1rvulos del jard\u00edn Arco\u00edris prepararon para \u00e9l. Es as\u00ed como la directora del establecimiento, Daniela Molina agradeci\u00f3 a la instituci\u00f3n por hacerlos part\u00edcipes de un momento inolvidable para los peque\u00f1os.<\/p>\n<p style=\"text-align: justify;\">\u201cPara nosotros, como unidad educativa es bien significativo, porque como bien saben nuestro sello es medioambiental, entonces la idea es partir desde la primera infancia pudiendo integrar estos valores en el d\u00eda a d\u00eda y que los ni\u00f1os entiendan la importancia de cuidar nuestro entorno, nuestro espacio, de volver a reforestar con \u00e1rboles que le pertenecen a nuestra regi\u00f3n, as\u00ed que en ese sentido para nosotros es tremendamente significativo y estamos muy agradecidos de la visita\u201d, indic\u00f3.<\/p>\n<p style=\"text-align: justify;\">Dentro de las autoridades presentes se cont\u00f3 con la participaci\u00f3n del seremi de Agricultura de Ays\u00e9n, Alan Espinoza Ortiz, quien recalc\u00f3 lo importante que es para este gobierno la participaci\u00f3n activa de los ni\u00f1os, como tambi\u00e9n reforzar la educaci\u00f3n ambiental en ellos, ya que son los principales agentes de cambio en las futuras generaciones.<\/p>\n<p style=\"text-align: justify;\">\u201cPara nosotros es muy importante estar celebrando los 46 a\u00f1os de Forest\u00edn, quien es parte de nuestra historia, de nuestro crecimiento, parte de c\u00f3mo se nos ense\u00f1a a cuidar y a valorar nuestros recursos, nuestro medioambiente, nuestro bosque. Es muy importante la educaci\u00f3n en materia preescolar, sobre todo en primera infancia, pues son ellos\u00a0 los que nos ense\u00f1an a mantener el medioambiente en mejores condiciones para todos y todas\u201d, se\u00f1al\u00f3.<\/p>\n<\/div><\/section><\/div><div  style='height:50px' class='hr hr-invisible   avia-builder-el-6  el_after_av_one_full  el_before_av_social_share '><span class='hr-inner ' ><span class='hr-inner-style'><\/span><\/span><\/div><\/p>\n<div  class='av-social-sharing-box  avia-builder-el-7  el_after_av_hr  el_before_av_hr  '><div class='av-share-box'><h5 class='av-share-link-description av-no-toc '>Compartir esta noticia<\/h5><ul class='av-share-box-list noLightbox'><li class='av-share-link av-social-link-facebook' ><a target=\"_blank\" aria-label=\"Compartir en Facebook\" href='https:\/\/www.facebook.com\/sharer.php?u=https:\/\/radiorevelacionfm.cl\/?p=17959&#038;t=Forest%C3%ADn%20celebr%C3%B3%20su%20cumplea%C3%B1os%2046%20con%20los%20ni%C3%B1os%20del%20jard%C3%ADn%20Arco%C3%ADris' aria-hidden='false' data-av_icon='\ue8f3' data-av_iconfont='entypo-fontello' title='' data-avia-related-tooltip='Compartir en Facebook' rel=\"noopener\"><span class='avia_hidden_link_text'>Compartir en Facebook<\/span><\/a><\/li><li class='av-share-link av-social-link-twitter' ><a target=\"_blank\" aria-label=\"Compartir en Twitter\" href='https:\/\/twitter.com\/share?text=Forest%C3%ADn%20celebr%C3%B3%20su%20cumplea%C3%B1os%2046%20con%20los%20ni%C3%B1os%20del%20jard%C3%ADn%20Arco%C3%ADris&#038;url=https:\/\/radiorevelacionfm.cl\/?p=17959' aria-hidden='false' data-av_icon='\ue8f1' data-av_iconfont='entypo-fontello' title='' data-avia-related-tooltip='Compartir en Twitter' rel=\"noopener\"><span class='avia_hidden_link_text'>Compartir en Twitter<\/span><\/a><\/li><li class='av-share-link av-social-link-whatsapp' ><a target=\"_blank\" aria-label=\"Compartir en Whatsapp\" href='https:\/\/api.whatsapp.com\/send?text=https:\/\/radiorevelacionfm.cl\/?p=17959' aria-hidden='false' data-av_icon='\uf232' data-av_iconfont='entypo-fontello' title='' data-avia-related-tooltip='Compartir en Whatsapp' rel=\"noopener\"><span class='avia_hidden_link_text'>Compartir en Whatsapp<\/span><\/a><\/li><li class='av-share-link av-social-link-linkedin' ><a target=\"_blank\" aria-label=\"Compartir en LinkedIn\" href='https:\/\/linkedin.com\/shareArticle?mini=true&#038;title=Forest%C3%ADn%20celebr%C3%B3%20su%20cumplea%C3%B1os%2046%20con%20los%20ni%C3%B1os%20del%20jard%C3%ADn%20Arco%C3%ADris&#038;url=https:\/\/radiorevelacionfm.cl\/?p=17959' aria-hidden='false' data-av_icon='\ue8fc' data-av_iconfont='entypo-fontello' title='' data-avia-related-tooltip='Compartir en LinkedIn' rel=\"noopener\"><span class='avia_hidden_link_text'>Compartir en LinkedIn<\/span><\/a><\/li><li class='av-share-link av-social-link-mail' ><a  aria-label=\"Compartir por correo\" href='mailto:?subject=Forest%C3%ADn%20celebr%C3%B3%20su%20cumplea%C3%B1os%2046%20con%20los%20ni%C3%B1os%20del%20jard%C3%ADn%20Arco%C3%ADris&#038;body=https:\/\/radiorevelacionfm.cl\/?p=17959' aria-hidden='false' data-av_icon='\ue805' data-av_iconfont='entypo-fontello' title='' data-avia-related-tooltip='Compartir por correo'><span class='avia_hidden_link_text'>Compartir por correo<\/span><\/a><\/li><\/ul><\/div><\/div>\n<div  style='height:50px' class='hr hr-invisible   avia-builder-el-8  el_after_av_social_share  el_before_av_comments_list '><span class='hr-inner ' ><span class='hr-inner-style'><\/span><\/span><\/div>\n<div  class='av-buildercomment  av-blog-meta-html-info-disabled av-blog-meta-tag-disabled  '><\/div>\n","protected":false},"excerpt":{"rendered":"","protected":false},"author":1,"featured_media":17960,"comment_status":"open","ping_status":"open","sticky":false,"template":"","format":"standard","meta":{"footnotes":""},"categories":[38],"tags":[],"class_list":["post-17959","post","type-post","status-publish","format-standard","has-post-thumbnail","hentry","category-regional"],"jetpack_featured_media_url":"https:\/\/radiorevelacionfm.cl\/wp-content\/uploads\/2022\/06\/6-28-1-1.jpg","_links":{"self":[{"href":"https:\/\/radiorevelacionfm.cl\/index.php?rest_route=\/wp\/v2\/posts\/17959","targetHints":{"allow":["GET"]}}],"collection":[{"href":"https:\/\/radiorevelacionfm.cl\/index.php?rest_route=\/wp\/v2\/posts"}],"about":[{"href":"https:\/\/radiorevelacionfm.cl\/index.php?rest_route=\/wp\/v2\/types\/post"}],"author":[{"embeddable":true,"href":"https:\/\/radiorevelacionfm.cl\/index.php?rest_route=\/wp\/v2\/users\/1"}],"replies":[{"embeddable":true,"href":"https:\/\/radiorevelacionfm.cl\/index.php?rest_route=%2Fwp%2Fv2%2Fcomments&post=17959"}],"version-history":[{"count":2,"href":"https:\/\/radiorevelacionfm.cl\/index.php?rest_route=\/wp\/v2\/posts\/17959\/revisions"}],"predecessor-version":[{"id":17979,"href":"https:\/\/radiorevelacionfm.cl\/index.php?rest_route=\/wp\/v2\/posts\/17959\/revisions\/17979"}],"wp:featuredmedia":[{"embeddable":true,"href":"https:\/\/radiorevelacionfm.cl\/index.php?rest_route=\/wp\/v2\/media\/17960"}],"wp:attachment":[{"href":"https:\/\/radiorevelacionfm.cl\/index.php?rest_route=%2Fwp%2Fv2%2Fmedia&parent=17959"}],"wp:term":[{"taxonomy":"category","embeddable":true,"href":"https:\/\/radiorevelacionfm.cl\/index.php?rest_route=%2Fwp%2Fv2%2Fcategories&post=17959"},{"taxonomy":"post_tag","embeddable":true,"href":"https:\/\/radiorevelacionfm.cl\/index.php?rest_route=%2Fwp%2Fv2%2Ftags&post=17959"}],"curies":[{"name":"wp","href":"https:\/\/api.w.org\/{rel}","templated":true}]}}