{"id":17949,"date":"2022-06-13T18:25:26","date_gmt":"2022-06-13T21:25:26","guid":{"rendered":"https:\/\/radiorevelacionfm.cl\/?p=17949"},"modified":"2022-06-13T19:30:02","modified_gmt":"2022-06-13T22:30:02","slug":"en-biblioteca-regional-instalan-senaletica-de-atencion-preferencial-para-personas-con-tea","status":"publish","type":"post","link":"https:\/\/radiorevelacionfm.cl\/?p=17949","title":{"rendered":"En Biblioteca Regional instalan se\u00f1al\u00e9tica de atenci\u00f3n preferencial para personas con TEA"},"content":{"rendered":"<div class=\"flex_column av_one_full  flex_column_div av-zero-column-padding first  avia-builder-el-0  el_before_av_one_full  avia-builder-el-first  \" style='border-radius:0px; '><div  class='avia-image-container  av-styling-    avia-builder-el-1  avia-builder-el-no-sibling  avia-align-center '  itemprop=\"image\" itemscope=\"itemscope\" itemtype=\"https:\/\/schema.org\/ImageObject\"  ><div class='avia-image-container-inner'><div class='avia-image-overlay-wrap'><img decoding=\"async\" class='wp-image-17950 avia-img-lazy-loading-not-17950 avia_image' src=\"https:\/\/radiorevelacionfm.cl\/wp-content\/uploads\/2022\/06\/accion-autogestionado-1-1_optimized.jpg\" alt='' title='acci\u00f3n-autogestionado-1-(1)_optimized' height=\"600\" width=\"1067\"  itemprop=\"thumbnailUrl\" srcset=\"https:\/\/radiorevelacionfm.cl\/wp-content\/uploads\/2022\/06\/accion-autogestionado-1-1_optimized.jpg 1067w, https:\/\/radiorevelacionfm.cl\/wp-content\/uploads\/2022\/06\/accion-autogestionado-1-1_optimized-300x169.jpg 300w, https:\/\/radiorevelacionfm.cl\/wp-content\/uploads\/2022\/06\/accion-autogestionado-1-1_optimized-1030x579.jpg 1030w, https:\/\/radiorevelacionfm.cl\/wp-content\/uploads\/2022\/06\/accion-autogestionado-1-1_optimized-768x432.jpg 768w, https:\/\/radiorevelacionfm.cl\/wp-content\/uploads\/2022\/06\/accion-autogestionado-1-1_optimized-705x396.jpg 705w, https:\/\/radiorevelacionfm.cl\/wp-content\/uploads\/2022\/06\/accion-autogestionado-1-1_optimized-600x337.jpg 600w\" sizes=\"(max-width: 1067px) 100vw, 1067px\" \/><\/div><\/div><\/div><\/div><div class=\"flex_column av_one_full  flex_column_div av-zero-column-padding first  avia-builder-el-2  el_after_av_one_full  el_before_av_one_full  column-top-margin\" style='border-radius:0px; '><section class=\"av_textblock_section \"  itemscope=\"itemscope\" itemtype=\"https:\/\/schema.org\/BlogPosting\" itemprop=\"blogPost\" ><div class='avia_textblock  '   itemprop=\"text\" ><p style=\"text-align: center;\"><strong><span style=\"font-size: 18pt;\">En Biblioteca Regional instalan se\u00f1al\u00e9tica de atenci\u00f3n preferencial para personas con TEA <\/span><\/strong><\/p>\n<div id=\"gtx-trans\" style=\"position: absolute; left: -50px; top: 4.31534px;\">\n<div class=\"gtx-trans-icon\"><\/div>\n<\/div>\n<\/div><\/section><\/div><div class=\"flex_column av_one_full  flex_column_div av-zero-column-padding first  avia-builder-el-4  el_after_av_one_full  el_before_av_hr  column-top-margin\" style='border-radius:0px; '><section class=\"av_textblock_section \"  itemscope=\"itemscope\" itemtype=\"https:\/\/schema.org\/BlogPosting\" itemprop=\"blogPost\" ><div class='avia_textblock  '   itemprop=\"text\" ><p style=\"text-align: justify;\">En la Biblioteca Regional de Ays\u00e9n se reuni\u00f3 la Seremi de Desarrollo Social y Familia, Karina Acevedo; La Directora Regional (S) del FOSIS, Soledad Vera; La Directora de la Biblioteca Regional de Ays\u00e9n, Gloria Carrillo; la Presidenta de la Uni\u00f3n Comunal de la Discapacidad \u201cEntre mate y esperanza\u201d, Luz Mu\u00f1oz; el Tesorero de la Asociaci\u00f3n de Asperger Patagonia, Juan Bustamante y la usuaria de la misma Asociaci\u00f3n, Cecilia Cheuquian; para instalar se\u00f1al\u00e9ticas de atenci\u00f3n preferencial a personas con Trastorno del Espectro Autista (TEA).<\/p>\n<p style=\"text-align: justify;\">La iniciativa \u00abCrecimiento interno y externo de la organizaci\u00f3n\u00bb es ejecutado por la Uni\u00f3n Comunal de la Discapacidad -Entre mate y esperanza- a trav\u00e9s de la Asociaci\u00f3n de Asperger Patagonia y cuenta con el financiamiento del programa Acci\u00f3n Autogestionado del Fondo de Solidaridad e Inversi\u00f3n Social, FOSIS.<\/p>\n<p style=\"text-align: justify;\">El proyecto contempl\u00f3 talleres con profesional Terapeuta Ocupacional, para el desarrollo de habilidades sociales, manejo de emociones y transici\u00f3n a la vida adulta, a trav\u00e9s de juegos con los ni\u00f1os, ni\u00f1as y j\u00f3venes de la organizaci\u00f3n, junto con la aplicaci\u00f3n del test ADOS-2 para diagnosticar a personas asociadas a la agrupaci\u00f3n y finalmente la instalaci\u00f3n de se\u00f1al\u00e9tica de atenci\u00f3n preferencial en lugares p\u00fablicos.<\/p>\n<p style=\"text-align: justify;\">Seremi de Desarrollo Social y Familia, Karina Acevedo, destac\u00f3 que \u201cse hizo un trabajo para poder colaborar en la inclusi\u00f3n de miembros de esta agrupaci\u00f3n, donde se intervino a las familias, ni\u00f1os, ni\u00f1as y adolescentes potenciando sus habilidades. Gracias a esta instancia se logr\u00f3 concretar la instalaci\u00f3n de se\u00f1al\u00e9tica para visibilizar en la ciudadan\u00eda y comunidad regional que se debe considerar e incluir a personas que tienen Trastorno del Espectro Autista y que, aunque uno no lo ve todos los d\u00edas, debemos conocerlo y hacernos parte de esta sociedad inclusiva que todos queremos para este Chile nuevo, esa es la invitaci\u00f3n de nuestro Presidente Gabriel Boric\u201d.<\/p>\n<p style=\"text-align: justify;\">Juan Bustamante, integrante de la Asociaci\u00f3n de Asperger Patagonia, asegur\u00f3 que \u201cse lograron dos objetivos importantes: Hacer el test ADOS-2 que est\u00e1 dirigido para el trastorno del autismo y de esa forma pudimos diagnosticar a 20 ni\u00f1os, j\u00f3venes y adultos de la regi\u00f3n y la segunda etapa nos permiti\u00f3 hacer acr\u00edlicos para instalarlos en lugares de atenci\u00f3n a p\u00fablico en el comercio y de esta forma visibilizar el autismo en la regi\u00f3n que es una de las cosas que ha sido dif\u00edcil, pero ya tenemos el apoyo y estamos haciendo las gestiones\u201d.<\/p>\n<p style=\"text-align: justify;\">La presidenta de la Uni\u00f3n Comunal de la Discapacidad -Entre mate y esperanza- manifest\u00f3 que \u201cel espectro autista es una condici\u00f3n, no una enfermedad y es una condici\u00f3n que si nosotros la vemos no la podemos reconocer a primera vista, porque no tenemos la capacidad ni el conocimiento necesario para distinguir a una persona con autismo. Nos hemos ido dando cuenta que en Coyhaique si existe un segmento bastante amplio, tambi\u00e9n en personas adultas, no es algo que s\u00f3lo venga de los ni\u00f1os, sino que tambi\u00e9n en adultos j\u00f3venes y en personas adultas\u201d.<\/p>\n<p style=\"text-align: justify;\">Este proyecto tambi\u00e9n contempla continuar realizando instalaci\u00f3n de la se\u00f1al\u00e9tica de atenci\u00f3n preferencial en otros lugares como supermercados, ferreter\u00edas, cordoner\u00edas y otros espacios a definir por la organizaci\u00f3n ejecutora en el corto plazo.<\/p>\n<p style=\"text-align: justify;\">El programa Acci\u00f3n Autogestionado busca contribuir al bienestar de una comunidad, financiando proyectos de organizaciones sociales para, desde la autogesti\u00f3n de los recursos, lograr soluciones a problemas sociales o de vulnerabilidad, contando con asesor\u00eda y acompa\u00f1amiento para la ejecuci\u00f3n de la iniciativa.<\/p>\n<\/div><\/section><\/div><div  style='height:50px' class='hr hr-invisible   avia-builder-el-6  el_after_av_one_full  el_before_av_social_share '><span class='hr-inner ' ><span class='hr-inner-style'><\/span><\/span><\/div><\/p>\n<div  class='av-social-sharing-box  avia-builder-el-7  el_after_av_hr  el_before_av_hr  '><div class='av-share-box'><h5 class='av-share-link-description av-no-toc '>Compartir esta noticia<\/h5><ul class='av-share-box-list noLightbox'><li class='av-share-link av-social-link-facebook' ><a target=\"_blank\" aria-label=\"Compartir en Facebook\" href='https:\/\/www.facebook.com\/sharer.php?u=https:\/\/radiorevelacionfm.cl\/?p=17949&#038;t=En%20Biblioteca%20Regional%20instalan%20se%C3%B1al%C3%A9tica%20de%20atenci%C3%B3n%20preferencial%20para%20personas%20con%20TEA' aria-hidden='false' data-av_icon='\ue8f3' data-av_iconfont='entypo-fontello' title='' data-avia-related-tooltip='Compartir en Facebook' rel=\"noopener\"><span class='avia_hidden_link_text'>Compartir en Facebook<\/span><\/a><\/li><li class='av-share-link av-social-link-twitter' ><a target=\"_blank\" aria-label=\"Compartir en Twitter\" href='https:\/\/twitter.com\/share?text=En%20Biblioteca%20Regional%20instalan%20se%C3%B1al%C3%A9tica%20de%20atenci%C3%B3n%20preferencial%20para%20personas%20con%20TEA&#038;url=https:\/\/radiorevelacionfm.cl\/?p=17949' aria-hidden='false' data-av_icon='\ue8f1' data-av_iconfont='entypo-fontello' title='' data-avia-related-tooltip='Compartir en Twitter' rel=\"noopener\"><span class='avia_hidden_link_text'>Compartir en Twitter<\/span><\/a><\/li><li class='av-share-link av-social-link-whatsapp' ><a target=\"_blank\" aria-label=\"Compartir en Whatsapp\" href='https:\/\/api.whatsapp.com\/send?text=https:\/\/radiorevelacionfm.cl\/?p=17949' aria-hidden='false' data-av_icon='\uf232' data-av_iconfont='entypo-fontello' title='' data-avia-related-tooltip='Compartir en Whatsapp' rel=\"noopener\"><span class='avia_hidden_link_text'>Compartir en Whatsapp<\/span><\/a><\/li><li class='av-share-link av-social-link-linkedin' ><a target=\"_blank\" aria-label=\"Compartir en LinkedIn\" href='https:\/\/linkedin.com\/shareArticle?mini=true&#038;title=En%20Biblioteca%20Regional%20instalan%20se%C3%B1al%C3%A9tica%20de%20atenci%C3%B3n%20preferencial%20para%20personas%20con%20TEA&#038;url=https:\/\/radiorevelacionfm.cl\/?p=17949' aria-hidden='false' data-av_icon='\ue8fc' data-av_iconfont='entypo-fontello' title='' data-avia-related-tooltip='Compartir en LinkedIn' rel=\"noopener\"><span class='avia_hidden_link_text'>Compartir en LinkedIn<\/span><\/a><\/li><li class='av-share-link av-social-link-mail' ><a  aria-label=\"Compartir por correo\" href='mailto:?subject=En%20Biblioteca%20Regional%20instalan%20se%C3%B1al%C3%A9tica%20de%20atenci%C3%B3n%20preferencial%20para%20personas%20con%20TEA&#038;body=https:\/\/radiorevelacionfm.cl\/?p=17949' aria-hidden='false' data-av_icon='\ue805' data-av_iconfont='entypo-fontello' title='' data-avia-related-tooltip='Compartir por correo'><span class='avia_hidden_link_text'>Compartir por correo<\/span><\/a><\/li><\/ul><\/div><\/div>\n<div  style='height:50px' class='hr hr-invisible   avia-builder-el-8  el_after_av_social_share  el_before_av_comments_list '><span class='hr-inner ' ><span class='hr-inner-style'><\/span><\/span><\/div>\n<div  class='av-buildercomment  av-blog-meta-html-info-disabled av-blog-meta-tag-disabled  '><\/div>\n","protected":false},"excerpt":{"rendered":"","protected":false},"author":1,"featured_media":17950,"comment_status":"open","ping_status":"open","sticky":false,"template":"","format":"standard","meta":{"footnotes":""},"categories":[38],"tags":[],"class_list":["post-17949","post","type-post","status-publish","format-standard","has-post-thumbnail","hentry","category-regional"],"jetpack_featured_media_url":"https:\/\/radiorevelacionfm.cl\/wp-content\/uploads\/2022\/06\/accion-autogestionado-1-1_optimized.jpg","_links":{"self":[{"href":"https:\/\/radiorevelacionfm.cl\/index.php?rest_route=\/wp\/v2\/posts\/17949","targetHints":{"allow":["GET"]}}],"collection":[{"href":"https:\/\/radiorevelacionfm.cl\/index.php?rest_route=\/wp\/v2\/posts"}],"about":[{"href":"https:\/\/radiorevelacionfm.cl\/index.php?rest_route=\/wp\/v2\/types\/post"}],"author":[{"embeddable":true,"href":"https:\/\/radiorevelacionfm.cl\/index.php?rest_route=\/wp\/v2\/users\/1"}],"replies":[{"embeddable":true,"href":"https:\/\/radiorevelacionfm.cl\/index.php?rest_route=%2Fwp%2Fv2%2Fcomments&post=17949"}],"version-history":[{"count":2,"href":"https:\/\/radiorevelacionfm.cl\/index.php?rest_route=\/wp\/v2\/posts\/17949\/revisions"}],"predecessor-version":[{"id":17965,"href":"https:\/\/radiorevelacionfm.cl\/index.php?rest_route=\/wp\/v2\/posts\/17949\/revisions\/17965"}],"wp:featuredmedia":[{"embeddable":true,"href":"https:\/\/radiorevelacionfm.cl\/index.php?rest_route=\/wp\/v2\/media\/17950"}],"wp:attachment":[{"href":"https:\/\/radiorevelacionfm.cl\/index.php?rest_route=%2Fwp%2Fv2%2Fmedia&parent=17949"}],"wp:term":[{"taxonomy":"category","embeddable":true,"href":"https:\/\/radiorevelacionfm.cl\/index.php?rest_route=%2Fwp%2Fv2%2Fcategories&post=17949"},{"taxonomy":"post_tag","embeddable":true,"href":"https:\/\/radiorevelacionfm.cl\/index.php?rest_route=%2Fwp%2Fv2%2Ftags&post=17949"}],"curies":[{"name":"wp","href":"https:\/\/api.w.org\/{rel}","templated":true}]}}