{"id":17946,"date":"2022-06-13T17:44:40","date_gmt":"2022-06-13T20:44:40","guid":{"rendered":"https:\/\/radiorevelacionfm.cl\/?p=17946"},"modified":"2022-06-16T21:56:11","modified_gmt":"2022-06-17T00:56:11","slug":"postulate-al-programa-de-voluntariado-juvenil-de-la-alianza-del-pacifico-2022-y-vive-una-experiencia-de-integracion-con-otras-personas-jovenes-de-chile-colombia-mexico-y-peru","status":"publish","type":"post","link":"https:\/\/radiorevelacionfm.cl\/?p=17946","title":{"rendered":"\u00a1Post\u00falate al Programa de Voluntariado Juvenil de la Alianza del Pac\u00edfico 2022 y vive una experiencia de integraci\u00f3n con otras personas j\u00f3venes de Chile, Colombia, M\u00e9xico y Per\u00fa!"},"content":{"rendered":"<div class=\"flex_column av_one_full  flex_column_div av-zero-column-padding first  avia-builder-el-0  el_before_av_one_full  avia-builder-el-first  \" style='border-radius:0px; '><div  class='avia-image-container  av-styling-    avia-builder-el-1  avia-builder-el-no-sibling  avia-align-center '  itemprop=\"image\" itemscope=\"itemscope\" itemtype=\"https:\/\/schema.org\/ImageObject\"  ><div class='avia-image-container-inner'><div class='avia-image-overlay-wrap'><img decoding=\"async\" class='wp-image-17947 avia-img-lazy-loading-not-17947 avia_image' src=\"https:\/\/radiorevelacionfm.cl\/wp-content\/uploads\/2022\/06\/Grafica-1-1-1.jpeg\" alt='' title='Gr\u00e1fica (1) (1) (1)' height=\"600\" width=\"600\"  itemprop=\"thumbnailUrl\" srcset=\"https:\/\/radiorevelacionfm.cl\/wp-content\/uploads\/2022\/06\/Grafica-1-1-1.jpeg 600w, https:\/\/radiorevelacionfm.cl\/wp-content\/uploads\/2022\/06\/Grafica-1-1-1-300x300.jpeg 300w, https:\/\/radiorevelacionfm.cl\/wp-content\/uploads\/2022\/06\/Grafica-1-1-1-80x80.jpeg 80w, https:\/\/radiorevelacionfm.cl\/wp-content\/uploads\/2022\/06\/Grafica-1-1-1-36x36.jpeg 36w, https:\/\/radiorevelacionfm.cl\/wp-content\/uploads\/2022\/06\/Grafica-1-1-1-180x180.jpeg 180w, https:\/\/radiorevelacionfm.cl\/wp-content\/uploads\/2022\/06\/Grafica-1-1-1-100x100.jpeg 100w\" sizes=\"(max-width: 600px) 100vw, 600px\" \/><\/div><\/div><\/div><\/div><div class=\"flex_column av_one_full  flex_column_div av-zero-column-padding first  avia-builder-el-2  el_after_av_one_full  el_before_av_one_full  column-top-margin\" style='border-radius:0px; '><section class=\"av_textblock_section \"  itemscope=\"itemscope\" itemtype=\"https:\/\/schema.org\/BlogPosting\" itemprop=\"blogPost\" ><div class='avia_textblock  '   itemprop=\"text\" ><p style=\"text-align: center;\"><strong><span style=\"font-size: 18pt;\">\u00a1Post\u00falate al Programa de Voluntariado Juvenil de la Alianza del Pac\u00edfico 2022 y vive una experiencia de integraci\u00f3n con otras personas j\u00f3venes de Chile, Colombia, M\u00e9xico y Per\u00fa!<\/span><\/strong><\/p>\n<div id=\"gtx-trans\" style=\"position: absolute; left: -50px; top: 4.31534px;\">\n<div class=\"gtx-trans-icon\"><\/div>\n<\/div>\n<\/div><\/section><\/div><div class=\"flex_column av_one_full  flex_column_div av-zero-column-padding first  avia-builder-el-4  el_after_av_one_full  el_before_av_hr  column-top-margin\" style='border-radius:0px; '><section class=\"av_textblock_section \"  itemscope=\"itemscope\" itemtype=\"https:\/\/schema.org\/BlogPosting\" itemprop=\"blogPost\" ><div class='avia_textblock  '   itemprop=\"text\" ><p style=\"text-align: justify;\">Hasta el 5 de julio estar\u00e1 abierta la convocatoria para el Programa de Voluntariado Juvenil de la Alianza del Pac\u00edfico en modalidad virtual. Esta iniciativa busca que personas j\u00f3venes entre los 18 y 29 a\u00f1os de los cuatro pa\u00edses, contribuyan a superar los desaf\u00edos de la regi\u00f3n, a trav\u00e9s de proyectos que tendr\u00e1n una duraci\u00f3n m\u00e1xima de cuatro meses.<\/p>\n<p style=\"text-align: justify;\">La participaci\u00f3n en este Programa brinda una experiencia de intercambio social y cultural enriquecedora entre personas j\u00f3venes de Chile, Colombia, M\u00e9xico y Per\u00fa, en la que se crean v\u00ednculos significativos y se construyen propuestas de cambio ante problem\u00e1ticas sociales y ambientales que afectan a la regi\u00f3n.<\/p>\n<p style=\"text-align: justify;\">En 2022, el Programa de Voluntariado Juvenil de la Alianza del Pac\u00edfico, estar\u00e1 enfocado en enfrentar el dif\u00edcil contexto global, regional y nacional generado por pandemia de la COVID-19, que ha afectado a las personas j\u00f3venes en los \u00e1mbitos de la salud, la educaci\u00f3n, la econom\u00eda y el trabajo. As\u00ed, las acciones propuestas en los cuatro proyectos del voluntariado pretenden ser una ventana de oportunidades y posibilidades para motivar a las y los j\u00f3venes en sus iniciativas, en el camino a la recuperaci\u00f3n.<\/p>\n<p style=\"text-align: justify;\">\u201cTenemos buenas noticias para nuestros j\u00f3venes de la regi\u00f3n de Ays\u00e9n, est\u00e1 abierto el programa de voluntariado juvenil de la Alianza del Pacifico de este a\u00f1o 2022, es una experiencia de integraci\u00f3n con otras personas j\u00f3venes de Chile, Colombia, M\u00e9xico y Per\u00fa, queremos invitar a todos las y los j\u00f3venes que puedan participar de este programa, dura aproximadamente cuatro meses con proyectos en cada uno de estos pa\u00edses y se pueden inscribir directamente en la p\u00e1gina de INJUV, buscando informaci\u00f3n en sus redes sociales, Instagram, Facebook, Twitter o en la oficina de INJUV ubicada en Manuel Rodr\u00edguez #239, el horario de atenci\u00f3n es de lunes a jueves de 08:00 a 13:00 horas y en las tardes de las 14:00 a 17:00 horas, los viernes hasta las 16:00 horas, anda, estas interesado, tienes entre 18 y 29 a\u00f1os puede ser un proyecto para ti\u201d, indic\u00f3 la Seremi de Desarrollo Social y Familia, Karina Acevedo Auad.<\/p>\n<p style=\"text-align: justify;\">En tanto la Directora Regional (s) de INJUV Ays\u00e9n, G\u00e9nesis Arias Fuentes, sostuvo que \u201ccomo INJUV queremos promover este tipo de iniciativas que impacten positivamente en la sociedad, teniendo en cuenta que las juventudes son actores clave del cambio social. Invitamos\u00a0 a toda la comunidad juvenil regional a informarse y participar de esta interesante iniciativa\u201d.<\/p>\n<p style=\"text-align: justify;\">A continuaci\u00f3n, se presentan las caracter\u00edsticas de los perfiles para participar en los proyectos de voluntariado por cada pa\u00eds. Pueden postular j\u00f3venes de 18 a 29 a\u00f1os de los pa\u00edses miembros de la Alianza del Pac\u00edfico, que residan en su pa\u00eds de origen. No se aceptar\u00e1 m\u00e1s de una postulaci\u00f3n por persona.<\/p>\n<p style=\"text-align: justify;\"><strong><u>CHILE:<\/u><\/strong><\/p>\n<p style=\"text-align: justify;\">El objetivo general del proyecto \u201cLaboratorio INJUV: L\u00edderes para un voluntariado transformador\u201d es crear una red de l\u00edderes juveniles para fomentar la integraci\u00f3n entre j\u00f3venes de Chile, Colombia, M\u00e9xico y Per\u00fa, con el fin de impulsar iniciativas de voluntariado transformador en sus comunidades.<\/p>\n<p style=\"text-align: justify;\">El proyecto busca robustecer el ecosistema del voluntariado, apoyando a j\u00f3venes de los diferentes pa\u00edses de la Alianza del Pac\u00edfico en el aprendizaje mutuo para fortalecer sus acciones y la generaci\u00f3n de redes en com\u00fan.<\/p>\n<p style=\"text-align: justify;\">Esto se logra por medio de los siguientes objetivos espec\u00edficos:<\/p>\n<ol style=\"text-align: justify;\">\n<li>Fomentar la integraci\u00f3n entre j\u00f3venes de la Alianza del Pac\u00edfico para iniciar una agenda de colaboraci\u00f3n e intercambio en materias de voluntariado.<\/li>\n<li>Instalar capacidades para el liderazgo, dise\u00f1o y gesti\u00f3n de iniciativas de apoyo a las comunidades con perspectiva en voluntariado transformacional, mediante la sensibilizaci\u00f3n, formaci\u00f3n y mentor\u00edas.<\/li>\n<li>Mostrar al final del programa los proyectos de voluntariado transformador desarrollados por los participantes.<\/li>\n<li>Construir los principios de la red colaborativa de j\u00f3venes voluntarios y voluntarias de la Alianza del Pac\u00edfico.<\/li>\n<\/ol>\n<p style=\"text-align: justify;\"><strong>El perfil de la persona voluntaria es:<\/strong><\/p>\n<ul style=\"text-align: justify;\">\n<li>Personas entre 18 y 29 a\u00f1os de Chile, Colombia, M\u00e9xico y Per\u00fa y que lideren iniciativas de voluntariado o quieran llevar a cabo una, con inter\u00e9s en participar en un proceso de formaci\u00f3n y mentor\u00eda intensiva, en gesti\u00f3n del voluntariado y ser parte de la construcci\u00f3n de los principios de una red internacional de colaboraci\u00f3n.<\/li>\n<li>Las personas interesadas deber\u00e1n contar con un equipo computacional, conexi\u00f3n a internet y acceso a plataformas de comunicaci\u00f3n virtual.<\/li>\n<\/ul>\n<p style=\"text-align: justify;\"><strong><u>COLOMBIA:<\/u><\/strong><\/p>\n<p style=\"text-align: justify;\">El objetivo general del proyecto \u201cGeneraciones que Conectan y la solidaridad internacional como eje articulador del Voluntariado Juvenil\u201d es promover una red de personas j\u00f3venes voluntarias que, apoye especialmente a personas mayores, y que a partir del intercambio de conocimientos y experiencias intergeneracionales mitigue los efectos de la soledad, el aislamiento o la discriminaci\u00f3n; buscando mantener la salud, el bienestar y la dignidad de las personas mayores y de las personas j\u00f3venes, y al mismo tiempo fortalezca el voluntariado en su dimensi\u00f3n internacional con prop\u00f3sito transformador y apuesta del capital social al desarrollo de la regi\u00f3n.<\/p>\n<p style=\"text-align: justify;\">El proyecto busca integrar a personas j\u00f3venes a la estrategia de gobierno \u201cGeneraciones que conectan\u201d con una mirada sobre la solidaridad, en tiempos de postemergencia, hacia personas mayores, facilitando herramientas en habilidades blandas, de comunicaci\u00f3n y de estrategias de acompa\u00f1amiento humanizado que materializan su voluntariado, as\u00ed como\u00a0 proveer conocimiento y comprensi\u00f3n de los conceptos asociados al voluntariado tales como la asistencia, la filantrop\u00eda, la beneficencia, el altruismo, y la cooperaci\u00f3n en su dimensi\u00f3n internacional, con prop\u00f3sito transformador y apuesta del capital social al desarrollo de la regi\u00f3n.<\/p>\n<p style=\"text-align: justify;\"><strong>El perfil de la persona voluntaria es:<\/strong><\/p>\n<ul style=\"text-align: justify;\">\n<li>Para el desarrollo del programa se sugiere contar con al menos 10 horas libres a la semana para participar en las actividades derivadas del voluntariado.<\/li>\n<li>Personas j\u00f3venes que est\u00e9n cursando programas o estudios en \u00e1reas de ciencias humanas y sociales \u2013 preferiblemente en trabajo social, sociolog\u00eda, antropolog\u00eda filosof\u00eda y \u00e1reas afines, o ciencias de la salud, preferiblemente en psicolog\u00eda, terapia ocupacional, psiquiatr\u00eda, fisioterapia, geriatr\u00eda; es recomendable tener en cuenta inter\u00e9s en el servicio social y la salud comunitaria.<\/li>\n<li>Las personas interesadas deber\u00e1n contar con un equipo computacional, conexi\u00f3n a internet y acceso a plataformas de comunicaci\u00f3n virtual.<\/li>\n<\/ul>\n<p><strong><u>M\u00c9XICO:<\/u><\/strong><\/p>\n<p style=\"text-align: justify;\">El objetivo general del proyecto \u201cTierra Joven-Voluntad Joven\u201d busca fortalecer la integraci\u00f3n de personas j\u00f3venes de los cuatro pa\u00edses de la Alianza del Pac\u00edfico a trav\u00e9s de acciones que contribuyan su empoderamiento y liderazgo, a la solidaridad intergeneracional y a la reconstrucci\u00f3n del tejido social. El proyecto busca fortalecer habilidades para la creaci\u00f3n y desarrollo de proyectos de impacto socio ambiental para mejorar su actuar en entorno a la protecci\u00f3n del medioambiente y mitigaci\u00f3n del cambio clim\u00e1tico y promover el intercambio en materia educativa a trav\u00e9s de herramientas digitales, todo esto desde una perspectiva de g\u00e9nero y teniendo como centro el cumplimiento de la Agenda 2030<\/p>\n<p style=\"text-align: justify;\"><strong>El perfil de la persona voluntaria es:<\/strong><\/p>\n<ul style=\"text-align: justify;\">\n<li>Tener la nacionalidad de uno de los pa\u00edses miembros de la Alianza del Pac\u00edfico diferente del pa\u00eds que seleccione para su voluntariado (Chile, Colombia, M\u00e9xico y Per\u00fa) y residir en su pa\u00eds de origen.<\/li>\n<li>Personas j\u00f3venes que quieran cambiar al mundo a trav\u00e9s de ideas de negocios o emprendimientos tempranos que planteen soluciones innovadoras y sostenibles.<\/li>\n<li>Contar con al menos 10 horas libres a la semana para participar en las actividades derivadas del voluntariado.<\/li>\n<li>Con iniciativa, buena disposici\u00f3n y cumplir en su totalidad con el programa.<\/li>\n<li>Contar con acceso a internet estable y un dispositivo electr\u00f3nico para conectarse a las sesiones virtuales.<\/li>\n<li>Tener el compromiso de replicar en su c\u00edrculo de influencia su proyecto de impacto ambiental.<\/li>\n<\/ul>\n<p style=\"text-align: justify;\"><strong><u>PER\u00da:<\/u><\/strong><\/p>\n<p style=\"text-align: justify;\">El objetivo general del proyecto \u201cA-Gente de Cambio: Construyendo experiencias para la promoci\u00f3n de la salud mental de adolescentes\u201d es contribuir al fortalecimiento de la integraci\u00f3n regional en el marco de la Alianza del Pac\u00edfico a trav\u00e9s de la formaci\u00f3n de agentes de cambio para la promoci\u00f3n de la salud mental en adolescentes en situaci\u00f3n de riesgo en el contexto de la pandemia de la COVID-19.<\/p>\n<p style=\"text-align: justify;\">Las y los j\u00f3venes voluntarios participar\u00e1n de un proceso de formaci\u00f3n virtual, para dise\u00f1ar y ejecutar un programa de promoci\u00f3n de la salud mental dirigido a las y los adolescentes de los Centros de Desarrollo Integral de la Familia (CEDIF) ubicados en diferentes regiones del Per\u00fa, con la finalidad de fortalecer sus competencias para afrontar los desaf\u00edos de la vida en el contexto de pandemia y el retorno a la presencialidad, as\u00ed como para contribuir a su comunidad como agentes de cambio.<\/p>\n<p style=\"text-align: justify;\"><strong>\u00a0<\/strong><strong>El perfil de la persona voluntaria es:<\/strong><\/p>\n<ul style=\"text-align: justify;\">\n<li>Con formaci\u00f3n en \u00e1reas sociales, de la salud, psicolog\u00eda, educaci\u00f3n, comunicaci\u00f3n, artes, deportes, recreaci\u00f3n y otras que se vinculen al proyecto.<\/li>\n<li>Con experiencia en promoci\u00f3n de la salud mental, o facilitaci\u00f3n (presencial o virtual) de t\u00e9cnicas participativas, l\u00fadicas, vivenciales o art\u00edsticas con adolescentes en situaci\u00f3n de riesgo social, o manejo de Tecnolog\u00edas de la Informaci\u00f3n y Comunicaci\u00f3n (TIC) para la educaci\u00f3n virtual y trabajo comunitario.<\/li>\n<li>Contar con disponibilidad en las fechas se\u00f1aladas en la descripci\u00f3n de las etapas del proyecto. Considerar una inversi\u00f3n de tiempo promedio de 10 horas a la semana para participar en las actividades del voluntariado que se realizar\u00e1n del 1 de septiembre al 30 de noviembre.<\/li>\n<li>No contar con antecedentes penales o policiales, ni tener impedimento para trabajar con menores de edad.<\/li>\n<\/ul>\n<p style=\"text-align: justify;\">Las y los j\u00f3venes interesados pueden informarse y postular en el siguiente link: <a href=\"https:\/\/extranet.injuv.gob.cl\/alianza_del_pacifico\/\">https:\/\/extranet.injuv.gob.cl\/alianza_del_pacifico\/<\/a> y tambi\u00e9n pueden realizar sus consultas escribiendo a nuestras redes sociales,\u00a0 Fan Page, Instagram y Twitter @injuvaysen\u00a0o visitarnos presencialmente en la Direcci\u00f3n Regional de INJUV Ays\u00e9n, ubicada en Manuel Rodr\u00edguez #239, Coyhaique, de lunes a viernes durante las ma\u00f1anas de 08:00 a 13:00 horas y en la tardes de 14:00 a 17:00 horas, viernes hasta las 16:00 horas.<\/p>\n<\/div><\/section><\/div><div  style='height:50px' class='hr hr-invisible   avia-builder-el-6  el_after_av_one_full  el_before_av_social_share '><span class='hr-inner ' ><span class='hr-inner-style'><\/span><\/span><\/div><\/p>\n<div  class='av-social-sharing-box  avia-builder-el-7  el_after_av_hr  el_before_av_hr  '><div class='av-share-box'><h5 class='av-share-link-description av-no-toc '>Compartir esta noticia<\/h5><ul class='av-share-box-list noLightbox'><li class='av-share-link av-social-link-facebook' ><a target=\"_blank\" aria-label=\"Compartir en Facebook\" href='https:\/\/www.facebook.com\/sharer.php?u=https:\/\/radiorevelacionfm.cl\/?p=17946&#038;t=%C2%A1Post%C3%BAlate%20al%20Programa%20de%20Voluntariado%20Juvenil%20de%20la%20Alianza%20del%20Pac%C3%ADfico%202022%20y%20vive%20una%20experiencia%20de%20integraci%C3%B3n%20con%20otras%20personas%20j%C3%B3venes%20de%20Chile%2C%20Colombia%2C%20M%C3%A9xico%20y%20Per%C3%BA%21' aria-hidden='false' data-av_icon='\ue8f3' data-av_iconfont='entypo-fontello' title='' data-avia-related-tooltip='Compartir en Facebook' rel=\"noopener\"><span class='avia_hidden_link_text'>Compartir en Facebook<\/span><\/a><\/li><li class='av-share-link av-social-link-twitter' ><a target=\"_blank\" aria-label=\"Compartir en Twitter\" href='https:\/\/twitter.com\/share?text=%C2%A1Post%C3%BAlate%20al%20Programa%20de%20Voluntariado%20Juvenil%20de%20la%20Alianza%20del%20Pac%C3%ADfico%202022%20y%20vive%20una%20experiencia%20de%20integraci%C3%B3n%20con%20otras%20personas%20j%C3%B3venes%20de%20Chile%2C%20Colombia%2C%20M%C3%A9xico%20y%20Per%C3%BA%21&#038;url=https:\/\/radiorevelacionfm.cl\/?p=17946' aria-hidden='false' data-av_icon='\ue8f1' data-av_iconfont='entypo-fontello' title='' data-avia-related-tooltip='Compartir en Twitter' rel=\"noopener\"><span class='avia_hidden_link_text'>Compartir en Twitter<\/span><\/a><\/li><li class='av-share-link av-social-link-whatsapp' ><a target=\"_blank\" aria-label=\"Compartir en Whatsapp\" href='https:\/\/api.whatsapp.com\/send?text=https:\/\/radiorevelacionfm.cl\/?p=17946' aria-hidden='false' data-av_icon='\uf232' data-av_iconfont='entypo-fontello' title='' data-avia-related-tooltip='Compartir en Whatsapp' rel=\"noopener\"><span class='avia_hidden_link_text'>Compartir en Whatsapp<\/span><\/a><\/li><li class='av-share-link av-social-link-linkedin' ><a target=\"_blank\" aria-label=\"Compartir en LinkedIn\" href='https:\/\/linkedin.com\/shareArticle?mini=true&#038;title=%C2%A1Post%C3%BAlate%20al%20Programa%20de%20Voluntariado%20Juvenil%20de%20la%20Alianza%20del%20Pac%C3%ADfico%202022%20y%20vive%20una%20experiencia%20de%20integraci%C3%B3n%20con%20otras%20personas%20j%C3%B3venes%20de%20Chile%2C%20Colombia%2C%20M%C3%A9xico%20y%20Per%C3%BA%21&#038;url=https:\/\/radiorevelacionfm.cl\/?p=17946' aria-hidden='false' data-av_icon='\ue8fc' data-av_iconfont='entypo-fontello' title='' data-avia-related-tooltip='Compartir en LinkedIn' rel=\"noopener\"><span class='avia_hidden_link_text'>Compartir en LinkedIn<\/span><\/a><\/li><li class='av-share-link av-social-link-mail' ><a  aria-label=\"Compartir por correo\" href='mailto:?subject=%C2%A1Post%C3%BAlate%20al%20Programa%20de%20Voluntariado%20Juvenil%20de%20la%20Alianza%20del%20Pac%C3%ADfico%202022%20y%20vive%20una%20experiencia%20de%20integraci%C3%B3n%20con%20otras%20personas%20j%C3%B3venes%20de%20Chile%2C%20Colombia%2C%20M%C3%A9xico%20y%20Per%C3%BA%21&#038;body=https:\/\/radiorevelacionfm.cl\/?p=17946' aria-hidden='false' data-av_icon='\ue805' data-av_iconfont='entypo-fontello' title='' data-avia-related-tooltip='Compartir por correo'><span class='avia_hidden_link_text'>Compartir por correo<\/span><\/a><\/li><\/ul><\/div><\/div>\n<div  style='height:50px' class='hr hr-invisible   avia-builder-el-8  el_after_av_social_share  el_before_av_comments_list '><span class='hr-inner ' ><span class='hr-inner-style'><\/span><\/span><\/div>\n<div  class='av-buildercomment  av-blog-meta-html-info-disabled av-blog-meta-tag-disabled  '><\/div>\n","protected":false},"excerpt":{"rendered":"","protected":false},"author":1,"featured_media":17947,"comment_status":"open","ping_status":"open","sticky":false,"template":"","format":"standard","meta":{"footnotes":""},"categories":[38],"tags":[],"class_list":["post-17946","post","type-post","status-publish","format-standard","has-post-thumbnail","hentry","category-regional"],"jetpack_featured_media_url":"https:\/\/radiorevelacionfm.cl\/wp-content\/uploads\/2022\/06\/Grafica-1-1-1.jpeg","_links":{"self":[{"href":"https:\/\/radiorevelacionfm.cl\/index.php?rest_route=\/wp\/v2\/posts\/17946","targetHints":{"allow":["GET"]}}],"collection":[{"href":"https:\/\/radiorevelacionfm.cl\/index.php?rest_route=\/wp\/v2\/posts"}],"about":[{"href":"https:\/\/radiorevelacionfm.cl\/index.php?rest_route=\/wp\/v2\/types\/post"}],"author":[{"embeddable":true,"href":"https:\/\/radiorevelacionfm.cl\/index.php?rest_route=\/wp\/v2\/users\/1"}],"replies":[{"embeddable":true,"href":"https:\/\/radiorevelacionfm.cl\/index.php?rest_route=%2Fwp%2Fv2%2Fcomments&post=17946"}],"version-history":[{"count":2,"href":"https:\/\/radiorevelacionfm.cl\/index.php?rest_route=\/wp\/v2\/posts\/17946\/revisions"}],"predecessor-version":[{"id":18132,"href":"https:\/\/radiorevelacionfm.cl\/index.php?rest_route=\/wp\/v2\/posts\/17946\/revisions\/18132"}],"wp:featuredmedia":[{"embeddable":true,"href":"https:\/\/radiorevelacionfm.cl\/index.php?rest_route=\/wp\/v2\/media\/17947"}],"wp:attachment":[{"href":"https:\/\/radiorevelacionfm.cl\/index.php?rest_route=%2Fwp%2Fv2%2Fmedia&parent=17946"}],"wp:term":[{"taxonomy":"category","embeddable":true,"href":"https:\/\/radiorevelacionfm.cl\/index.php?rest_route=%2Fwp%2Fv2%2Fcategories&post=17946"},{"taxonomy":"post_tag","embeddable":true,"href":"https:\/\/radiorevelacionfm.cl\/index.php?rest_route=%2Fwp%2Fv2%2Ftags&post=17946"}],"curies":[{"name":"wp","href":"https:\/\/api.w.org\/{rel}","templated":true}]}}