{"id":17942,"date":"2022-06-13T16:37:28","date_gmt":"2022-06-13T19:37:28","guid":{"rendered":"https:\/\/radiorevelacionfm.cl\/?p=17942"},"modified":"2022-06-13T16:37:28","modified_gmt":"2022-06-13T19:37:28","slug":"conecta-pjud-juzgado-de-chile-chico-es-el-primer-tribunal-de-la-jurisdiccion-en-sumarse-a-la-atencion-de-acceso-digital","status":"publish","type":"post","link":"https:\/\/radiorevelacionfm.cl\/?p=17942","title":{"rendered":"Conecta PJUD: Juzgado de Chile Chico es el primer tribunal de la jurisdicci\u00f3n en sumarse a la atenci\u00f3n de acceso digital"},"content":{"rendered":"<div class=\"flex_column av_one_full  flex_column_div av-zero-column-padding first  avia-builder-el-0  el_before_av_one_full  avia-builder-el-first  \" style='border-radius:0px; '><div  class='avia-image-container  av-styling-    avia-builder-el-1  avia-builder-el-no-sibling  avia-align-center '  itemprop=\"image\" itemscope=\"itemscope\" itemtype=\"https:\/\/schema.org\/ImageObject\"  ><div class='avia-image-container-inner'><div class='avia-image-overlay-wrap'><img decoding=\"async\" class='wp-image-17943 avia-img-lazy-loading-not-17943 avia_image' src=\"https:\/\/radiorevelacionfm.cl\/wp-content\/uploads\/2022\/06\/conectachilechico-1-1.jpg\" alt='' title='conectachilechico (1) (1)' height=\"600\" width=\"1053\"  itemprop=\"thumbnailUrl\" srcset=\"https:\/\/radiorevelacionfm.cl\/wp-content\/uploads\/2022\/06\/conectachilechico-1-1.jpg 1053w, https:\/\/radiorevelacionfm.cl\/wp-content\/uploads\/2022\/06\/conectachilechico-1-1-300x171.jpg 300w, https:\/\/radiorevelacionfm.cl\/wp-content\/uploads\/2022\/06\/conectachilechico-1-1-1030x587.jpg 1030w, https:\/\/radiorevelacionfm.cl\/wp-content\/uploads\/2022\/06\/conectachilechico-1-1-768x438.jpg 768w, https:\/\/radiorevelacionfm.cl\/wp-content\/uploads\/2022\/06\/conectachilechico-1-1-705x402.jpg 705w, https:\/\/radiorevelacionfm.cl\/wp-content\/uploads\/2022\/06\/conectachilechico-1-1-600x342.jpg 600w\" sizes=\"(max-width: 1053px) 100vw, 1053px\" \/><\/div><\/div><\/div><\/div><div class=\"flex_column av_one_full  flex_column_div av-zero-column-padding first  avia-builder-el-2  el_after_av_one_full  el_before_av_one_full  column-top-margin\" style='border-radius:0px; '><section class=\"av_textblock_section \"  itemscope=\"itemscope\" itemtype=\"https:\/\/schema.org\/BlogPosting\" itemprop=\"blogPost\" ><div class='avia_textblock  '   itemprop=\"text\" ><p style=\"text-align: center;\"><span style=\"font-size: 18pt;\"><strong>Conecta PJUD: Juzgado de Chile Chico es el primer tribunal de la jurisdicci\u00f3n en sumarse a la atenci\u00f3n de acceso digital<\/strong><\/span><\/p>\n<div id=\"gtx-trans\" style=\"position: absolute; left: -50px; top: 4.31534px;\">\n<div class=\"gtx-trans-icon\"><\/div>\n<\/div>\n<\/div><\/section><\/div><div class=\"flex_column av_one_full  flex_column_div av-zero-column-padding first  avia-builder-el-4  el_after_av_one_full  el_before_av_hr  column-top-margin\" style='border-radius:0px; '><section class=\"av_textblock_section \"  itemscope=\"itemscope\" itemtype=\"https:\/\/schema.org\/BlogPosting\" itemprop=\"blogPost\" ><div class='avia_textblock  '   itemprop=\"text\" ><p class=\"v1MsoNormal\" style=\"text-align: justify;\">El presidente de la Corte de Apelaciones de Coyhaique, Sergio Mora Vallejos, encabez\u00f3 junto al magistrado Guillermo Frene Candia, del Juzgado de Letras, Garant\u00eda y Familia de Chile Chico, el lanzamiento que dio por inaugurado el sistema de atenci\u00f3n digital Conecta PJUD.<\/p>\n<p class=\"v1MsoNormal\" style=\"text-align: justify;\">La ceremonia realizada el pasado viernes 10 de junio, cont\u00f3 con la presencia de representantes de diversas instituciones relacionadas como la Defensor\u00eda Penal P\u00fablica; la Defensor\u00eda de la Ni\u00f1ez, Prodemu; Seremi de Desarrollo Social y Familia, y programas enfocados a la prevenci\u00f3n de derechos de la infancia, entre otros. Asimismo, particip\u00f3 el administrador zonal de la Corporaci\u00f3n Administrativa del PJUD, Patricio Neira Fern\u00e1ndez, funcionarios del tribunal y su secretario titular, Alex Espinoza Salinas.<\/p>\n<p class=\"v1MsoNormal\" style=\"text-align: justify;\">El presidente de la Corte de Apelaciones de Coyhaique, Sergio Mora Vallejos, destac\u00f3 que durante este a\u00f1o se espera habilitar este servicio en otros tribunales de la jurisdicci\u00f3n. \u00abNuestro fin es que los otros cuatro tribunales que tienen competencia en familia a lo largo de nuestra regi\u00f3n ingresen a Conecta, y sea una ayuda para todos aquellos que hasta ahora deben desplazarse presencialmente hasta los juzgados, lo que queremos evitar, pensando en el bienestar sanitario de los usuarios\u00bb.<\/p>\n<p class=\"v1MsoNormal\" style=\"text-align: justify;\">Mora, adem\u00e1s, explic\u00f3 que de ninguna manera se va a restringir o limitar la atenci\u00f3n presencial de los usuarios, porque todos los tribunales est\u00e1n atendiendo p\u00fablico, pero lo que busca Conecta PJUD es precisamente evitar esos viajes o desplazamientos de los usuarios.\u00a0\u00abEsto es muy importante, en especial en localidades remotas, con personas que deben desplazarse decenas de kil\u00f3metros por largo tiempo para realizar consultas que pueden resolverse en cinco o diez minutos\u00bb, dijo el presidente.<\/p>\n<p class=\"v1MsoNormal\" style=\"text-align: justify;\">Por su parte, el magistrado Guillermo Frene sostuvo que: \u00abEs relevante que la tecnolog\u00eda llegue a todas las personas y este proyecto busca ese objetivo: acercar la justicia a la ciudadan\u00eda. Agradezco el esfuerzo de este tribunal que a pesar de estar limitado en recursos, los integrantes se han capacitado para entregar el mejor servicio\u00bb.<\/p>\n<p class=\"v1MsoNormal\" style=\"text-align: justify;\">Esta moderna iniciativa, implementada durante el 2020 por la Corporaci\u00f3n Administrativa del Poder Judicial y el Departamento de Desarrollo Institucional, cuenta a la fecha con 83 unidades judiciales a lo largo del pa\u00eds que utilizan esta plataforma, realizando m\u00e1s de 730 mil solicitudes efectivamente realizadas entre 2020 y abril de 2022, siendo la v\u00eda de comunicaci\u00f3n preferente la videoconferencia.<\/p>\n<p class=\"v1MsoNormal\" style=\"text-align: justify;\">Para acceder a la plataforma, los usuarios deben ingresar al sitio:\u00a0<a href=\"http:\/\/conecta.pjud.cl\/\" target=\"_blank\" rel=\"noopener noreferrer\">conecta.pjud.cl<\/a>, desde un computador o celular. Luego, deben ingresar datos b\u00e1sicos en la ventanilla \u00fanica de atenci\u00f3n (RUT, nombre y elecci\u00f3n del juzgado) y seleccionar c\u00f3mo quiere ser atendido (chat o videollamada). De inmediato entrar\u00e1 en contacto con un integrante del juzgado respectivo, quien atender\u00e1 y responder\u00e1 todas las consultas de lunes a viernes entre 8 y 14 horas y los s\u00e1bado de 9 a 12 horas.<\/p>\n<\/div><\/section><\/div><div  style='height:50px' class='hr hr-invisible   avia-builder-el-6  el_after_av_one_full  el_before_av_social_share '><span class='hr-inner ' ><span class='hr-inner-style'><\/span><\/span><\/div><\/p>\n<div  class='av-social-sharing-box  avia-builder-el-7  el_after_av_hr  el_before_av_hr  '><div class='av-share-box'><h5 class='av-share-link-description av-no-toc '>Compartir esta noticia<\/h5><ul class='av-share-box-list noLightbox'><li class='av-share-link av-social-link-facebook' ><a target=\"_blank\" aria-label=\"Compartir en Facebook\" href='https:\/\/www.facebook.com\/sharer.php?u=https:\/\/radiorevelacionfm.cl\/?p=17942&#038;t=Conecta%20PJUD%3A%20Juzgado%20de%20Chile%20Chico%20es%20el%20primer%20tribunal%20de%20la%20jurisdicci%C3%B3n%20en%20sumarse%20a%20la%20atenci%C3%B3n%20de%20acceso%20digital' aria-hidden='false' data-av_icon='\ue8f3' data-av_iconfont='entypo-fontello' title='' data-avia-related-tooltip='Compartir en Facebook' rel=\"noopener\"><span class='avia_hidden_link_text'>Compartir en Facebook<\/span><\/a><\/li><li class='av-share-link av-social-link-twitter' ><a target=\"_blank\" aria-label=\"Compartir en Twitter\" href='https:\/\/twitter.com\/share?text=Conecta%20PJUD%3A%20Juzgado%20de%20Chile%20Chico%20es%20el%20primer%20tribunal%20de%20la%20jurisdicci%C3%B3n%20en%20sumarse%20a%20la%20atenci%C3%B3n%20de%20acceso%20digital&#038;url=https:\/\/radiorevelacionfm.cl\/?p=17942' aria-hidden='false' data-av_icon='\ue8f1' data-av_iconfont='entypo-fontello' title='' data-avia-related-tooltip='Compartir en Twitter' rel=\"noopener\"><span class='avia_hidden_link_text'>Compartir en Twitter<\/span><\/a><\/li><li class='av-share-link av-social-link-whatsapp' ><a target=\"_blank\" aria-label=\"Compartir en Whatsapp\" href='https:\/\/api.whatsapp.com\/send?text=https:\/\/radiorevelacionfm.cl\/?p=17942' aria-hidden='false' data-av_icon='\uf232' data-av_iconfont='entypo-fontello' title='' data-avia-related-tooltip='Compartir en Whatsapp' rel=\"noopener\"><span class='avia_hidden_link_text'>Compartir en Whatsapp<\/span><\/a><\/li><li class='av-share-link av-social-link-linkedin' ><a target=\"_blank\" aria-label=\"Compartir en LinkedIn\" href='https:\/\/linkedin.com\/shareArticle?mini=true&#038;title=Conecta%20PJUD%3A%20Juzgado%20de%20Chile%20Chico%20es%20el%20primer%20tribunal%20de%20la%20jurisdicci%C3%B3n%20en%20sumarse%20a%20la%20atenci%C3%B3n%20de%20acceso%20digital&#038;url=https:\/\/radiorevelacionfm.cl\/?p=17942' aria-hidden='false' data-av_icon='\ue8fc' data-av_iconfont='entypo-fontello' title='' data-avia-related-tooltip='Compartir en LinkedIn' rel=\"noopener\"><span class='avia_hidden_link_text'>Compartir en LinkedIn<\/span><\/a><\/li><li class='av-share-link av-social-link-mail' ><a  aria-label=\"Compartir por correo\" href='mailto:?subject=Conecta%20PJUD%3A%20Juzgado%20de%20Chile%20Chico%20es%20el%20primer%20tribunal%20de%20la%20jurisdicci%C3%B3n%20en%20sumarse%20a%20la%20atenci%C3%B3n%20de%20acceso%20digital&#038;body=https:\/\/radiorevelacionfm.cl\/?p=17942' aria-hidden='false' data-av_icon='\ue805' data-av_iconfont='entypo-fontello' title='' data-avia-related-tooltip='Compartir por correo'><span class='avia_hidden_link_text'>Compartir por correo<\/span><\/a><\/li><\/ul><\/div><\/div>\n<div  style='height:50px' class='hr hr-invisible   avia-builder-el-8  el_after_av_social_share  el_before_av_comments_list '><span class='hr-inner ' ><span class='hr-inner-style'><\/span><\/span><\/div>\n<div  class='av-buildercomment  av-blog-meta-html-info-disabled av-blog-meta-tag-disabled  '><\/div>\n","protected":false},"excerpt":{"rendered":"","protected":false},"author":1,"featured_media":17943,"comment_status":"open","ping_status":"open","sticky":false,"template":"","format":"standard","meta":{"footnotes":""},"categories":[55],"tags":[],"class_list":["post-17942","post","type-post","status-publish","format-standard","has-post-thumbnail","hentry","category-justicia"],"jetpack_featured_media_url":"https:\/\/radiorevelacionfm.cl\/wp-content\/uploads\/2022\/06\/conectachilechico-1-1.jpg","_links":{"self":[{"href":"https:\/\/radiorevelacionfm.cl\/index.php?rest_route=\/wp\/v2\/posts\/17942","targetHints":{"allow":["GET"]}}],"collection":[{"href":"https:\/\/radiorevelacionfm.cl\/index.php?rest_route=\/wp\/v2\/posts"}],"about":[{"href":"https:\/\/radiorevelacionfm.cl\/index.php?rest_route=\/wp\/v2\/types\/post"}],"author":[{"embeddable":true,"href":"https:\/\/radiorevelacionfm.cl\/index.php?rest_route=\/wp\/v2\/users\/1"}],"replies":[{"embeddable":true,"href":"https:\/\/radiorevelacionfm.cl\/index.php?rest_route=%2Fwp%2Fv2%2Fcomments&post=17942"}],"version-history":[{"count":2,"href":"https:\/\/radiorevelacionfm.cl\/index.php?rest_route=\/wp\/v2\/posts\/17942\/revisions"}],"predecessor-version":[{"id":17952,"href":"https:\/\/radiorevelacionfm.cl\/index.php?rest_route=\/wp\/v2\/posts\/17942\/revisions\/17952"}],"wp:featuredmedia":[{"embeddable":true,"href":"https:\/\/radiorevelacionfm.cl\/index.php?rest_route=\/wp\/v2\/media\/17943"}],"wp:attachment":[{"href":"https:\/\/radiorevelacionfm.cl\/index.php?rest_route=%2Fwp%2Fv2%2Fmedia&parent=17942"}],"wp:term":[{"taxonomy":"category","embeddable":true,"href":"https:\/\/radiorevelacionfm.cl\/index.php?rest_route=%2Fwp%2Fv2%2Fcategories&post=17942"},{"taxonomy":"post_tag","embeddable":true,"href":"https:\/\/radiorevelacionfm.cl\/index.php?rest_route=%2Fwp%2Fv2%2Ftags&post=17942"}],"curies":[{"name":"wp","href":"https:\/\/api.w.org\/{rel}","templated":true}]}}