{"id":17936,"date":"2022-06-13T16:03:15","date_gmt":"2022-06-13T19:03:15","guid":{"rendered":"https:\/\/radiorevelacionfm.cl\/?p=17936"},"modified":"2022-06-13T16:06:05","modified_gmt":"2022-06-13T19:06:05","slug":"autoridades-regionales-dan-a-conocer-medidas-del-plan-chile-apoya-para-mipymes","status":"publish","type":"post","link":"https:\/\/radiorevelacionfm.cl\/?p=17936","title":{"rendered":"Autoridades regionales dan a conocer medidas del Plan Chile Apoya para Mipymes"},"content":{"rendered":"<div class=\"flex_column av_one_full  flex_column_div av-zero-column-padding first  avia-builder-el-0  el_before_av_one_full  avia-builder-el-first  \" style='border-radius:0px; '><div  class='avia-image-container  av-styling-    avia-builder-el-1  avia-builder-el-no-sibling  avia-align-center '  itemprop=\"image\" itemscope=\"itemscope\" itemtype=\"https:\/\/schema.org\/ImageObject\"  ><div class='avia-image-container-inner'><div class='avia-image-overlay-wrap'><img decoding=\"async\" class='wp-image-17940 avia-img-lazy-loading-not-17940 avia_image' src=\"https:\/\/radiorevelacionfm.cl\/wp-content\/uploads\/2022\/06\/20220530_124344-2_optimized.jpg\" alt='' title='20220530_124344-(2)_optimized' height=\"600\" width=\"1096\"  itemprop=\"thumbnailUrl\" srcset=\"https:\/\/radiorevelacionfm.cl\/wp-content\/uploads\/2022\/06\/20220530_124344-2_optimized.jpg 1096w, https:\/\/radiorevelacionfm.cl\/wp-content\/uploads\/2022\/06\/20220530_124344-2_optimized-300x164.jpg 300w, https:\/\/radiorevelacionfm.cl\/wp-content\/uploads\/2022\/06\/20220530_124344-2_optimized-1030x564.jpg 1030w, https:\/\/radiorevelacionfm.cl\/wp-content\/uploads\/2022\/06\/20220530_124344-2_optimized-768x420.jpg 768w, https:\/\/radiorevelacionfm.cl\/wp-content\/uploads\/2022\/06\/20220530_124344-2_optimized-705x386.jpg 705w, https:\/\/radiorevelacionfm.cl\/wp-content\/uploads\/2022\/06\/20220530_124344-2_optimized-600x328.jpg 600w\" sizes=\"(max-width: 1096px) 100vw, 1096px\" \/><\/div><\/div><\/div><\/div><div class=\"flex_column av_one_full  flex_column_div av-zero-column-padding first  avia-builder-el-2  el_after_av_one_full  el_before_av_one_full  column-top-margin\" style='border-radius:0px; '><section class=\"av_textblock_section \"  itemscope=\"itemscope\" itemtype=\"https:\/\/schema.org\/BlogPosting\" itemprop=\"blogPost\" ><div class='avia_textblock  '   itemprop=\"text\" ><p style=\"text-align: center;\"><strong><span style=\"font-size: 18pt;\">Autoridades regionales dan a conocer medidas del Plan Chile Apoya para Mipymes<\/span><\/strong><\/p>\n<div id=\"gtx-trans\" style=\"position: absolute; left: -50px; top: 4.31534px;\">\n<div class=\"gtx-trans-icon\"><\/div>\n<\/div>\n<\/div><\/section><\/div><\/p>\n<div class=\"flex_column av_one_full  flex_column_div av-zero-column-padding first  avia-builder-el-4  el_after_av_one_full  el_before_av_hr  column-top-margin\" style='border-radius:0px; '><section class=\"av_textblock_section \"  itemscope=\"itemscope\" itemtype=\"https:\/\/schema.org\/BlogPosting\" itemprop=\"blogPost\" ><div class='avia_textblock  '   itemprop=\"text\" ><p style=\"font-weight: 400; text-align: justify;\">Con una visita a la microempresa de dise\u00f1o y manufactura en tres dimensiones, 3Z3D (<a href=\"https:\/\/3z3d.cl\/\" data-saferedirecturl=\"https:\/\/www.google.com\/url?q=https:\/\/3z3d.cl\/&amp;source=gmail&amp;ust=1655229950974000&amp;usg=AOvVaw3CvgwYB5gvVnwF5FY6vETp\">https:\/\/3z3d.cl\/<\/a>, Instagram 3z3d_), en Coyhaique, el Delegado Presidencial Regional, Rodrigo Araya, y la seremi de Econom\u00eda, Rosa Machac\u00e1n, realzaron las medidas del Plan Chile Apoya para Mipymes.<\/p>\n<p style=\"font-weight: 400; text-align: justify;\">En el taller de 3Z3D, dirigido por Sergio Burgos y Marcelo C\u00e1rcamo se provee el servicio de impresi\u00f3n con tecnolog\u00eda 3D, destacando en innovaci\u00f3n y econom\u00eda circular.<\/p>\n<p style=\"font-weight: 400; text-align: justify;\">\u201cTrabajamos con reciclado de madera de lenga proveniente de desarmes de casa o de madera que encontremos en el campo o que, simplemente, nos dan nuestros amigos o conocidos y tratamos de generar una pieza o un elemento o alg\u00fan producto que d\u00e9 nueva vida a esos elementos. En el trabajo en 3D, la materia prima que utilizamos es bien particular y tambi\u00e9n se genera con materiales reciclados. As\u00ed que siempre pensando en la econom\u00eda circular y siempre velando por no generar m\u00e1s desechos y no aportar con elementos que contaminen finalmente a nuestra regi\u00f3n\u201d, explic\u00f3 Sergio Burgos.<\/p>\n<p style=\"font-weight: 400; text-align: justify;\">\u201cGeneramos una soluci\u00f3n sencilla, r\u00e1pida y econ\u00f3mica para poder volverle a dar vida a eso. Y esa es un poco la filosof\u00eda. O sea, nosotros aspiramos sinceramente a convertir en una empresa B. Vamos a empezar a dar los pasos para obtener esa certificaci\u00f3n, yo creo que el pr\u00f3ximo a\u00f1o, as\u00ed es que nosotros muy contentos por el apoyo que hemos recibido, por parte de los instrumentos de fomento que tiene la Regi\u00f3n de Ays\u00e9n. Somos coyhaiquinos y nos sentimos muy orgullosos tambi\u00e9n, de mostrar a todo el resto de todas las personas de la regi\u00f3n y de Chile, que se est\u00e1n haciendo cosas y que podemos hacer cosas innovadoras\u201d, destac\u00f3 Marcelo C\u00e1rcamo.<\/p>\n<p style=\"font-weight: 400; text-align: justify;\">Rodrigo Araya recalc\u00f3 que uno de los ejes del Plan de Recuperaci\u00f3n Inclusiva del gobierno del Presidente Gabriel Boric est\u00e1 dirigido a este sector, de especial relevancia en la Regi\u00f3n de Ays\u00e9n, donde un 98% son micro y peque\u00f1as empresas, fundamentales para la generaci\u00f3n de empleo y para la actividad econ\u00f3mica local.<\/p>\n<p style=\"font-weight: 400; text-align: justify;\">\u201cLa idea de negocio de ellos es una diversificaci\u00f3n en el tema del uso de materiales nobles, como la madera, pero tambi\u00e9n usando tecnolog\u00eda, impresora 3D. Es notable la visi\u00f3n y las proyecciones que se pueden hacer a largo plazo tambi\u00e9n son muy interesantes. Esperamos que esta empresa siga utilizando los recursos que ofrece las instituciones del Estado que prestan, justamente, ayuda t\u00e9cnica y financiera: CORFO, Sercotec, la seremi de Econom\u00eda, para que puedan seguir avanzando y siendo un aporte a nuestra regi\u00f3n\u201d, expres\u00f3.<\/p>\n<p style=\"font-weight: 400; text-align: justify;\">La seremi Rosa Machac\u00e1n precis\u00f3 que \u201cestamos visitando a emprendedores y emprendedoras que han sido apoyados a trav\u00e9s de las iniciativas y proyectos de CORFO y SERCOTEC para desarrollar su emprendimiento en diferentes etapas. Particularmente, este equipo recibi\u00f3 apoyo en ese empuj\u00f3n inicial, inversi\u00f3n que sali\u00e9ndoles permiti\u00f3 implementar tecnolog\u00eda innovadora, digitalizarse y hacer concreta la idea innovadora que ten\u00edan en mente\u201d, enfatiz\u00f3.<\/p>\n<p style=\"font-weight: 400; text-align: justify;\"><strong>Medidas del Plan Chile Apoya para Mipymes<\/strong><\/p>\n<p style=\"font-weight: 400; text-align: justify;\">Los tres ejes fundamentales del Plan de Recuperaci\u00f3n Inclusiva Chile Apoya son la generaci\u00f3n de empleo y apoyo a sectores rezagados, aportes a las familias y apoyo a MiPymes.<\/p>\n<p style=\"font-weight: 400; text-align: justify;\">En este caso, est\u00e1 el subsidio transitorio para acompa\u00f1ar el aumento del salario m\u00ednimo, aportando a las mipymes un monto de $22.000 entre mayo y julio de este a\u00f1o, y de $26 mil pesos entre agosto y enero de 2023, a trav\u00e9s de inscripciones en\u00a0<a href=\"http:\/\/www.sii.cl\/\" data-saferedirecturl=\"https:\/\/www.google.com\/url?q=http:\/\/www.sii.cl&amp;source=gmail&amp;ust=1655229950974000&amp;usg=AOvVaw0Cb44G_q5GTCmjyR2anMFC\">www.sii.cl<\/a>, desde este 14 de junio.<\/p>\n<p style=\"font-weight: 400; text-align: justify;\">Tambi\u00e9n se ampl\u00eda la cobertura de programas de CORFO y SERCOTEC, en actividades de turismo, cultura y emprendimiento femenino desde junio en curso.<\/p>\n<p style=\"font-weight: 400; text-align: justify;\">Como convocatorias realizadas est\u00e1 Capital Abeja Emprende y convocatoria abierta el Fondo Crece hasta el 17 de junio, mientras como pr\u00f3ximas convocatorias est\u00e1n Mejora Negocios, Escuelas de Emprendimiento Femenino y PAR Chile Apoya Turismo.<\/p>\n<p style=\"font-weight: 400; text-align: justify;\">Toda la informaci\u00f3n se encuentra disponible en\u00a0<a href=\"https:\/\/www.gob.cl\/chileapoya\/\" data-saferedirecturl=\"https:\/\/www.google.com\/url?q=https:\/\/www.gob.cl\/chileapoya\/&amp;source=gmail&amp;ust=1655229950974000&amp;usg=AOvVaw0fdD6TBsH2lC2BKZ2q7x_c\">https:\/\/www.gob.cl\/chileapoya\/<\/a>.<\/p>\n<\/div><\/section><\/div>\n<div  style='height:50px' class='hr hr-invisible   avia-builder-el-6  el_after_av_one_full  el_before_av_social_share '><span class='hr-inner ' ><span class='hr-inner-style'><\/span><\/span><\/div>\n<div  class='av-social-sharing-box  avia-builder-el-7  el_after_av_hr  el_before_av_hr  '><div class='av-share-box'><h5 class='av-share-link-description av-no-toc '>Compartir esta noticia<\/h5><ul class='av-share-box-list noLightbox'><li class='av-share-link av-social-link-facebook' ><a target=\"_blank\" aria-label=\"Compartir en Facebook\" href='https:\/\/www.facebook.com\/sharer.php?u=https:\/\/radiorevelacionfm.cl\/?p=17936&#038;t=Autoridades%20regionales%20dan%20a%20conocer%20medidas%20del%20Plan%20Chile%20Apoya%20para%20Mipymes' aria-hidden='false' data-av_icon='\ue8f3' data-av_iconfont='entypo-fontello' title='' data-avia-related-tooltip='Compartir en Facebook' rel=\"noopener\"><span class='avia_hidden_link_text'>Compartir en Facebook<\/span><\/a><\/li><li class='av-share-link av-social-link-twitter' ><a target=\"_blank\" aria-label=\"Compartir en Twitter\" href='https:\/\/twitter.com\/share?text=Autoridades%20regionales%20dan%20a%20conocer%20medidas%20del%20Plan%20Chile%20Apoya%20para%20Mipymes&#038;url=https:\/\/radiorevelacionfm.cl\/?p=17936' aria-hidden='false' data-av_icon='\ue8f1' data-av_iconfont='entypo-fontello' title='' data-avia-related-tooltip='Compartir en Twitter' rel=\"noopener\"><span class='avia_hidden_link_text'>Compartir en Twitter<\/span><\/a><\/li><li class='av-share-link av-social-link-whatsapp' ><a target=\"_blank\" aria-label=\"Compartir en Whatsapp\" href='https:\/\/api.whatsapp.com\/send?text=https:\/\/radiorevelacionfm.cl\/?p=17936' aria-hidden='false' data-av_icon='\uf232' data-av_iconfont='entypo-fontello' title='' data-avia-related-tooltip='Compartir en Whatsapp' rel=\"noopener\"><span class='avia_hidden_link_text'>Compartir en Whatsapp<\/span><\/a><\/li><li class='av-share-link av-social-link-linkedin' ><a target=\"_blank\" aria-label=\"Compartir en LinkedIn\" href='https:\/\/linkedin.com\/shareArticle?mini=true&#038;title=Autoridades%20regionales%20dan%20a%20conocer%20medidas%20del%20Plan%20Chile%20Apoya%20para%20Mipymes&#038;url=https:\/\/radiorevelacionfm.cl\/?p=17936' aria-hidden='false' data-av_icon='\ue8fc' data-av_iconfont='entypo-fontello' title='' data-avia-related-tooltip='Compartir en LinkedIn' rel=\"noopener\"><span class='avia_hidden_link_text'>Compartir en LinkedIn<\/span><\/a><\/li><li class='av-share-link av-social-link-mail' ><a  aria-label=\"Compartir por correo\" href='mailto:?subject=Autoridades%20regionales%20dan%20a%20conocer%20medidas%20del%20Plan%20Chile%20Apoya%20para%20Mipymes&#038;body=https:\/\/radiorevelacionfm.cl\/?p=17936' aria-hidden='false' data-av_icon='\ue805' data-av_iconfont='entypo-fontello' title='' data-avia-related-tooltip='Compartir por correo'><span class='avia_hidden_link_text'>Compartir por correo<\/span><\/a><\/li><\/ul><\/div><\/div>\n<div  style='height:50px' class='hr hr-invisible   avia-builder-el-8  el_after_av_social_share  el_before_av_comments_list '><span class='hr-inner ' ><span class='hr-inner-style'><\/span><\/span><\/div>\n<div  class='av-buildercomment  av-blog-meta-html-info-disabled av-blog-meta-tag-disabled  '><\/div>\n","protected":false},"excerpt":{"rendered":"","protected":false},"author":1,"featured_media":17940,"comment_status":"open","ping_status":"open","sticky":false,"template":"","format":"standard","meta":{"footnotes":""},"categories":[38],"tags":[],"class_list":["post-17936","post","type-post","status-publish","format-standard","has-post-thumbnail","hentry","category-regional"],"jetpack_featured_media_url":"https:\/\/radiorevelacionfm.cl\/wp-content\/uploads\/2022\/06\/20220530_124344-2_optimized.jpg","_links":{"self":[{"href":"https:\/\/radiorevelacionfm.cl\/index.php?rest_route=\/wp\/v2\/posts\/17936","targetHints":{"allow":["GET"]}}],"collection":[{"href":"https:\/\/radiorevelacionfm.cl\/index.php?rest_route=\/wp\/v2\/posts"}],"about":[{"href":"https:\/\/radiorevelacionfm.cl\/index.php?rest_route=\/wp\/v2\/types\/post"}],"author":[{"embeddable":true,"href":"https:\/\/radiorevelacionfm.cl\/index.php?rest_route=\/wp\/v2\/users\/1"}],"replies":[{"embeddable":true,"href":"https:\/\/radiorevelacionfm.cl\/index.php?rest_route=%2Fwp%2Fv2%2Fcomments&post=17936"}],"version-history":[{"count":3,"href":"https:\/\/radiorevelacionfm.cl\/index.php?rest_route=\/wp\/v2\/posts\/17936\/revisions"}],"predecessor-version":[{"id":17939,"href":"https:\/\/radiorevelacionfm.cl\/index.php?rest_route=\/wp\/v2\/posts\/17936\/revisions\/17939"}],"wp:featuredmedia":[{"embeddable":true,"href":"https:\/\/radiorevelacionfm.cl\/index.php?rest_route=\/wp\/v2\/media\/17940"}],"wp:attachment":[{"href":"https:\/\/radiorevelacionfm.cl\/index.php?rest_route=%2Fwp%2Fv2%2Fmedia&parent=17936"}],"wp:term":[{"taxonomy":"category","embeddable":true,"href":"https:\/\/radiorevelacionfm.cl\/index.php?rest_route=%2Fwp%2Fv2%2Fcategories&post=17936"},{"taxonomy":"post_tag","embeddable":true,"href":"https:\/\/radiorevelacionfm.cl\/index.php?rest_route=%2Fwp%2Fv2%2Ftags&post=17936"}],"curies":[{"name":"wp","href":"https:\/\/api.w.org\/{rel}","templated":true}]}}