{"id":17933,"date":"2022-06-13T14:25:30","date_gmt":"2022-06-13T17:25:30","guid":{"rendered":"https:\/\/radiorevelacionfm.cl\/?p=17933"},"modified":"2022-06-24T20:08:50","modified_gmt":"2022-06-24T23:08:50","slug":"sernac-participa-en-taller-sobre-no-discriminacion-dictado-por-ong-diversa-patagonia-de-aysen","status":"publish","type":"post","link":"https:\/\/radiorevelacionfm.cl\/?p=17933","title":{"rendered":"Sernac participa en taller sobre \u201cNo discriminaci\u00f3n\u201d dictado por ONG Diversa Patagonia de Ays\u00e9n"},"content":{"rendered":"<div class=\"flex_column av_one_full  flex_column_div av-zero-column-padding first  avia-builder-el-0  el_before_av_one_full  avia-builder-el-first  \" style='border-radius:0px; '><div  class='avia-image-container  av-styling-    avia-builder-el-1  avia-builder-el-no-sibling  avia-align-center '  itemprop=\"image\" itemscope=\"itemscope\" itemtype=\"https:\/\/schema.org\/ImageObject\"  ><div class='avia-image-container-inner'><div class='avia-image-overlay-wrap'><img decoding=\"async\" class='wp-image-17934 avia-img-lazy-loading-not-17934 avia_image' src=\"https:\/\/radiorevelacionfm.cl\/wp-content\/uploads\/2022\/06\/sernac2022-06-07-at-12_optimized.14.34-pm-1.jpg\" alt='' title='sernac2022-06-07-at-12_optimized.14.34-pm-(1)' height=\"600\" width=\"908\"  itemprop=\"thumbnailUrl\" srcset=\"https:\/\/radiorevelacionfm.cl\/wp-content\/uploads\/2022\/06\/sernac2022-06-07-at-12_optimized.14.34-pm-1.jpg 908w, https:\/\/radiorevelacionfm.cl\/wp-content\/uploads\/2022\/06\/sernac2022-06-07-at-12_optimized.14.34-pm-1-300x198.jpg 300w, https:\/\/radiorevelacionfm.cl\/wp-content\/uploads\/2022\/06\/sernac2022-06-07-at-12_optimized.14.34-pm-1-768x507.jpg 768w, https:\/\/radiorevelacionfm.cl\/wp-content\/uploads\/2022\/06\/sernac2022-06-07-at-12_optimized.14.34-pm-1-705x466.jpg 705w, https:\/\/radiorevelacionfm.cl\/wp-content\/uploads\/2022\/06\/sernac2022-06-07-at-12_optimized.14.34-pm-1-600x396.jpg 600w\" sizes=\"(max-width: 908px) 100vw, 908px\" \/><\/div><\/div><\/div><\/div><div class=\"flex_column av_one_full  flex_column_div av-zero-column-padding first  avia-builder-el-2  el_after_av_one_full  el_before_av_one_full  column-top-margin\" style='border-radius:0px; '><section class=\"av_textblock_section \"  itemscope=\"itemscope\" itemtype=\"https:\/\/schema.org\/BlogPosting\" itemprop=\"blogPost\" ><div class='avia_textblock  '   itemprop=\"text\" ><p style=\"text-align: center;\"><strong><span style=\"font-size: 18pt;\">Sernac participa en taller sobre \u201cNo discriminaci\u00f3n\u201d dictado por ONG Diversa Patagonia de Ays\u00e9n<\/span><\/strong><\/p>\n<div id=\"gtx-trans\" style=\"position: absolute; left: -50px; top: 4.31534px;\">\n<div class=\"gtx-trans-icon\"><\/div>\n<\/div>\n<\/div><\/section><\/div><div class=\"flex_column av_one_full  flex_column_div av-zero-column-padding first  avia-builder-el-4  el_after_av_one_full  el_before_av_hr  column-top-margin\" style='border-radius:0px; '><section class=\"av_textblock_section \"  itemscope=\"itemscope\" itemtype=\"https:\/\/schema.org\/BlogPosting\" itemprop=\"blogPost\" ><div class='avia_textblock  '   itemprop=\"text\" ><p style=\"text-align: justify;\">SERNAC particip\u00f3 del taller sobre \u201cNo discriminaci\u00f3n\u201d desarrollado por la Organizaci\u00f3n No Gubernamental Diversa Patagonia de la regi\u00f3n de Ays\u00e9n.<\/p>\n<p style=\"text-align: justify;\">La actividad permiti\u00f3 abordar tem\u00e1ticas relacionadas a la diversidad e identidad de g\u00e9nero centr\u00e1ndose principalmente en c\u00f3mo evitar estigmas y trato hacia las personas dentro de un enfoque de atenci\u00f3n de p\u00fablico.<\/p>\n<p style=\"text-align: justify;\">Para la Directora Regional del SERNAC, Mar\u00eda Francisca Ortiz, este tipo de actividades permite compartir informaci\u00f3n relevante, as\u00ed como fortalece el enfoque que ha estado dando el Servicio respecto a los consumidores hipervulnerables o aquellos que puedan estar en mayor desventaja por distintas condiciones y requieran mayor protecci\u00f3n. Adem\u00e1s, indica que es una oportunidad para visualizar proyectos en conjunto en torno a potenciar los derechos de las personas que pertenecen a la diversidad sexual y de g\u00e9nero en el pa\u00eds.<\/p>\n<p style=\"text-align: justify;\">La Ley del Consumidor se\u00f1ala que los consumidores tienen derecho a no ser discriminados arbitrariamente por las empresas, esto es, actos que atenten contra la dignidad de las personas por razones de g\u00e9nero, raza u orientaci\u00f3n sexual.<\/p>\n<p style=\"text-align: justify;\">Por otro lado,\u00a0los ciudadanos tienen derecho a adquirir los bienes y servicios que ofrecen las empresas, por lo que ninguna empresa puede negar la venta de un producto o servicio en las condiciones ofrecidas y dentro del rubro del respectivo negocio.<\/p>\n<p style=\"text-align: justify;\">En caso que una persona sufra un acto de discriminaci\u00f3n arbitraria o negativa injustificada, las empresas se arriesgan a multas de hasta 300 UTM, esto es, m\u00e1s de $17 millones por cada infracci\u00f3n, adem\u00e1s de las compensaciones que el tribunal determine en favor del consumidor afectado.<\/p>\n<p style=\"text-align: justify;\">Es relevante recalcar tambi\u00e9n que la Ley Zamudio (Ley 20.609), vigente desde el a\u00f1o 2012, reforz\u00f3 y complement\u00f3 la Ley del Consumidor al definir claramente lo que se entiende por \u00abdiscriminaci\u00f3n arbitraria\u00bb, proporcionando lineamientos m\u00e1s claros en caso de acudir a tribunales.<\/p>\n<p style=\"text-align: justify;\">Al respecto, esta norma indica que se entiende por discriminaci\u00f3n arbitraria toda distinci\u00f3n, exclusi\u00f3n o restricci\u00f3n que carezca de justificaci\u00f3n razonable, y que cause privaci\u00f3n, perturbaci\u00f3n o amenaza en el ejercicio leg\u00edtimo de los derechos fundamentales establecidos en la Constituci\u00f3n Pol\u00edtica de la Rep\u00fablica o en los tratados internacionales sobre derechos humanos ratificados por Chile, en particular cuando se funden en motivos tales como la raza o etnia, la nacionalidad, la orientaci\u00f3n sexual, la identidad y expresi\u00f3n de g\u00e9nero, entre otros aspectos.<\/p>\n<p style=\"text-align: justify;\">La ONG Diversa Patagonia est\u00e1 orientada al apoyo de las disidencias sexuales y a la comunidad LGBTIAQ+ en la regi\u00f3n de Ays\u00e9n.<\/p>\n<\/div><\/section><\/div><div  style='height:50px' class='hr hr-invisible   avia-builder-el-6  el_after_av_one_full  el_before_av_social_share '><span class='hr-inner ' ><span class='hr-inner-style'><\/span><\/span><\/div><\/p>\n<div  class='av-social-sharing-box  avia-builder-el-7  el_after_av_hr  el_before_av_hr  '><div class='av-share-box'><h5 class='av-share-link-description av-no-toc '>Compartir esta noticia<\/h5><ul class='av-share-box-list noLightbox'><li class='av-share-link av-social-link-facebook' ><a target=\"_blank\" aria-label=\"Compartir en Facebook\" href='https:\/\/www.facebook.com\/sharer.php?u=https:\/\/radiorevelacionfm.cl\/?p=17933&#038;t=Sernac%20participa%20en%20taller%20sobre%20%E2%80%9CNo%20discriminaci%C3%B3n%E2%80%9D%20dictado%20por%20ONG%20Diversa%20Patagonia%20de%20Ays%C3%A9n' aria-hidden='false' data-av_icon='\ue8f3' data-av_iconfont='entypo-fontello' title='' data-avia-related-tooltip='Compartir en Facebook' rel=\"noopener\"><span class='avia_hidden_link_text'>Compartir en Facebook<\/span><\/a><\/li><li class='av-share-link av-social-link-twitter' ><a target=\"_blank\" aria-label=\"Compartir en Twitter\" href='https:\/\/twitter.com\/share?text=Sernac%20participa%20en%20taller%20sobre%20%E2%80%9CNo%20discriminaci%C3%B3n%E2%80%9D%20dictado%20por%20ONG%20Diversa%20Patagonia%20de%20Ays%C3%A9n&#038;url=https:\/\/radiorevelacionfm.cl\/?p=17933' aria-hidden='false' data-av_icon='\ue8f1' data-av_iconfont='entypo-fontello' title='' data-avia-related-tooltip='Compartir en Twitter' rel=\"noopener\"><span class='avia_hidden_link_text'>Compartir en Twitter<\/span><\/a><\/li><li class='av-share-link av-social-link-whatsapp' ><a target=\"_blank\" aria-label=\"Compartir en Whatsapp\" href='https:\/\/api.whatsapp.com\/send?text=https:\/\/radiorevelacionfm.cl\/?p=17933' aria-hidden='false' data-av_icon='\uf232' data-av_iconfont='entypo-fontello' title='' data-avia-related-tooltip='Compartir en Whatsapp' rel=\"noopener\"><span class='avia_hidden_link_text'>Compartir en Whatsapp<\/span><\/a><\/li><li class='av-share-link av-social-link-linkedin' ><a target=\"_blank\" aria-label=\"Compartir en LinkedIn\" href='https:\/\/linkedin.com\/shareArticle?mini=true&#038;title=Sernac%20participa%20en%20taller%20sobre%20%E2%80%9CNo%20discriminaci%C3%B3n%E2%80%9D%20dictado%20por%20ONG%20Diversa%20Patagonia%20de%20Ays%C3%A9n&#038;url=https:\/\/radiorevelacionfm.cl\/?p=17933' aria-hidden='false' data-av_icon='\ue8fc' data-av_iconfont='entypo-fontello' title='' data-avia-related-tooltip='Compartir en LinkedIn' rel=\"noopener\"><span class='avia_hidden_link_text'>Compartir en LinkedIn<\/span><\/a><\/li><li class='av-share-link av-social-link-mail' ><a  aria-label=\"Compartir por correo\" href='mailto:?subject=Sernac%20participa%20en%20taller%20sobre%20%E2%80%9CNo%20discriminaci%C3%B3n%E2%80%9D%20dictado%20por%20ONG%20Diversa%20Patagonia%20de%20Ays%C3%A9n&#038;body=https:\/\/radiorevelacionfm.cl\/?p=17933' aria-hidden='false' data-av_icon='\ue805' data-av_iconfont='entypo-fontello' title='' data-avia-related-tooltip='Compartir por correo'><span class='avia_hidden_link_text'>Compartir por correo<\/span><\/a><\/li><\/ul><\/div><\/div>\n<div  style='height:50px' class='hr hr-invisible   avia-builder-el-8  el_after_av_social_share  el_before_av_comments_list '><span class='hr-inner ' ><span class='hr-inner-style'><\/span><\/span><\/div>\n<div  class='av-buildercomment  av-blog-meta-html-info-disabled av-blog-meta-tag-disabled  '><\/div>\n","protected":false},"excerpt":{"rendered":"","protected":false},"author":1,"featured_media":17934,"comment_status":"open","ping_status":"open","sticky":false,"template":"","format":"standard","meta":{"footnotes":""},"categories":[38],"tags":[],"class_list":["post-17933","post","type-post","status-publish","format-standard","has-post-thumbnail","hentry","category-regional"],"jetpack_featured_media_url":"https:\/\/radiorevelacionfm.cl\/wp-content\/uploads\/2022\/06\/sernac2022-06-07-at-12_optimized.14.34-pm-1.jpg","_links":{"self":[{"href":"https:\/\/radiorevelacionfm.cl\/index.php?rest_route=\/wp\/v2\/posts\/17933","targetHints":{"allow":["GET"]}}],"collection":[{"href":"https:\/\/radiorevelacionfm.cl\/index.php?rest_route=\/wp\/v2\/posts"}],"about":[{"href":"https:\/\/radiorevelacionfm.cl\/index.php?rest_route=\/wp\/v2\/types\/post"}],"author":[{"embeddable":true,"href":"https:\/\/radiorevelacionfm.cl\/index.php?rest_route=\/wp\/v2\/users\/1"}],"replies":[{"embeddable":true,"href":"https:\/\/radiorevelacionfm.cl\/index.php?rest_route=%2Fwp%2Fv2%2Fcomments&post=17933"}],"version-history":[{"count":2,"href":"https:\/\/radiorevelacionfm.cl\/index.php?rest_route=\/wp\/v2\/posts\/17933\/revisions"}],"predecessor-version":[{"id":18445,"href":"https:\/\/radiorevelacionfm.cl\/index.php?rest_route=\/wp\/v2\/posts\/17933\/revisions\/18445"}],"wp:featuredmedia":[{"embeddable":true,"href":"https:\/\/radiorevelacionfm.cl\/index.php?rest_route=\/wp\/v2\/media\/17934"}],"wp:attachment":[{"href":"https:\/\/radiorevelacionfm.cl\/index.php?rest_route=%2Fwp%2Fv2%2Fmedia&parent=17933"}],"wp:term":[{"taxonomy":"category","embeddable":true,"href":"https:\/\/radiorevelacionfm.cl\/index.php?rest_route=%2Fwp%2Fv2%2Fcategories&post=17933"},{"taxonomy":"post_tag","embeddable":true,"href":"https:\/\/radiorevelacionfm.cl\/index.php?rest_route=%2Fwp%2Fv2%2Ftags&post=17933"}],"curies":[{"name":"wp","href":"https:\/\/api.w.org\/{rel}","templated":true}]}}