{"id":17930,"date":"2022-06-14T11:25:20","date_gmt":"2022-06-14T14:25:20","guid":{"rendered":"https:\/\/radiorevelacionfm.cl\/?p=17930"},"modified":"2022-06-14T11:25:20","modified_gmt":"2022-06-14T14:25:20","slug":"puerto-aysen-enviados-con-el-clamor-de-las-familias-del-sur","status":"publish","type":"post","link":"https:\/\/radiorevelacionfm.cl\/?p=17930","title":{"rendered":"Puerto Ays\u00e9n: Enviados con el clamor de las familias del sur"},"content":{"rendered":"<div class=\"flex_column av_one_full  flex_column_div av-zero-column-padding first  avia-builder-el-0  el_before_av_one_full  avia-builder-el-first  \" style='border-radius:0px; '><div  class='avia-image-container  av-styling-    avia-builder-el-1  avia-builder-el-no-sibling  avia-align-center '  itemprop=\"image\" itemscope=\"itemscope\" itemtype=\"https:\/\/schema.org\/ImageObject\"  ><div class='avia-image-container-inner'><div class='avia-image-overlay-wrap'><img decoding=\"async\" class='wp-image-17931 avia-img-lazy-loading-not-17931 avia_image' src=\"https:\/\/radiorevelacionfm.cl\/wp-content\/uploads\/2022\/06\/D-6-1-1.jpg\" alt='' title='D (6) (1) (1)' height=\"600\" width=\"902\"  itemprop=\"thumbnailUrl\" srcset=\"https:\/\/radiorevelacionfm.cl\/wp-content\/uploads\/2022\/06\/D-6-1-1.jpg 902w, https:\/\/radiorevelacionfm.cl\/wp-content\/uploads\/2022\/06\/D-6-1-1-300x200.jpg 300w, https:\/\/radiorevelacionfm.cl\/wp-content\/uploads\/2022\/06\/D-6-1-1-768x511.jpg 768w, https:\/\/radiorevelacionfm.cl\/wp-content\/uploads\/2022\/06\/D-6-1-1-705x469.jpg 705w, https:\/\/radiorevelacionfm.cl\/wp-content\/uploads\/2022\/06\/D-6-1-1-600x399.jpg 600w\" sizes=\"(max-width: 902px) 100vw, 902px\" \/><\/div><\/div><\/div><\/div><div class=\"flex_column av_one_full  flex_column_div av-zero-column-padding first  avia-builder-el-2  el_after_av_one_full  el_before_av_one_full  column-top-margin\" style='border-radius:0px; '><section class=\"av_textblock_section \"  itemscope=\"itemscope\" itemtype=\"https:\/\/schema.org\/BlogPosting\" itemprop=\"blogPost\" ><div class='avia_textblock  '   itemprop=\"text\" ><p style=\"text-align: center;\"><strong><span style=\"font-size: 18pt;\">Puerto Ays\u00e9n: Enviados con el clamor de las familias del sur<\/span><\/strong><\/p>\n<div id=\"gtx-trans\" style=\"position: absolute; left: -50px; top: 4.31534px;\">\n<div class=\"gtx-trans-icon\"><\/div>\n<\/div>\n<\/div><\/section><\/div><div class=\"flex_column av_one_full  flex_column_div av-zero-column-padding first  avia-builder-el-4  el_after_av_one_full  el_before_av_hr  column-top-margin\" style='border-radius:0px; '><section class=\"av_textblock_section \"  itemscope=\"itemscope\" itemtype=\"https:\/\/schema.org\/BlogPosting\" itemprop=\"blogPost\" ><div class='avia_textblock  '   itemprop=\"text\" ><p style=\"font-weight: 400; text-align: justify;\">Raquel y Hernaldo, son uno de los tres matrimonios que representar\u00e1n a Chile en el 10\u00b0 Encuentro Mundial de las Familias en Roma (22 a 26 de junio). El padre obispo Luis, junto a la comunidad y el di\u00e1cono H\u00e9ctor Nauto, los bendijo y envi\u00f3 desde la parroquia de Puerto Ays\u00e9n en la fiesta de la Sant\u00edsima Trinidad.<\/p>\n<p style=\"font-weight: 400; text-align: justify;\">Tras la solemne oraci\u00f3n de env\u00edo, Hernaldo Saldivia manifest\u00f3 tener \u201cun sentimiento de gratitud hacia el Esp\u00edritu Santo que ha soplado fuerte para que desde tan lejos asumamos este tremendo desaf\u00edo\u201d.<\/p>\n<p style=\"font-weight: 400; text-align: justify;\">\u201cVamos esperanzados \u2014agreg\u00f3\u2014 en poder beber de toda la experiencia de las familias del mundo y tratar de transmitirlo lo m\u00e1s fidedignamente a nuestras familias del Vicariato Apost\u00f3lico de Ays\u00e9n y de Chile. Esperamos que este viaje sea fruct\u00edfero para la Iglesia de Ays\u00e9n; para todas sus familias creyentes o no creyentes\u201d.<\/p>\n<p style=\"font-weight: 400; text-align: justify;\">\u201cS\u00ed \u2014complement\u00f3 Raquel P\u00e9rez\u2014 nos vamos con esperanzas y tambi\u00e9n con expectaci\u00f3n. Llevamos en nuestro coraz\u00f3n toda la oraci\u00f3n, todas las bendiciones y todo lo lindo de nuestro Vicariato y sus familias\u201d.<\/p>\n<p style=\"font-weight: 400; text-align: justify;\">\u201cCreemos \u2014insisti\u00f3 Raquel\u2014 que en nosotros va la Iglesia de Ays\u00e9n a este encuentro. Los vamos a representar lo mejor posible. Y c\u00f3mo no dar gracias a esta Sant\u00edsima Trinidad que hoy estamos celebrando y que nos brinda este env\u00edo desde la parroquia de Puerto Ays\u00e9n. Solo queda dar gracias a Dios y contar con todas sus oraciones\u201d.<\/p>\n<p style=\"font-weight: 400; text-align: justify;\"><strong>Mucho es lo que se puede hacer<\/strong><\/p>\n<p style=\"font-weight: 400; text-align: justify;\">Para acompa\u00f1ar a Raquel y Hernaldo, viaj\u00f3 desde Coyhaique un numeroso grupo de integrantes de la Pastoral Familiar. Tambi\u00e9n, estuvieron presentes los encargados vicariales de esta \u00e1rea, Martina Saavedra y Elton Zuleta, y su asesora, la hermana Marta V\u00e9lez. Todos ellos, junto a la comunidad local, oraron intensamente por \u201clos enviados\u201d y su misi\u00f3n.<\/p>\n<p style=\"font-weight: 400; text-align: justify;\">El env\u00edo se dio, adem\u00e1s, en el contexto de la confirmaci\u00f3n de dos j\u00f3venes del Colegio Bicentenario Santa Teresa de Los Andes de Puerto Ays\u00e9n, Josefa y Maite, quienes recibieron el sacramento en compa\u00f1\u00eda de sus familiares.<\/p>\n<p style=\"font-weight: 400; text-align: justify;\">Luego de las tradicionales fotograf\u00edas con las confirmandas y sus seres queridos, el padre obispo Luis coment\u00f3 que \u201cla familia es la especialidad de Dios. Dios es familia, y que se haga un nuevo Encuentro Mundial de las Familias es siempre un desaf\u00edo. Y es un orgullo para la Iglesia de Ays\u00e9n que un matrimonio nuestro participe en una cita planetaria como esta para compartir las vivencias, las dificultades, las alegr\u00edas, las b\u00fasquedas, los cuestionamientos de la familia hoy\u201d.<\/p>\n<p style=\"font-weight: 400; text-align: justify;\">\u201cPienso \u2014concluy\u00f3 el pastor de Ays\u00e9n\u2014 que es muy bueno que se encuentren con muchos otros matrimonios para sentir c\u00f3mo hoy d\u00eda la familia es esencial para una nueva \u00e9poca de la humanidad; nuevas familias donde el amor de Dios haga fecunda su labor hacia los hijos, los adultos mayores, hacia una sociedad que le cuesta ser familia. Sin embargo, con la Gracia de Dios y el testimonio de muchas familias, mucho es lo que se puede hacer\u201d.<\/p>\n<\/div><\/section><\/div><div  style='height:50px' class='hr hr-invisible   avia-builder-el-6  el_after_av_one_full  el_before_av_social_share '><span class='hr-inner ' ><span class='hr-inner-style'><\/span><\/span><\/div><\/p>\n<div  class='av-social-sharing-box  avia-builder-el-7  el_after_av_hr  el_before_av_hr  '><div class='av-share-box'><h5 class='av-share-link-description av-no-toc '>Compartir esta noticia<\/h5><ul class='av-share-box-list noLightbox'><li class='av-share-link av-social-link-facebook' ><a target=\"_blank\" aria-label=\"Compartir en Facebook\" href='https:\/\/www.facebook.com\/sharer.php?u=https:\/\/radiorevelacionfm.cl\/?p=17930&#038;t=Puerto%20Ays%C3%A9n%3A%20Enviados%20con%20el%20clamor%20de%20las%20familias%20del%20sur' aria-hidden='false' data-av_icon='\ue8f3' data-av_iconfont='entypo-fontello' title='' data-avia-related-tooltip='Compartir en Facebook' rel=\"noopener\"><span class='avia_hidden_link_text'>Compartir en Facebook<\/span><\/a><\/li><li class='av-share-link av-social-link-twitter' ><a target=\"_blank\" aria-label=\"Compartir en Twitter\" href='https:\/\/twitter.com\/share?text=Puerto%20Ays%C3%A9n%3A%20Enviados%20con%20el%20clamor%20de%20las%20familias%20del%20sur&#038;url=https:\/\/radiorevelacionfm.cl\/?p=17930' aria-hidden='false' data-av_icon='\ue8f1' data-av_iconfont='entypo-fontello' title='' data-avia-related-tooltip='Compartir en Twitter' rel=\"noopener\"><span class='avia_hidden_link_text'>Compartir en Twitter<\/span><\/a><\/li><li class='av-share-link av-social-link-whatsapp' ><a target=\"_blank\" aria-label=\"Compartir en Whatsapp\" href='https:\/\/api.whatsapp.com\/send?text=https:\/\/radiorevelacionfm.cl\/?p=17930' aria-hidden='false' data-av_icon='\uf232' data-av_iconfont='entypo-fontello' title='' data-avia-related-tooltip='Compartir en Whatsapp' rel=\"noopener\"><span class='avia_hidden_link_text'>Compartir en Whatsapp<\/span><\/a><\/li><li class='av-share-link av-social-link-linkedin' ><a target=\"_blank\" aria-label=\"Compartir en LinkedIn\" href='https:\/\/linkedin.com\/shareArticle?mini=true&#038;title=Puerto%20Ays%C3%A9n%3A%20Enviados%20con%20el%20clamor%20de%20las%20familias%20del%20sur&#038;url=https:\/\/radiorevelacionfm.cl\/?p=17930' aria-hidden='false' data-av_icon='\ue8fc' data-av_iconfont='entypo-fontello' title='' data-avia-related-tooltip='Compartir en LinkedIn' rel=\"noopener\"><span class='avia_hidden_link_text'>Compartir en LinkedIn<\/span><\/a><\/li><li class='av-share-link av-social-link-mail' ><a  aria-label=\"Compartir por correo\" href='mailto:?subject=Puerto%20Ays%C3%A9n%3A%20Enviados%20con%20el%20clamor%20de%20las%20familias%20del%20sur&#038;body=https:\/\/radiorevelacionfm.cl\/?p=17930' aria-hidden='false' data-av_icon='\ue805' data-av_iconfont='entypo-fontello' title='' data-avia-related-tooltip='Compartir por correo'><span class='avia_hidden_link_text'>Compartir por correo<\/span><\/a><\/li><\/ul><\/div><\/div>\n<div  style='height:50px' class='hr hr-invisible   avia-builder-el-8  el_after_av_social_share  el_before_av_comments_list '><span class='hr-inner ' ><span class='hr-inner-style'><\/span><\/span><\/div>\n<div  class='av-buildercomment  av-blog-meta-html-info-disabled av-blog-meta-tag-disabled  '><\/div>\n","protected":false},"excerpt":{"rendered":"","protected":false},"author":1,"featured_media":17931,"comment_status":"open","ping_status":"open","sticky":false,"template":"","format":"standard","meta":{"footnotes":""},"categories":[38],"tags":[],"class_list":["post-17930","post","type-post","status-publish","format-standard","has-post-thumbnail","hentry","category-regional"],"jetpack_featured_media_url":"https:\/\/radiorevelacionfm.cl\/wp-content\/uploads\/2022\/06\/D-6-1-1.jpg","_links":{"self":[{"href":"https:\/\/radiorevelacionfm.cl\/index.php?rest_route=\/wp\/v2\/posts\/17930","targetHints":{"allow":["GET"]}}],"collection":[{"href":"https:\/\/radiorevelacionfm.cl\/index.php?rest_route=\/wp\/v2\/posts"}],"about":[{"href":"https:\/\/radiorevelacionfm.cl\/index.php?rest_route=\/wp\/v2\/types\/post"}],"author":[{"embeddable":true,"href":"https:\/\/radiorevelacionfm.cl\/index.php?rest_route=\/wp\/v2\/users\/1"}],"replies":[{"embeddable":true,"href":"https:\/\/radiorevelacionfm.cl\/index.php?rest_route=%2Fwp%2Fv2%2Fcomments&post=17930"}],"version-history":[{"count":2,"href":"https:\/\/radiorevelacionfm.cl\/index.php?rest_route=\/wp\/v2\/posts\/17930\/revisions"}],"predecessor-version":[{"id":17988,"href":"https:\/\/radiorevelacionfm.cl\/index.php?rest_route=\/wp\/v2\/posts\/17930\/revisions\/17988"}],"wp:featuredmedia":[{"embeddable":true,"href":"https:\/\/radiorevelacionfm.cl\/index.php?rest_route=\/wp\/v2\/media\/17931"}],"wp:attachment":[{"href":"https:\/\/radiorevelacionfm.cl\/index.php?rest_route=%2Fwp%2Fv2%2Fmedia&parent=17930"}],"wp:term":[{"taxonomy":"category","embeddable":true,"href":"https:\/\/radiorevelacionfm.cl\/index.php?rest_route=%2Fwp%2Fv2%2Fcategories&post=17930"},{"taxonomy":"post_tag","embeddable":true,"href":"https:\/\/radiorevelacionfm.cl\/index.php?rest_route=%2Fwp%2Fv2%2Ftags&post=17930"}],"curies":[{"name":"wp","href":"https:\/\/api.w.org\/{rel}","templated":true}]}}