{"id":17927,"date":"2022-06-14T10:54:39","date_gmt":"2022-06-14T13:54:39","guid":{"rendered":"https:\/\/radiorevelacionfm.cl\/?p=17927"},"modified":"2022-06-14T10:54:39","modified_gmt":"2022-06-14T13:54:39","slug":"estudiantes-de-pedagogia-en-educacion-basica-uach-lideran-talleres-de-literatura-infantil-con-perspectiva-de-genero-en-la-comuna-de-aysen","status":"publish","type":"post","link":"https:\/\/radiorevelacionfm.cl\/?p=17927","title":{"rendered":"Estudiantes de Pedagog\u00eda en Educaci\u00f3n B\u00e1sica UACh lideran talleres de literatura infantil con perspectiva de g\u00e9nero en la comuna de Ays\u00e9n"},"content":{"rendered":"<div class=\"flex_column av_one_full  flex_column_div av-zero-column-padding first  avia-builder-el-0  el_before_av_one_full  avia-builder-el-first  \" style='border-radius:0px; '><div  class='avia-image-container  av-styling-    avia-builder-el-1  avia-builder-el-no-sibling  avia-align-center '  itemprop=\"image\" itemscope=\"itemscope\" itemtype=\"https:\/\/schema.org\/ImageObject\"  ><div class='avia-image-container-inner'><div class='avia-image-overlay-wrap'><img decoding=\"async\" class='wp-image-17928 avia-img-lazy-loading-not-17928 avia_image' src=\"https:\/\/radiorevelacionfm.cl\/wp-content\/uploads\/2022\/06\/Taller-no-sexista-II-1-1.jpeg\" alt='' title='Taller no sexista II (1) (1)' height=\"600\" width=\"1168\"  itemprop=\"thumbnailUrl\" srcset=\"https:\/\/radiorevelacionfm.cl\/wp-content\/uploads\/2022\/06\/Taller-no-sexista-II-1-1.jpeg 1168w, https:\/\/radiorevelacionfm.cl\/wp-content\/uploads\/2022\/06\/Taller-no-sexista-II-1-1-300x154.jpeg 300w, https:\/\/radiorevelacionfm.cl\/wp-content\/uploads\/2022\/06\/Taller-no-sexista-II-1-1-1030x529.jpeg 1030w, https:\/\/radiorevelacionfm.cl\/wp-content\/uploads\/2022\/06\/Taller-no-sexista-II-1-1-768x395.jpeg 768w, https:\/\/radiorevelacionfm.cl\/wp-content\/uploads\/2022\/06\/Taller-no-sexista-II-1-1-705x362.jpeg 705w, https:\/\/radiorevelacionfm.cl\/wp-content\/uploads\/2022\/06\/Taller-no-sexista-II-1-1-600x308.jpeg 600w\" sizes=\"(max-width: 1168px) 100vw, 1168px\" \/><\/div><\/div><\/div><\/div><div class=\"flex_column av_one_full  flex_column_div av-zero-column-padding first  avia-builder-el-2  el_after_av_one_full  el_before_av_one_full  column-top-margin\" style='border-radius:0px; '><section class=\"av_textblock_section \"  itemscope=\"itemscope\" itemtype=\"https:\/\/schema.org\/BlogPosting\" itemprop=\"blogPost\" ><div class='avia_textblock  '   itemprop=\"text\" ><p style=\"text-align: center;\"><span style=\"font-size: 18pt;\"><strong>Estudiantes de Pedagog\u00eda en Educaci\u00f3n B\u00e1sica UACh lideran talleres de literatura infantil con perspectiva de g\u00e9nero en la comuna de Ays\u00e9n<\/strong><\/span><\/p>\n<div id=\"gtx-trans\" style=\"position: absolute; left: -50px; top: 4.31534px;\">\n<div class=\"gtx-trans-icon\"><\/div>\n<\/div>\n<\/div><\/section><\/div><div class=\"flex_column av_one_full  flex_column_div av-zero-column-padding first  avia-builder-el-4  el_after_av_one_full  el_before_av_hr  column-top-margin\" style='border-radius:0px; '><section class=\"av_textblock_section \"  itemscope=\"itemscope\" itemtype=\"https:\/\/schema.org\/BlogPosting\" itemprop=\"blogPost\" ><div class='avia_textblock  '   itemprop=\"text\" ><p style=\"text-align: justify;\">En el marco de la iniciativa \u201cTalleres did\u00e1cticos de literatura infantil con perspectiva de g\u00e9nero\u201d, implementado por las estudiantes Catalina Troncoso y Bernardita Villegas de la carrera de Pedagog\u00eda en Educaci\u00f3n B\u00e1sica con menciones del Campus Patagonia, realizaron su primera intervenci\u00f3n en un jard\u00edn infantil de la comuna de Ays\u00e9n.<\/p>\n<p style=\"text-align: justify;\">Para las estudiantes la problem\u00e1tica que atiende esta iniciativa corresponde al car\u00e1cter sexista de la educaci\u00f3n, lo cual se ve reflejado en herramientas pedag\u00f3gicas como son los cuentos infantiles, donde la literatura infantil tradicional, que tiende a utilizarse como lecturas en las aulas de la regi\u00f3n, cuenta con estereotipos, roles y sesgos de g\u00e9nero que no son abordados durante las clases, sino m\u00e1s bien invisibilizados, es por ello que se pretende visibilizar esta problem\u00e1tica pero desde una visi\u00f3n contraria al adulto-centrismo, donde sean las ni\u00f1as y ni\u00f1os quienes puedan aportar con sus conocimientos y experiencias.<\/p>\n<p style=\"text-align: justify;\">\u201cCuando abordamos la educaci\u00f3n inicial no sexista se puede hacer sustent\u00e1ndose en tres ejes, el primero es la revisi\u00f3n del espacio l\u00fadico, el segundo es la revisi\u00f3n del discurso sem\u00e1ntico y el \u00faltimo es el rol de las educadoras. En este taller lo que hacemos es problematizar respecto al segundo eje, porque se trata de cuestionarse el discurso que se le entrega a ni\u00f1os y ni\u00f1as, como se les habla, como se les entrega las instrucciones, qu\u00e9 canciones se utilizan, qu\u00e9 rimas se ense\u00f1an y por supuesto, qu\u00e9 cuentos infantiles se les presentan, entendiendo que \u00e9stos son importantes porque constituye la representaci\u00f3n de mundos que se le muestran a las infancias\u201d, indic\u00f3 la estudiante del Campus Patagonia, Bernardita Villegas.<\/p>\n<p style=\"text-align: justify;\">El establecimiento que visitaron fue el jard\u00edn infantil \u201cCreciendo Contentos\u201d de la Junta Nacional de Jardines Infantiles, JUNJI, de Puerto Ays\u00e9n, donde las estudiantes compartieron con Educadoras y T\u00e9cnicos en P\u00e1rvulo, respecto a la violencia simb\u00f3lica presente en el discurso literario por medio de sesgos, estereotipos y roles de g\u00e9nero; todo esto a partir de diversas actividades que implicaron el conocimiento previo de las asistentes, conceptos, definiciones y ejemplos introductorios a la tem\u00e1tica con la respectiva problematizaci\u00f3n pr\u00e1ctica de un cuento infantil trabajado en grupos.<\/p>\n<p style=\"text-align: justify;\">Al respecto, su directora, Tamara Melo B\u00e1ez, se\u00f1al\u00f3 que \u201csurge esta necesidad de contactarlas, dado que en los procesos reflexivos de nuestras pr\u00e1cticas pedag\u00f3gicas como jard\u00edn infantil, hemos concluido que debemos generar mayores estrategias que potencien la perspectiva de g\u00e9nero. Creo que lo fundamental, primero es concientizar a quienes educan, como las mujeres que integran este equipo educativo, quienes deben ser las primeras en adquirir aprendizajes para derribar prejuicios de g\u00e9nero en nuestra comunidad, familias y sobre todo, para entregar estos principios a los ni\u00f1os y ni\u00f1as y qu\u00e9 mejor que la lectura, la cual est\u00e1 presente con diversas estrategias durante la jornada\u201d.<\/p>\n<p style=\"text-align: justify;\">Finalmente, Bernardita Villegas coment\u00f3 \u201ca la conclusi\u00f3n colectiva que se lleg\u00f3 en el taller, fue la importancia de revisar previamente el recursos did\u00e1ctico, as\u00ed como tambi\u00e9n est\u00e1 muy interiorizado fijarse en la edad correspondiente de un cuento, tambi\u00e9n debemos normalizar y analizar los cuentos respecto a los roles, estereotipos o sesgos de g\u00e9nero que puedan tener \u00e9stos, para poder escoger las narrativas de mejor forma o modificarlas en beneficio de entregar representaciones literarias que sean igualitarias.\u201d<\/p>\n<\/div><\/section><\/div><div  style='height:50px' class='hr hr-invisible   avia-builder-el-6  el_after_av_one_full  el_before_av_social_share '><span class='hr-inner ' ><span class='hr-inner-style'><\/span><\/span><\/div><\/p>\n<div  class='av-social-sharing-box  avia-builder-el-7  el_after_av_hr  el_before_av_hr  '><div class='av-share-box'><h5 class='av-share-link-description av-no-toc '>Compartir esta noticia<\/h5><ul class='av-share-box-list noLightbox'><li class='av-share-link av-social-link-facebook' ><a target=\"_blank\" aria-label=\"Compartir en Facebook\" href='https:\/\/www.facebook.com\/sharer.php?u=https:\/\/radiorevelacionfm.cl\/?p=17927&#038;t=Estudiantes%20de%20Pedagog%C3%ADa%20en%20Educaci%C3%B3n%20B%C3%A1sica%20UACh%20lideran%20talleres%20de%20literatura%20infantil%20con%20perspectiva%20de%20g%C3%A9nero%20en%20la%20comuna%20de%20Ays%C3%A9n' aria-hidden='false' data-av_icon='\ue8f3' data-av_iconfont='entypo-fontello' title='' data-avia-related-tooltip='Compartir en Facebook' rel=\"noopener\"><span class='avia_hidden_link_text'>Compartir en Facebook<\/span><\/a><\/li><li class='av-share-link av-social-link-twitter' ><a target=\"_blank\" aria-label=\"Compartir en Twitter\" href='https:\/\/twitter.com\/share?text=Estudiantes%20de%20Pedagog%C3%ADa%20en%20Educaci%C3%B3n%20B%C3%A1sica%20UACh%20lideran%20talleres%20de%20literatura%20infantil%20con%20perspectiva%20de%20g%C3%A9nero%20en%20la%20comuna%20de%20Ays%C3%A9n&#038;url=https:\/\/radiorevelacionfm.cl\/?p=17927' aria-hidden='false' data-av_icon='\ue8f1' data-av_iconfont='entypo-fontello' title='' data-avia-related-tooltip='Compartir en Twitter' rel=\"noopener\"><span class='avia_hidden_link_text'>Compartir en Twitter<\/span><\/a><\/li><li class='av-share-link av-social-link-whatsapp' ><a target=\"_blank\" aria-label=\"Compartir en Whatsapp\" href='https:\/\/api.whatsapp.com\/send?text=https:\/\/radiorevelacionfm.cl\/?p=17927' aria-hidden='false' data-av_icon='\uf232' data-av_iconfont='entypo-fontello' title='' data-avia-related-tooltip='Compartir en Whatsapp' rel=\"noopener\"><span class='avia_hidden_link_text'>Compartir en Whatsapp<\/span><\/a><\/li><li class='av-share-link av-social-link-linkedin' ><a target=\"_blank\" aria-label=\"Compartir en LinkedIn\" href='https:\/\/linkedin.com\/shareArticle?mini=true&#038;title=Estudiantes%20de%20Pedagog%C3%ADa%20en%20Educaci%C3%B3n%20B%C3%A1sica%20UACh%20lideran%20talleres%20de%20literatura%20infantil%20con%20perspectiva%20de%20g%C3%A9nero%20en%20la%20comuna%20de%20Ays%C3%A9n&#038;url=https:\/\/radiorevelacionfm.cl\/?p=17927' aria-hidden='false' data-av_icon='\ue8fc' data-av_iconfont='entypo-fontello' title='' data-avia-related-tooltip='Compartir en LinkedIn' rel=\"noopener\"><span class='avia_hidden_link_text'>Compartir en LinkedIn<\/span><\/a><\/li><li class='av-share-link av-social-link-mail' ><a  aria-label=\"Compartir por correo\" href='mailto:?subject=Estudiantes%20de%20Pedagog%C3%ADa%20en%20Educaci%C3%B3n%20B%C3%A1sica%20UACh%20lideran%20talleres%20de%20literatura%20infantil%20con%20perspectiva%20de%20g%C3%A9nero%20en%20la%20comuna%20de%20Ays%C3%A9n&#038;body=https:\/\/radiorevelacionfm.cl\/?p=17927' aria-hidden='false' data-av_icon='\ue805' data-av_iconfont='entypo-fontello' title='' data-avia-related-tooltip='Compartir por correo'><span class='avia_hidden_link_text'>Compartir por correo<\/span><\/a><\/li><\/ul><\/div><\/div>\n<div  style='height:50px' class='hr hr-invisible   avia-builder-el-8  el_after_av_social_share  el_before_av_comments_list '><span class='hr-inner ' ><span class='hr-inner-style'><\/span><\/span><\/div>\n<div  class='av-buildercomment  av-blog-meta-html-info-disabled av-blog-meta-tag-disabled  '><\/div>\n","protected":false},"excerpt":{"rendered":"","protected":false},"author":1,"featured_media":17928,"comment_status":"open","ping_status":"open","sticky":false,"template":"","format":"standard","meta":{"footnotes":""},"categories":[49],"tags":[],"class_list":["post-17927","post","type-post","status-publish","format-standard","has-post-thumbnail","hentry","category-educacion"],"jetpack_featured_media_url":"https:\/\/radiorevelacionfm.cl\/wp-content\/uploads\/2022\/06\/Taller-no-sexista-II-1-1.jpeg","_links":{"self":[{"href":"https:\/\/radiorevelacionfm.cl\/index.php?rest_route=\/wp\/v2\/posts\/17927","targetHints":{"allow":["GET"]}}],"collection":[{"href":"https:\/\/radiorevelacionfm.cl\/index.php?rest_route=\/wp\/v2\/posts"}],"about":[{"href":"https:\/\/radiorevelacionfm.cl\/index.php?rest_route=\/wp\/v2\/types\/post"}],"author":[{"embeddable":true,"href":"https:\/\/radiorevelacionfm.cl\/index.php?rest_route=\/wp\/v2\/users\/1"}],"replies":[{"embeddable":true,"href":"https:\/\/radiorevelacionfm.cl\/index.php?rest_route=%2Fwp%2Fv2%2Fcomments&post=17927"}],"version-history":[{"count":2,"href":"https:\/\/radiorevelacionfm.cl\/index.php?rest_route=\/wp\/v2\/posts\/17927\/revisions"}],"predecessor-version":[{"id":17983,"href":"https:\/\/radiorevelacionfm.cl\/index.php?rest_route=\/wp\/v2\/posts\/17927\/revisions\/17983"}],"wp:featuredmedia":[{"embeddable":true,"href":"https:\/\/radiorevelacionfm.cl\/index.php?rest_route=\/wp\/v2\/media\/17928"}],"wp:attachment":[{"href":"https:\/\/radiorevelacionfm.cl\/index.php?rest_route=%2Fwp%2Fv2%2Fmedia&parent=17927"}],"wp:term":[{"taxonomy":"category","embeddable":true,"href":"https:\/\/radiorevelacionfm.cl\/index.php?rest_route=%2Fwp%2Fv2%2Fcategories&post=17927"},{"taxonomy":"post_tag","embeddable":true,"href":"https:\/\/radiorevelacionfm.cl\/index.php?rest_route=%2Fwp%2Fv2%2Ftags&post=17927"}],"curies":[{"name":"wp","href":"https:\/\/api.w.org\/{rel}","templated":true}]}}