{"id":17917,"date":"2022-06-13T12:01:42","date_gmt":"2022-06-13T15:01:42","guid":{"rendered":"https:\/\/radiorevelacionfm.cl\/?p=17917"},"modified":"2022-06-13T12:01:42","modified_gmt":"2022-06-13T15:01:42","slug":"seminario-encuentro-el-lago-que-nos-une-territorio-naturaleza-y-aventura","status":"publish","type":"post","link":"https:\/\/radiorevelacionfm.cl\/?p=17917","title":{"rendered":"Seminario \u201cEncuentro, El Lago Que Nos Une\u201d Territorio, Naturaleza y Aventura"},"content":{"rendered":"<div class=\"flex_column av_one_full  flex_column_div av-zero-column-padding first  avia-builder-el-0  el_before_av_one_full  avia-builder-el-first  \" style='border-radius:0px; '><div  class='avia-image-container  av-styling-    avia-builder-el-1  avia-builder-el-no-sibling  avia-align-center '  itemprop=\"image\" itemscope=\"itemscope\" itemtype=\"https:\/\/schema.org\/ImageObject\"  ><div class='avia-image-container-inner'><div class='avia-image-overlay-wrap'><img decoding=\"async\" class='wp-image-17920 avia-img-lazy-loading-not-17920 avia_image' src=\"https:\/\/radiorevelacionfm.cl\/wp-content\/uploads\/2022\/06\/06-2-2-1.jpg\" alt='' title='06 (2) (2) (1)' height=\"600\" width=\"743\"  itemprop=\"thumbnailUrl\" srcset=\"https:\/\/radiorevelacionfm.cl\/wp-content\/uploads\/2022\/06\/06-2-2-1.jpg 743w, https:\/\/radiorevelacionfm.cl\/wp-content\/uploads\/2022\/06\/06-2-2-1-300x242.jpg 300w, https:\/\/radiorevelacionfm.cl\/wp-content\/uploads\/2022\/06\/06-2-2-1-495x400.jpg 495w, https:\/\/radiorevelacionfm.cl\/wp-content\/uploads\/2022\/06\/06-2-2-1-705x569.jpg 705w, https:\/\/radiorevelacionfm.cl\/wp-content\/uploads\/2022\/06\/06-2-2-1-600x485.jpg 600w\" sizes=\"(max-width: 743px) 100vw, 743px\" \/><\/div><\/div><\/div><\/div><div class=\"flex_column av_one_full  flex_column_div av-zero-column-padding first  avia-builder-el-2  el_after_av_one_full  el_before_av_one_full  column-top-margin\" style='border-radius:0px; '><section class=\"av_textblock_section \"  itemscope=\"itemscope\" itemtype=\"https:\/\/schema.org\/BlogPosting\" itemprop=\"blogPost\" ><div class='avia_textblock  '   itemprop=\"text\" ><div style=\"text-align: center;\"><span style=\"font-size: 18pt;\"><b><span lang=\"ES\">Seminario \u201cEncuentro, El Lago Que Nos Une\u201d Territorio, Naturaleza y Aventura<\/span><\/b><\/span><\/div>\n<div id=\"gtx-trans\" style=\"position: absolute; left: -50px; top: 4.31534px;\">\n<div class=\"gtx-trans-icon\"><\/div>\n<\/div>\n<\/div><\/section><\/div><div class=\"flex_column av_one_full  flex_column_div av-zero-column-padding first  avia-builder-el-4  el_after_av_one_full  el_before_av_hr  column-top-margin\" style='border-radius:0px; '><section class=\"av_textblock_section \"  itemscope=\"itemscope\" itemtype=\"https:\/\/schema.org\/BlogPosting\" itemprop=\"blogPost\" ><div class='avia_textblock  '   itemprop=\"text\" ><p style=\"text-align: justify;\">Desde que cambiaron los protocolos COVID, el equipo del PER Turismo Ays\u00e9n ha tenido distintos encuentros con la comunidad a lo largo de todo el territorio, enfocados en generar estrategias para desarrollar un turismo consciente y sustentable.<\/p>\n<p style=\"text-align: justify;\">En este contexto, en Chile Chico se desarroll\u00f3 el seminario \u201cEncuentro, El Lago Que Nos Une\u201d, sobre territorio, naturaleza y aventura, junto a Sernatur, la AG de Turismo y Cultura, y el municipio de la comuna. La actividad cont\u00f3 con la participaci\u00f3n de la Municipalidad de R\u00edo Ib\u00e1\u00f1ez, y su alcalde, Marcelo Santana, present\u00f3 los proyectos de loteo de la cuenca.<br \/>\nMiriam Chible, vicepresidenta de la Corporaci\u00f3n Chelenko, abord\u00f3 el proyecto Chelenko Navegable, acompa\u00f1ada de Ver\u00f3nica Raty, presidenta de la AG de Turismo y Cultura de Chile Chico; la Municipalidad de Los Antiguos y la Fundaci\u00f3n Rewilding Argentina. Los expositores detallaron las problem\u00e1ticas y amenazas de la cuenca del Chelenko, su asociatividad entre los territorios, la falta de conectividad y el desarrollo de un turismo sustentable y amigable con el medio ambiente.<\/p>\n<p style=\"text-align: justify;\">Chible indic\u00f3 que las fallas en las barcazas Tehuelche y Pilchero, han generado un quiebre en la conectividad lacustre en el Lago General Carrera, siendo hoy un gran problema no solo a nivel tur\u00edstico, sino que tambi\u00e9n, entre la conectividad de la comunidad a las otras localidades. Sin embargo, agreg\u00f3, creen necesario generar una alianza, entre los empresarios tur\u00edsticos p\u00fablicos y privados de Chile y Argentina, para desarrollar un buen producto tur\u00edstico. La Corporaci\u00f3n Chelenko, incluso propone tener una barcaza financiada por el Estado que tenga recorridos establecidos y que incluya territorio fronterizo. Miriam Chible, agradecida de la invitaci\u00f3n, detall\u00f3 \u201cla importancia de destacar los hitos tur\u00edsticos y la conectividad patrimonial de puerto a puerto, que a estas alturas es un tema que nos compete a todos. Hoy m\u00e1s que nunca como comunidad debemos fiscalizar, regular y planificar nuestro territorio\u201d.<\/p>\n<p style=\"text-align: justify;\">Para Jaime Guazzini, presidente del PER Turismo Ays\u00e9n, el objetivo es promover en conjunto el trabajo asociativo y colaborativo entre territorios, destacando la labor conjunta entre el programa estrat\u00e9gico del turismo junto al Comit\u00e9 Ejecutivo. \u201cEs importante conocer y escuchar a la comunidad del turismo de la cuenca el Chelenko y los vecinos de Los Antiguos y Perito Moreno, para estrechar lazos y desarrollar productos competitivos. Lamentablemente hubo poca participaci\u00f3n p\u00fablica y privada. Extra\u00f1amos escuchar a las autoridades provinciales y m\u00e1s emprendedores tur\u00edsticos. Creemos que si no se fortalece el trabajo p\u00fablico &#8211; privado es dif\u00edcil potenciar el desarrollo tur\u00edstico sustentable y sus problem\u00e1ticas\u201d, coment\u00f3.<\/p>\n<p style=\"text-align: justify;\">Pablo Retamal, jefe de proyecto de \u201cChelenko Navegable\u201d, indic\u00f3 que fue muy oportuna la ejecuci\u00f3n del seminario, ya que permiti\u00f3 a la comunidad conocer puntos de vista diversos y enterarse de las iniciativas en curso, donde adem\u00e1s se abordaron los desaf\u00edos que enfrenta la cuenca del lago, como los problemas de conectividad y los loteos irregulares, ambas tem\u00e1ticas en la misma l\u00ednea del desarrollo sustentable. \u201cA pesar de que no hubo buena asistencia, estuvieron los actores correctos, personas que representan instituciones que han sido puntas de lanza en la defensa de un desarrollo amigable con el medio ambiente y arm\u00f3nico con los intereses de la comunidad local\u201d.<\/p>\n<p style=\"text-align: justify;\">El p\u00fablico tuvo la posibilidad de realizar preguntas una vez finalizadas las presentaciones, donde se destac\u00f3 la importancia de realizar este tipo de seminarios y conocer experiencias tur\u00edsticas cercanas, como los que realiza la Provincia de Santa Cruz en Argentina, en el fortalecimiento, apoyo y gesti\u00f3n tur\u00edstica.<\/p>\n<p style=\"text-align: justify;\">Finalmente, el PER Turismo Naturaleza y Aventura de Corfo, invit\u00f3 a la comunidad de la regi\u00f3n a participar en estos encuentros para poder fortalecer un buen turismo en todas las rutas de Ays\u00e9n Patagonia.<\/p>\n<\/div><\/section><\/div><div  style='height:50px' class='hr hr-invisible   avia-builder-el-6  el_after_av_one_full  el_before_av_social_share '><span class='hr-inner ' ><span class='hr-inner-style'><\/span><\/span><\/div><\/p>\n<div  class='av-social-sharing-box  avia-builder-el-7  el_after_av_hr  el_before_av_hr  '><div class='av-share-box'><h5 class='av-share-link-description av-no-toc '>Compartir esta noticia<\/h5><ul class='av-share-box-list noLightbox'><li class='av-share-link av-social-link-facebook' ><a target=\"_blank\" aria-label=\"Compartir en Facebook\" href='https:\/\/www.facebook.com\/sharer.php?u=https:\/\/radiorevelacionfm.cl\/?p=17917&#038;t=Seminario%20%E2%80%9CEncuentro%2C%20El%20Lago%20Que%20Nos%20Une%E2%80%9D%20Territorio%2C%20Naturaleza%20y%20Aventura' aria-hidden='false' data-av_icon='\ue8f3' data-av_iconfont='entypo-fontello' title='' data-avia-related-tooltip='Compartir en Facebook' rel=\"noopener\"><span class='avia_hidden_link_text'>Compartir en Facebook<\/span><\/a><\/li><li class='av-share-link av-social-link-twitter' ><a target=\"_blank\" aria-label=\"Compartir en Twitter\" href='https:\/\/twitter.com\/share?text=Seminario%20%E2%80%9CEncuentro%2C%20El%20Lago%20Que%20Nos%20Une%E2%80%9D%20Territorio%2C%20Naturaleza%20y%20Aventura&#038;url=https:\/\/radiorevelacionfm.cl\/?p=17917' aria-hidden='false' data-av_icon='\ue8f1' data-av_iconfont='entypo-fontello' title='' data-avia-related-tooltip='Compartir en Twitter' rel=\"noopener\"><span class='avia_hidden_link_text'>Compartir en Twitter<\/span><\/a><\/li><li class='av-share-link av-social-link-whatsapp' ><a target=\"_blank\" aria-label=\"Compartir en Whatsapp\" href='https:\/\/api.whatsapp.com\/send?text=https:\/\/radiorevelacionfm.cl\/?p=17917' aria-hidden='false' data-av_icon='\uf232' data-av_iconfont='entypo-fontello' title='' data-avia-related-tooltip='Compartir en Whatsapp' rel=\"noopener\"><span class='avia_hidden_link_text'>Compartir en Whatsapp<\/span><\/a><\/li><li class='av-share-link av-social-link-linkedin' ><a target=\"_blank\" aria-label=\"Compartir en LinkedIn\" href='https:\/\/linkedin.com\/shareArticle?mini=true&#038;title=Seminario%20%E2%80%9CEncuentro%2C%20El%20Lago%20Que%20Nos%20Une%E2%80%9D%20Territorio%2C%20Naturaleza%20y%20Aventura&#038;url=https:\/\/radiorevelacionfm.cl\/?p=17917' aria-hidden='false' data-av_icon='\ue8fc' data-av_iconfont='entypo-fontello' title='' data-avia-related-tooltip='Compartir en LinkedIn' rel=\"noopener\"><span class='avia_hidden_link_text'>Compartir en LinkedIn<\/span><\/a><\/li><li class='av-share-link av-social-link-mail' ><a  aria-label=\"Compartir por correo\" href='mailto:?subject=Seminario%20%E2%80%9CEncuentro%2C%20El%20Lago%20Que%20Nos%20Une%E2%80%9D%20Territorio%2C%20Naturaleza%20y%20Aventura&#038;body=https:\/\/radiorevelacionfm.cl\/?p=17917' aria-hidden='false' data-av_icon='\ue805' data-av_iconfont='entypo-fontello' title='' data-avia-related-tooltip='Compartir por correo'><span class='avia_hidden_link_text'>Compartir por correo<\/span><\/a><\/li><\/ul><\/div><\/div>\n<div  style='height:50px' class='hr hr-invisible   avia-builder-el-8  el_after_av_social_share  el_before_av_comments_list '><span class='hr-inner ' ><span class='hr-inner-style'><\/span><\/span><\/div>\n<div  class='av-buildercomment  av-blog-meta-html-info-disabled av-blog-meta-tag-disabled  '><\/div>\n","protected":false},"excerpt":{"rendered":"","protected":false},"author":1,"featured_media":17920,"comment_status":"open","ping_status":"open","sticky":false,"template":"","format":"standard","meta":{"footnotes":""},"categories":[54],"tags":[],"class_list":["post-17917","post","type-post","status-publish","format-standard","has-post-thumbnail","hentry","category-turismo"],"jetpack_featured_media_url":"https:\/\/radiorevelacionfm.cl\/wp-content\/uploads\/2022\/06\/06-2-2-1.jpg","_links":{"self":[{"href":"https:\/\/radiorevelacionfm.cl\/index.php?rest_route=\/wp\/v2\/posts\/17917","targetHints":{"allow":["GET"]}}],"collection":[{"href":"https:\/\/radiorevelacionfm.cl\/index.php?rest_route=\/wp\/v2\/posts"}],"about":[{"href":"https:\/\/radiorevelacionfm.cl\/index.php?rest_route=\/wp\/v2\/types\/post"}],"author":[{"embeddable":true,"href":"https:\/\/radiorevelacionfm.cl\/index.php?rest_route=\/wp\/v2\/users\/1"}],"replies":[{"embeddable":true,"href":"https:\/\/radiorevelacionfm.cl\/index.php?rest_route=%2Fwp%2Fv2%2Fcomments&post=17917"}],"version-history":[{"count":2,"href":"https:\/\/radiorevelacionfm.cl\/index.php?rest_route=\/wp\/v2\/posts\/17917\/revisions"}],"predecessor-version":[{"id":17922,"href":"https:\/\/radiorevelacionfm.cl\/index.php?rest_route=\/wp\/v2\/posts\/17917\/revisions\/17922"}],"wp:featuredmedia":[{"embeddable":true,"href":"https:\/\/radiorevelacionfm.cl\/index.php?rest_route=\/wp\/v2\/media\/17920"}],"wp:attachment":[{"href":"https:\/\/radiorevelacionfm.cl\/index.php?rest_route=%2Fwp%2Fv2%2Fmedia&parent=17917"}],"wp:term":[{"taxonomy":"category","embeddable":true,"href":"https:\/\/radiorevelacionfm.cl\/index.php?rest_route=%2Fwp%2Fv2%2Fcategories&post=17917"},{"taxonomy":"post_tag","embeddable":true,"href":"https:\/\/radiorevelacionfm.cl\/index.php?rest_route=%2Fwp%2Fv2%2Ftags&post=17917"}],"curies":[{"name":"wp","href":"https:\/\/api.w.org\/{rel}","templated":true}]}}