{"id":17876,"date":"2022-06-11T16:48:22","date_gmt":"2022-06-11T19:48:22","guid":{"rendered":"https:\/\/radiorevelacionfm.cl\/?p=17876"},"modified":"2022-06-11T16:48:22","modified_gmt":"2022-06-11T19:48:22","slug":"trabajo-colaborativo-busca-prevenir-la-violencia-contra-la-mujer-en-la-comuna-de-aysen","status":"publish","type":"post","link":"https:\/\/radiorevelacionfm.cl\/?p=17876","title":{"rendered":"Trabajo colaborativo busca prevenir la violencia contra la mujer en la comuna de Ays\u00e9n"},"content":{"rendered":"<div class=\"flex_column av_one_full  flex_column_div av-zero-column-padding first  avia-builder-el-0  el_before_av_one_full  avia-builder-el-first  \" style='border-radius:0px; '><div  class='avia-image-container  av-styling-    avia-builder-el-1  avia-builder-el-no-sibling  avia-align-center '  itemprop=\"image\" itemscope=\"itemscope\" itemtype=\"https:\/\/schema.org\/ImageObject\"  ><div class='avia-image-container-inner'><div class='avia-image-overlay-wrap'><img decoding=\"async\" class='wp-image-17877 avia-img-lazy-loading-not-17877 avia_image' src=\"https:\/\/radiorevelacionfm.cl\/wp-content\/uploads\/2022\/06\/DSC_0099-2-1-min.jpg\" alt='' title='DSC_0099 (2) (1)-min' height=\"600\" width=\"900\"  itemprop=\"thumbnailUrl\" srcset=\"https:\/\/radiorevelacionfm.cl\/wp-content\/uploads\/2022\/06\/DSC_0099-2-1-min.jpg 900w, https:\/\/radiorevelacionfm.cl\/wp-content\/uploads\/2022\/06\/DSC_0099-2-1-min-300x200.jpg 300w, https:\/\/radiorevelacionfm.cl\/wp-content\/uploads\/2022\/06\/DSC_0099-2-1-min-768x512.jpg 768w, https:\/\/radiorevelacionfm.cl\/wp-content\/uploads\/2022\/06\/DSC_0099-2-1-min-705x470.jpg 705w, https:\/\/radiorevelacionfm.cl\/wp-content\/uploads\/2022\/06\/DSC_0099-2-1-min-600x400.jpg 600w\" sizes=\"(max-width: 900px) 100vw, 900px\" \/><\/div><\/div><\/div><\/div><div class=\"flex_column av_one_full  flex_column_div av-zero-column-padding first  avia-builder-el-2  el_after_av_one_full  el_before_av_one_full  column-top-margin\" style='border-radius:0px; '><section class=\"av_textblock_section \"  itemscope=\"itemscope\" itemtype=\"https:\/\/schema.org\/BlogPosting\" itemprop=\"blogPost\" ><div class='avia_textblock  '   itemprop=\"text\" ><p style=\"text-align: center;\"><span style=\"font-size: 18pt;\"><strong>Trabajo colaborativo busca prevenir la violencia contra la mujer en la comuna de Ays\u00e9n <\/strong><\/span><\/p>\n<div id=\"gtx-trans\" style=\"position: absolute; left: -50px; top: 4.31534px;\">\n<div class=\"gtx-trans-icon\"><\/div>\n<\/div>\n<\/div><\/section><\/div><div class=\"flex_column av_one_full  flex_column_div av-zero-column-padding first  avia-builder-el-4  el_after_av_one_full  el_before_av_hr  column-top-margin\" style='border-radius:0px; '><section class=\"av_textblock_section \"  itemscope=\"itemscope\" itemtype=\"https:\/\/schema.org\/BlogPosting\" itemprop=\"blogPost\" ><div class='avia_textblock  '   itemprop=\"text\" ><p style=\"text-align: justify;\">Durante la semana, una comitiva intersectorial conformada por la Direcci\u00f3n de Seguridad P\u00fablica de la Municipalidad de Ays\u00e9n, el Centro de la Mujer Na\u00e1 Alver\u00e9 y Carabineros de Chile recorri\u00f3 diferentes cuadrantes de la comuna para orientar a la ciudadan\u00eda sobre la prevenci\u00f3n de la violencia contra la mujer.<\/p>\n<p style=\"text-align: justify;\">Entre los asistentes en la intervenci\u00f3n que permiti\u00f3 la escucha social y el di\u00e1logo directo, acompa\u00f1ado de la entrega de material informativo para la concientizaci\u00f3n en torno a la materia, estuvo el abogado V\u00edctor Llanca. Para el profesional la importancia de educar a las sociedades en temas de g\u00e9nero se sustenta en los cambios de paradigmas y estructuras. \u201cLa discriminaci\u00f3n hacia la mujer basada en el g\u00e9nero es una de las normas sociales que acepta la violencia, en los estereotipos de g\u00e9neros que se perpet\u00faan\u201d, detall\u00f3.<\/p>\n<p style=\"text-align: justify;\">Respecto a las manifestaciones y c\u00f3mo se materializan las primeras se\u00f1ales, el jurista y tambi\u00e9n coordinador del Centro de la Mujer Na\u00e1 Alver\u00e9, explic\u00f3 que \u201cuna mujer que sufre violencia en el contexto de pareja, siempre va a tratar el agresor de aislarla de su primera red de apoyo, que en este caso pueden ser familiares, amistades, el poder ya no asistir a ciertas reuniones\u201d.<\/p>\n<p style=\"text-align: justify;\">Por lo que desde la casa edilicia a trav\u00e9s de la Direcci\u00f3n de Seguridad P\u00fablica se coordinaron m\u00faltiples esfuerzos para tratar <em>in situ<\/em> una realidad alarmante que ha ido en alza luego del confinamiento producto del Covid-19 y que el Centro de Estudios y An\u00e1lisis del Delito (CEAD) visibiliza en su reporte estad\u00edstico. S\u00f3lo en 2021 se registraron m\u00e1s 144 mil casos de violencia intrafamiliar y 109.440 mujeres v\u00edctimas a nivel nacional, panorama que en zonas extremas constituye matices preocupantes para las autoridades a causa de la conectividad territorial para la efectiva aplicaci\u00f3n de pol\u00edticas estatales.<\/p>\n<p style=\"text-align: justify;\">En esa l\u00ednea, el director de Seguridad P\u00fablica, Marco Co\u00f1uecar, manifest\u00f3 que \u201ces muy importante el respaldo del Centro de la Mujer Na\u00e1 Alver\u00e9 porque nos permite trabajar con una instituci\u00f3n que tiene como fundamento y como objetivo principal a las mujeres\u201d, fin al cual se suma la unidad de prevenci\u00f3n de Carabineros de Chile.<\/p>\n<p style=\"text-align: justify;\">La iniciativa emerge desde varios frentes ciudadanos y el encuentro entre personeros de las fuerzas del orden e instituciones que participan de las sesiones del Consejo de Seguridad P\u00fablica para articular mecanismos de intervenci\u00f3n en favor de erradicar la violencia. Acciones regidas bajo una impronta colaborativa y de di\u00e1logo directo.<\/p>\n<p style=\"text-align: justify;\">\u201cNuestro trabajo como Municipalidad de Ays\u00e9n ha sido estar principalmente junto a las personas, por ello se invit\u00f3 a Carabineros de Chile para que podamos hacer un trabajo en conjunto, el cual estamos replicando en diferentes puntos de la comuna y creo que es la forma de poder llegar con el mensaje de prevenci\u00f3n\u201d, especific\u00f3 Co\u00f1uecar.<\/p>\n<p style=\"text-align: justify;\">Alusivo a la recepci\u00f3n de las personas tras concluir la jornada, el balance fue positivo. \u201cLes estamos diciendo que el municipio es un aporte importante para un trabajo de seguridad en donde la comuna sea la que se vea beneficiada\u201d, cerr\u00f3 la autoridad municipal.<\/p>\n<p style=\"text-align: justify;\">Si necesitan orientaci\u00f3n legal o respaldo del Centro de la Mujer Na\u00e1 Alver\u00e9, pueden escribir al correo <a href=\"mailto:centrodelamujer@puertoaysen.cl\">centrodelamujer@puertoaysen.cl<\/a> o llamar al 67-2334855.<\/p>\n<\/div><\/section><\/div><div  style='height:50px' class='hr hr-invisible   avia-builder-el-6  el_after_av_one_full  el_before_av_social_share '><span class='hr-inner ' ><span class='hr-inner-style'><\/span><\/span><\/div><\/p>\n<div  class='av-social-sharing-box  avia-builder-el-7  el_after_av_hr  el_before_av_hr  '><div class='av-share-box'><h5 class='av-share-link-description av-no-toc '>Compartir esta noticia<\/h5><ul class='av-share-box-list noLightbox'><li class='av-share-link av-social-link-facebook' ><a target=\"_blank\" aria-label=\"Compartir en Facebook\" href='https:\/\/www.facebook.com\/sharer.php?u=https:\/\/radiorevelacionfm.cl\/?p=17876&#038;t=Trabajo%20colaborativo%20busca%20prevenir%20la%20violencia%20contra%20la%20mujer%20en%20la%20comuna%20de%20Ays%C3%A9n' aria-hidden='false' data-av_icon='\ue8f3' data-av_iconfont='entypo-fontello' title='' data-avia-related-tooltip='Compartir en Facebook' rel=\"noopener\"><span class='avia_hidden_link_text'>Compartir en Facebook<\/span><\/a><\/li><li class='av-share-link av-social-link-twitter' ><a target=\"_blank\" aria-label=\"Compartir en Twitter\" href='https:\/\/twitter.com\/share?text=Trabajo%20colaborativo%20busca%20prevenir%20la%20violencia%20contra%20la%20mujer%20en%20la%20comuna%20de%20Ays%C3%A9n&#038;url=https:\/\/radiorevelacionfm.cl\/?p=17876' aria-hidden='false' data-av_icon='\ue8f1' data-av_iconfont='entypo-fontello' title='' data-avia-related-tooltip='Compartir en Twitter' rel=\"noopener\"><span class='avia_hidden_link_text'>Compartir en Twitter<\/span><\/a><\/li><li class='av-share-link av-social-link-whatsapp' ><a target=\"_blank\" aria-label=\"Compartir en Whatsapp\" href='https:\/\/api.whatsapp.com\/send?text=https:\/\/radiorevelacionfm.cl\/?p=17876' aria-hidden='false' data-av_icon='\uf232' data-av_iconfont='entypo-fontello' title='' data-avia-related-tooltip='Compartir en Whatsapp' rel=\"noopener\"><span class='avia_hidden_link_text'>Compartir en Whatsapp<\/span><\/a><\/li><li class='av-share-link av-social-link-linkedin' ><a target=\"_blank\" aria-label=\"Compartir en LinkedIn\" href='https:\/\/linkedin.com\/shareArticle?mini=true&#038;title=Trabajo%20colaborativo%20busca%20prevenir%20la%20violencia%20contra%20la%20mujer%20en%20la%20comuna%20de%20Ays%C3%A9n&#038;url=https:\/\/radiorevelacionfm.cl\/?p=17876' aria-hidden='false' data-av_icon='\ue8fc' data-av_iconfont='entypo-fontello' title='' data-avia-related-tooltip='Compartir en LinkedIn' rel=\"noopener\"><span class='avia_hidden_link_text'>Compartir en LinkedIn<\/span><\/a><\/li><li class='av-share-link av-social-link-mail' ><a  aria-label=\"Compartir por correo\" href='mailto:?subject=Trabajo%20colaborativo%20busca%20prevenir%20la%20violencia%20contra%20la%20mujer%20en%20la%20comuna%20de%20Ays%C3%A9n&#038;body=https:\/\/radiorevelacionfm.cl\/?p=17876' aria-hidden='false' data-av_icon='\ue805' data-av_iconfont='entypo-fontello' title='' data-avia-related-tooltip='Compartir por correo'><span class='avia_hidden_link_text'>Compartir por correo<\/span><\/a><\/li><\/ul><\/div><\/div>\n<div  style='height:50px' class='hr hr-invisible   avia-builder-el-8  el_after_av_social_share  el_before_av_comments_list '><span class='hr-inner ' ><span class='hr-inner-style'><\/span><\/span><\/div>\n<div  class='av-buildercomment  av-blog-meta-html-info-disabled av-blog-meta-tag-disabled  '><\/div>\n","protected":false},"excerpt":{"rendered":"","protected":false},"author":1,"featured_media":17877,"comment_status":"open","ping_status":"open","sticky":false,"template":"","format":"standard","meta":{"footnotes":""},"categories":[38],"tags":[],"class_list":["post-17876","post","type-post","status-publish","format-standard","has-post-thumbnail","hentry","category-regional"],"jetpack_featured_media_url":"https:\/\/radiorevelacionfm.cl\/wp-content\/uploads\/2022\/06\/DSC_0099-2-1-min.jpg","_links":{"self":[{"href":"https:\/\/radiorevelacionfm.cl\/index.php?rest_route=\/wp\/v2\/posts\/17876","targetHints":{"allow":["GET"]}}],"collection":[{"href":"https:\/\/radiorevelacionfm.cl\/index.php?rest_route=\/wp\/v2\/posts"}],"about":[{"href":"https:\/\/radiorevelacionfm.cl\/index.php?rest_route=\/wp\/v2\/types\/post"}],"author":[{"embeddable":true,"href":"https:\/\/radiorevelacionfm.cl\/index.php?rest_route=\/wp\/v2\/users\/1"}],"replies":[{"embeddable":true,"href":"https:\/\/radiorevelacionfm.cl\/index.php?rest_route=%2Fwp%2Fv2%2Fcomments&post=17876"}],"version-history":[{"count":2,"href":"https:\/\/radiorevelacionfm.cl\/index.php?rest_route=\/wp\/v2\/posts\/17876\/revisions"}],"predecessor-version":[{"id":17879,"href":"https:\/\/radiorevelacionfm.cl\/index.php?rest_route=\/wp\/v2\/posts\/17876\/revisions\/17879"}],"wp:featuredmedia":[{"embeddable":true,"href":"https:\/\/radiorevelacionfm.cl\/index.php?rest_route=\/wp\/v2\/media\/17877"}],"wp:attachment":[{"href":"https:\/\/radiorevelacionfm.cl\/index.php?rest_route=%2Fwp%2Fv2%2Fmedia&parent=17876"}],"wp:term":[{"taxonomy":"category","embeddable":true,"href":"https:\/\/radiorevelacionfm.cl\/index.php?rest_route=%2Fwp%2Fv2%2Fcategories&post=17876"},{"taxonomy":"post_tag","embeddable":true,"href":"https:\/\/radiorevelacionfm.cl\/index.php?rest_route=%2Fwp%2Fv2%2Ftags&post=17876"}],"curies":[{"name":"wp","href":"https:\/\/api.w.org\/{rel}","templated":true}]}}