{"id":17872,"date":"2022-06-11T16:29:47","date_gmt":"2022-06-11T19:29:47","guid":{"rendered":"https:\/\/radiorevelacionfm.cl\/?p=17872"},"modified":"2022-06-11T16:29:47","modified_gmt":"2022-06-11T19:29:47","slug":"efectuan-evacuacion-medica-de-urgencia-de-hombre-que-sufrio-un-grave-accidente-a-bordo-de-la-barcaza-dona-maria-b","status":"publish","type":"post","link":"https:\/\/radiorevelacionfm.cl\/?p=17872","title":{"rendered":"Efect\u00faan evacuaci\u00f3n m\u00e9dica de urgencia de hombre que sufri\u00f3 un grave accidente a bordo de la barcaza \u00abDo\u00f1a Mar\u00eda B\u00bb"},"content":{"rendered":"<div class=\"flex_column av_one_full  flex_column_div av-zero-column-padding first  avia-builder-el-0  el_before_av_one_full  avia-builder-el-first  \" style='border-radius:0px; '><div  class='avia-image-container  av-styling-    avia-builder-el-1  avia-builder-el-no-sibling  avia-align-center '  itemprop=\"image\" itemscope=\"itemscope\" itemtype=\"https:\/\/schema.org\/ImageObject\"  ><div class='avia-image-container-inner'><div class='avia-image-overlay-wrap'><img decoding=\"async\" class='wp-image-17873 avia-img-lazy-loading-not-17873 avia_image' src=\"https:\/\/radiorevelacionfm.cl\/wp-content\/uploads\/2022\/06\/Nave-Dona-Maria-1-1.jpg\" alt='' title='Nave Do\u00f1a Maria (1) (1)' height=\"600\" width=\"800\"  itemprop=\"thumbnailUrl\" srcset=\"https:\/\/radiorevelacionfm.cl\/wp-content\/uploads\/2022\/06\/Nave-Dona-Maria-1-1.jpg 800w, https:\/\/radiorevelacionfm.cl\/wp-content\/uploads\/2022\/06\/Nave-Dona-Maria-1-1-300x225.jpg 300w, https:\/\/radiorevelacionfm.cl\/wp-content\/uploads\/2022\/06\/Nave-Dona-Maria-1-1-768x576.jpg 768w, https:\/\/radiorevelacionfm.cl\/wp-content\/uploads\/2022\/06\/Nave-Dona-Maria-1-1-705x529.jpg 705w, https:\/\/radiorevelacionfm.cl\/wp-content\/uploads\/2022\/06\/Nave-Dona-Maria-1-1-600x450.jpg 600w\" sizes=\"(max-width: 800px) 100vw, 800px\" \/><\/div><\/div><\/div><\/div><div class=\"flex_column av_one_full  flex_column_div av-zero-column-padding first  avia-builder-el-2  el_after_av_one_full  el_before_av_one_full  column-top-margin\" style='border-radius:0px; '><section class=\"av_textblock_section \"  itemscope=\"itemscope\" itemtype=\"https:\/\/schema.org\/BlogPosting\" itemprop=\"blogPost\" ><div class='avia_textblock  '   itemprop=\"text\" ><p style=\"text-align: center;\"><strong><span style=\"font-size: 18pt;\">Efect\u00faan evacuaci\u00f3n m\u00e9dica de urgencia de hombre que sufri\u00f3 un grave accidente a bordo de la barcaza \u00abDo\u00f1a Mar\u00eda B\u00bb<\/span><\/strong><\/p>\n<div id=\"gtx-trans\" style=\"position: absolute; left: -50px; top: 4.31534px;\">\n<div class=\"gtx-trans-icon\"><\/div>\n<\/div>\n<\/div><\/section><\/div><div class=\"flex_column av_one_full  flex_column_div av-zero-column-padding first  avia-builder-el-4  el_after_av_one_full  el_before_av_hr  column-top-margin\" style='border-radius:0px; '><section class=\"av_textblock_section \"  itemscope=\"itemscope\" itemtype=\"https:\/\/schema.org\/BlogPosting\" itemprop=\"blogPost\" ><div class='avia_textblock  '   itemprop=\"text\" ><p style=\"text-align: justify;\"><span style=\"font-size: 12pt;\"><span class=\"css-901oao css-16my406 r-poiln3 r-bcqeeo r-qvutc0\">La Capitan\u00eda de puerto de <\/span><span class=\"r-18u37iz\">Puerto Aguirre<\/span><span class=\"css-901oao css-16my406 r-poiln3 r-bcqeeo r-qvutc0\">, en el transcurso de esta ma\u00f1ana, efectu\u00f3 la evacuaci\u00f3n m\u00e9dica de urgencia de un hombre que sufri\u00f3 un grave accidente a bordo de la barcaza \u00abDo\u00f1a Mar\u00eda B\u00bb. <\/span><\/span><\/p>\n<p style=\"text-align: justify;\"><span class=\"css-901oao css-16my406 r-poiln3 r-bcqeeo r-qvutc0\" style=\"font-size: 12pt;\">El accidentado, es un maquinista que cumpl\u00eda labores en un Centro de Cultivo de la empresa AquaChile S. A. Debido a la gravedad de sus lesiones fue trasladado hacia la posta de salud rural de Puerto Aguirre para atenci\u00f3n primaria.<\/span><\/p>\n<p style=\"text-align: justify;\"><span style=\"font-size: 12pt;\">De acuerdo a los primeros antecedentes y seg\u00fan lo informado por personal de la Armada, el trabajador accidentado, habr\u00eda sufrido el aprisionamiento de su cabeza contra una boya met\u00e1lica.<\/span><\/p>\n<\/div><\/section><\/div><div  style='height:50px' class='hr hr-invisible   avia-builder-el-6  el_after_av_one_full  el_before_av_social_share '><span class='hr-inner ' ><span class='hr-inner-style'><\/span><\/span><\/div><\/p>\n<div  class='av-social-sharing-box  avia-builder-el-7  el_after_av_hr  el_before_av_hr  '><div class='av-share-box'><h5 class='av-share-link-description av-no-toc '>Compartir esta noticia<\/h5><ul class='av-share-box-list noLightbox'><li class='av-share-link av-social-link-facebook' ><a target=\"_blank\" aria-label=\"Compartir en Facebook\" href='https:\/\/www.facebook.com\/sharer.php?u=https:\/\/radiorevelacionfm.cl\/?p=17872&#038;t=Efect%C3%BAan%20evacuaci%C3%B3n%20m%C3%A9dica%20de%20urgencia%20de%20hombre%20que%20sufri%C3%B3%20un%20grave%20accidente%20a%20bordo%20de%20la%20barcaza%20%C2%ABDo%C3%B1a%20Mar%C3%ADa%20B%C2%BB' aria-hidden='false' data-av_icon='\ue8f3' data-av_iconfont='entypo-fontello' title='' data-avia-related-tooltip='Compartir en Facebook' rel=\"noopener\"><span class='avia_hidden_link_text'>Compartir en Facebook<\/span><\/a><\/li><li class='av-share-link av-social-link-twitter' ><a target=\"_blank\" aria-label=\"Compartir en Twitter\" href='https:\/\/twitter.com\/share?text=Efect%C3%BAan%20evacuaci%C3%B3n%20m%C3%A9dica%20de%20urgencia%20de%20hombre%20que%20sufri%C3%B3%20un%20grave%20accidente%20a%20bordo%20de%20la%20barcaza%20%C2%ABDo%C3%B1a%20Mar%C3%ADa%20B%C2%BB&#038;url=https:\/\/radiorevelacionfm.cl\/?p=17872' aria-hidden='false' data-av_icon='\ue8f1' data-av_iconfont='entypo-fontello' title='' data-avia-related-tooltip='Compartir en Twitter' rel=\"noopener\"><span class='avia_hidden_link_text'>Compartir en Twitter<\/span><\/a><\/li><li class='av-share-link av-social-link-whatsapp' ><a target=\"_blank\" aria-label=\"Compartir en Whatsapp\" href='https:\/\/api.whatsapp.com\/send?text=https:\/\/radiorevelacionfm.cl\/?p=17872' aria-hidden='false' data-av_icon='\uf232' data-av_iconfont='entypo-fontello' title='' data-avia-related-tooltip='Compartir en Whatsapp' rel=\"noopener\"><span class='avia_hidden_link_text'>Compartir en Whatsapp<\/span><\/a><\/li><li class='av-share-link av-social-link-linkedin' ><a target=\"_blank\" aria-label=\"Compartir en LinkedIn\" href='https:\/\/linkedin.com\/shareArticle?mini=true&#038;title=Efect%C3%BAan%20evacuaci%C3%B3n%20m%C3%A9dica%20de%20urgencia%20de%20hombre%20que%20sufri%C3%B3%20un%20grave%20accidente%20a%20bordo%20de%20la%20barcaza%20%C2%ABDo%C3%B1a%20Mar%C3%ADa%20B%C2%BB&#038;url=https:\/\/radiorevelacionfm.cl\/?p=17872' aria-hidden='false' data-av_icon='\ue8fc' data-av_iconfont='entypo-fontello' title='' data-avia-related-tooltip='Compartir en LinkedIn' rel=\"noopener\"><span class='avia_hidden_link_text'>Compartir en LinkedIn<\/span><\/a><\/li><li class='av-share-link av-social-link-mail' ><a  aria-label=\"Compartir por correo\" href='mailto:?subject=Efect%C3%BAan%20evacuaci%C3%B3n%20m%C3%A9dica%20de%20urgencia%20de%20hombre%20que%20sufri%C3%B3%20un%20grave%20accidente%20a%20bordo%20de%20la%20barcaza%20%C2%ABDo%C3%B1a%20Mar%C3%ADa%20B%C2%BB&#038;body=https:\/\/radiorevelacionfm.cl\/?p=17872' aria-hidden='false' data-av_icon='\ue805' data-av_iconfont='entypo-fontello' title='' data-avia-related-tooltip='Compartir por correo'><span class='avia_hidden_link_text'>Compartir por correo<\/span><\/a><\/li><\/ul><\/div><\/div>\n<div  style='height:50px' class='hr hr-invisible   avia-builder-el-8  el_after_av_social_share  el_before_av_comments_list '><span class='hr-inner ' ><span class='hr-inner-style'><\/span><\/span><\/div>\n<div  class='av-buildercomment  av-blog-meta-html-info-disabled av-blog-meta-tag-disabled  '><\/div>\n","protected":false},"excerpt":{"rendered":"","protected":false},"author":1,"featured_media":17873,"comment_status":"open","ping_status":"open","sticky":false,"template":"","format":"standard","meta":{"footnotes":""},"categories":[38],"tags":[],"class_list":["post-17872","post","type-post","status-publish","format-standard","has-post-thumbnail","hentry","category-regional"],"jetpack_featured_media_url":"https:\/\/radiorevelacionfm.cl\/wp-content\/uploads\/2022\/06\/Nave-Dona-Maria-1-1.jpg","_links":{"self":[{"href":"https:\/\/radiorevelacionfm.cl\/index.php?rest_route=\/wp\/v2\/posts\/17872","targetHints":{"allow":["GET"]}}],"collection":[{"href":"https:\/\/radiorevelacionfm.cl\/index.php?rest_route=\/wp\/v2\/posts"}],"about":[{"href":"https:\/\/radiorevelacionfm.cl\/index.php?rest_route=\/wp\/v2\/types\/post"}],"author":[{"embeddable":true,"href":"https:\/\/radiorevelacionfm.cl\/index.php?rest_route=\/wp\/v2\/users\/1"}],"replies":[{"embeddable":true,"href":"https:\/\/radiorevelacionfm.cl\/index.php?rest_route=%2Fwp%2Fv2%2Fcomments&post=17872"}],"version-history":[{"count":2,"href":"https:\/\/radiorevelacionfm.cl\/index.php?rest_route=\/wp\/v2\/posts\/17872\/revisions"}],"predecessor-version":[{"id":17875,"href":"https:\/\/radiorevelacionfm.cl\/index.php?rest_route=\/wp\/v2\/posts\/17872\/revisions\/17875"}],"wp:featuredmedia":[{"embeddable":true,"href":"https:\/\/radiorevelacionfm.cl\/index.php?rest_route=\/wp\/v2\/media\/17873"}],"wp:attachment":[{"href":"https:\/\/radiorevelacionfm.cl\/index.php?rest_route=%2Fwp%2Fv2%2Fmedia&parent=17872"}],"wp:term":[{"taxonomy":"category","embeddable":true,"href":"https:\/\/radiorevelacionfm.cl\/index.php?rest_route=%2Fwp%2Fv2%2Fcategories&post=17872"},{"taxonomy":"post_tag","embeddable":true,"href":"https:\/\/radiorevelacionfm.cl\/index.php?rest_route=%2Fwp%2Fv2%2Ftags&post=17872"}],"curies":[{"name":"wp","href":"https:\/\/api.w.org\/{rel}","templated":true}]}}