{"id":17807,"date":"2022-06-10T12:24:33","date_gmt":"2022-06-10T15:24:33","guid":{"rendered":"https:\/\/radiorevelacionfm.cl\/?p=17807"},"modified":"2022-06-10T12:24:33","modified_gmt":"2022-06-10T15:24:33","slug":"circuito-intersectorial-de-femicidio-realiza-taller-de-concientizacion-de-la-violencia-contra-las-mujeres-en-puerto-cisnes","status":"publish","type":"post","link":"https:\/\/radiorevelacionfm.cl\/?p=17807","title":{"rendered":"Circuito Intersectorial de Femicidio realiza taller de concientizaci\u00f3n de la violencia contra las mujeres en Puerto Cisnes"},"content":{"rendered":"<div class=\"flex_column av_one_full  flex_column_div av-zero-column-padding first  avia-builder-el-0  el_before_av_one_full  avia-builder-el-first  \" style='border-radius:0px; '><div  class='avia-image-container  av-styling-    avia-builder-el-1  avia-builder-el-no-sibling  avia-align-center '  itemprop=\"image\" itemscope=\"itemscope\" itemtype=\"https:\/\/schema.org\/ImageObject\"  ><div class='avia-image-container-inner'><div class='avia-image-overlay-wrap'><img decoding=\"async\" class='wp-image-17808 avia-img-lazy-loading-not-17808 avia_image' src=\"https:\/\/radiorevelacionfm.cl\/wp-content\/uploads\/2022\/06\/Taller-CIF-Puerto-Cisnes-1-1-1.jpg\" alt='' title='Taller CIF Puerto Cisnes (1) (1) (1)' height=\"600\" width=\"1104\"  itemprop=\"thumbnailUrl\" srcset=\"https:\/\/radiorevelacionfm.cl\/wp-content\/uploads\/2022\/06\/Taller-CIF-Puerto-Cisnes-1-1-1.jpg 1104w, https:\/\/radiorevelacionfm.cl\/wp-content\/uploads\/2022\/06\/Taller-CIF-Puerto-Cisnes-1-1-1-300x163.jpg 300w, https:\/\/radiorevelacionfm.cl\/wp-content\/uploads\/2022\/06\/Taller-CIF-Puerto-Cisnes-1-1-1-1030x560.jpg 1030w, https:\/\/radiorevelacionfm.cl\/wp-content\/uploads\/2022\/06\/Taller-CIF-Puerto-Cisnes-1-1-1-768x417.jpg 768w, https:\/\/radiorevelacionfm.cl\/wp-content\/uploads\/2022\/06\/Taller-CIF-Puerto-Cisnes-1-1-1-705x383.jpg 705w, https:\/\/radiorevelacionfm.cl\/wp-content\/uploads\/2022\/06\/Taller-CIF-Puerto-Cisnes-1-1-1-600x326.jpg 600w\" sizes=\"(max-width: 1104px) 100vw, 1104px\" \/><\/div><\/div><\/div><\/div><div class=\"flex_column av_one_full  flex_column_div av-zero-column-padding first  avia-builder-el-2  el_after_av_one_full  el_before_av_one_full  column-top-margin\" style='border-radius:0px; '><section class=\"av_textblock_section \"  itemscope=\"itemscope\" itemtype=\"https:\/\/schema.org\/BlogPosting\" itemprop=\"blogPost\" ><div class='avia_textblock  '   itemprop=\"text\" ><p style=\"text-align: center;\"><strong><span style=\"font-size: 18pt;\">Circuito Intersectorial de Femicidio realiza taller de concientizaci\u00f3n de la violencia contra las mujeres en Puerto Cisnes<\/span><\/strong><\/p>\n<div id=\"gtx-trans\" style=\"position: absolute; left: -50px; top: 4.31534px;\">\n<div class=\"gtx-trans-icon\"><\/div>\n<\/div>\n<\/div><\/section><\/div><div class=\"flex_column av_one_full  flex_column_div av-zero-column-padding first  avia-builder-el-4  el_after_av_one_full  el_before_av_hr  column-top-margin\" style='border-radius:0px; '><section class=\"av_textblock_section \"  itemscope=\"itemscope\" itemtype=\"https:\/\/schema.org\/BlogPosting\" itemprop=\"blogPost\" ><div class='avia_textblock  '   itemprop=\"text\" ><p style=\"font-weight: 400; text-align: justify;\">En el Espacio Cultural Auditorio Arturo Prat Chac\u00f3n, se llev\u00f3 a cabo un taller te\u00f3rico pr\u00e1ctico que tuvo por finalidad sensibilizar a la comunidad de Puerto Cisnes sobre la violencia de g\u00e9nero; organizada en conjunto entre el Circuito Intersectorial de Femicidio y la Oficina de la Mujer del municipio local. Esta es la primera actividad del a\u00f1o, realizada por el Circuito dirigida a la comunidad y responde a una de las acciones contempladas en el plan de trabajo intersectorial para el presente a\u00f1o.<\/p>\n<p style=\"font-weight: 400; text-align: justify;\">El Circuito Intersectorial de Femicidio, CIF, es liderado por el Servicio Nacional de la Mujer y la Equidad de G\u00e9nero SernamEG.\u00a0 Este espacio de articulaci\u00f3n regional tambi\u00e9n lo integran la Seremi de la Mujer y la Equidad de G\u00e9nero, Polic\u00eda de Investigaciones de Chile, Unidad de Atenci\u00f3n a V\u00edctimas y Testigos de la Fiscal\u00eda Regional de Ays\u00e9n, Servicio M\u00e9dico Legal, Carabineros de Chile, Centro de Atenci\u00f3n a V\u00edctimas del Ministerio del Interior y Seguridad y el Servicio Nacional de Protecci\u00f3n Especializada a la Ni\u00f1ez y Adolescencia.<\/p>\n<p style=\"font-weight: 400; text-align: justify;\">En la oportunidad, se realizaron mesas de trabajo grupales donde se intercambiaron opiniones sobre extractos del libro de la Coordinadora 19 de diciembre, \u201cPor nuestras muertas\u201d. Luego, cada grupo desarroll\u00f3 una din\u00e1mica grupal y finaliz\u00f3 con un compromiso para contribuir en la prevenci\u00f3n de la violencia extrema.\u00a0 La Seremi de la Mujer y la Equidad de G\u00e9nero, Andrea M\u00e9ndez Valenzuela, junto con destacar la participaci\u00f3n de las y los habitantes de la localidad, se refiri\u00f3 al trabajo colaborativo con la Oficina de la Mujer de Puerto Cisnes. \u201cTenemos una visita en el mes de agosto de una organizaci\u00f3n que est\u00e1 encargada de visibilizar casos de violencia extrema en Chile, con testimonios reales y tambi\u00e9n\u00a0vamos a venir a hacer una presentaci\u00f3n. Asimismo, pretendemos generar instancias con mayor participaci\u00f3n comunitaria, as\u00ed que prontamente los visitaremos nuevamente para replicar un taller de estas caracter\u00edsticas\u201d.<\/p>\n<p style=\"font-weight: 400; text-align: justify;\">Otra de las autoridades presentes en la jornada fue el Coordinador Regional de Seguridad P\u00fablica, Crist\u00f3bal Barcel\u00f3 Veas, quien se refiri\u00f3 al rol que tiene la Subsecretar\u00eda de Prevenci\u00f3n del Delito en abordar la violencia extrema contra las mujeres. Al respecto, se\u00f1al\u00f3: \u201cAbordamos este fen\u00f3meno desde dos l\u00edneas de acci\u00f3n, la primera corresponde al pilar policial que implica la coordinaci\u00f3n directa con la Polic\u00eda de Investigaciones y Carabineros de Chile. Trabajar de la mano en mejorar las salas de atenci\u00f3n de primera denuncia en caso de Violencia Intrafamiliar que requieren de una atenci\u00f3n especializada y tambi\u00e9n del personal para que est\u00e9 capacitado para ello. Segundo, destacamos el rol que tiene el Centro de Atenci\u00f3n de V\u00edctimas de Delitos, entidad que es parte del CIF y que act\u00faa en este apoyo psicosocial hacia las v\u00edctimas de este tipo de delitos\u201d.<\/p>\n<p style=\"font-weight: 400; text-align: justify;\">Por su parte, la Directora del Departamento de Desarrollo Comunitario de la Municipalidad de Cisnes, Paulina M\u00e1rquez Valeria, dijo: \u201cpara la Municipalidad es importante poder trabajar con la comunidad y desnaturalizar la violencia de g\u00e9nero. Invitar a las mujeres a ser parte de esto, a que se informen, denuncien o sean un apoyo para las personas que puedan estar sufriendo alg\u00fan tipo de violencia. Tambi\u00e9n como Municipalidad a trav\u00e9s de la Oficina de la Mujer y en conjunto con SernamEG y otros servicios p\u00fablicos que ven este tipo de tem\u00e1tica, es relevante seguir generando este tipo de alianzas en beneficio de todas las mujeres y de la comunidad en general de nuestra comuna\u201d.<\/p>\n<p style=\"font-weight: 400; text-align: justify;\">El Circuito Intersectorial de Femicidio tiene por finalidad dar una respuesta coordinada frente a los casos de violencia extrema contra las mujeres. Otra de sus l\u00edneas de acci\u00f3n es contribuir a generar mayor informaci\u00f3n sobre esta problem\u00e1tica sociocultural, en particular de los femicidios ocurridos en la Regi\u00f3n, colaborando as\u00ed a su mejor caracterizaci\u00f3n de acuerdo a las realidades y an\u00e1lisis territoriales.<\/p>\n<\/div><\/section><\/div><div  style='height:50px' class='hr hr-invisible   avia-builder-el-6  el_after_av_one_full  el_before_av_social_share '><span class='hr-inner ' ><span class='hr-inner-style'><\/span><\/span><\/div><\/p>\n<div  class='av-social-sharing-box  avia-builder-el-7  el_after_av_hr  el_before_av_hr  '><div class='av-share-box'><h5 class='av-share-link-description av-no-toc '>Compartir esta noticia<\/h5><ul class='av-share-box-list noLightbox'><li class='av-share-link av-social-link-facebook' ><a target=\"_blank\" aria-label=\"Compartir en Facebook\" href='https:\/\/www.facebook.com\/sharer.php?u=https:\/\/radiorevelacionfm.cl\/?p=17807&#038;t=Circuito%20Intersectorial%20de%20Femicidio%20realiza%20taller%20de%20concientizaci%C3%B3n%20de%20la%20violencia%20contra%20las%20mujeres%20en%20Puerto%20Cisnes' aria-hidden='false' data-av_icon='\ue8f3' data-av_iconfont='entypo-fontello' title='' data-avia-related-tooltip='Compartir en Facebook' rel=\"noopener\"><span class='avia_hidden_link_text'>Compartir en Facebook<\/span><\/a><\/li><li class='av-share-link av-social-link-twitter' ><a target=\"_blank\" aria-label=\"Compartir en Twitter\" href='https:\/\/twitter.com\/share?text=Circuito%20Intersectorial%20de%20Femicidio%20realiza%20taller%20de%20concientizaci%C3%B3n%20de%20la%20violencia%20contra%20las%20mujeres%20en%20Puerto%20Cisnes&#038;url=https:\/\/radiorevelacionfm.cl\/?p=17807' aria-hidden='false' data-av_icon='\ue8f1' data-av_iconfont='entypo-fontello' title='' data-avia-related-tooltip='Compartir en Twitter' rel=\"noopener\"><span class='avia_hidden_link_text'>Compartir en Twitter<\/span><\/a><\/li><li class='av-share-link av-social-link-whatsapp' ><a target=\"_blank\" aria-label=\"Compartir en Whatsapp\" href='https:\/\/api.whatsapp.com\/send?text=https:\/\/radiorevelacionfm.cl\/?p=17807' aria-hidden='false' data-av_icon='\uf232' data-av_iconfont='entypo-fontello' title='' data-avia-related-tooltip='Compartir en Whatsapp' rel=\"noopener\"><span class='avia_hidden_link_text'>Compartir en Whatsapp<\/span><\/a><\/li><li class='av-share-link av-social-link-linkedin' ><a target=\"_blank\" aria-label=\"Compartir en LinkedIn\" href='https:\/\/linkedin.com\/shareArticle?mini=true&#038;title=Circuito%20Intersectorial%20de%20Femicidio%20realiza%20taller%20de%20concientizaci%C3%B3n%20de%20la%20violencia%20contra%20las%20mujeres%20en%20Puerto%20Cisnes&#038;url=https:\/\/radiorevelacionfm.cl\/?p=17807' aria-hidden='false' data-av_icon='\ue8fc' data-av_iconfont='entypo-fontello' title='' data-avia-related-tooltip='Compartir en LinkedIn' rel=\"noopener\"><span class='avia_hidden_link_text'>Compartir en LinkedIn<\/span><\/a><\/li><li class='av-share-link av-social-link-mail' ><a  aria-label=\"Compartir por correo\" href='mailto:?subject=Circuito%20Intersectorial%20de%20Femicidio%20realiza%20taller%20de%20concientizaci%C3%B3n%20de%20la%20violencia%20contra%20las%20mujeres%20en%20Puerto%20Cisnes&#038;body=https:\/\/radiorevelacionfm.cl\/?p=17807' aria-hidden='false' data-av_icon='\ue805' data-av_iconfont='entypo-fontello' title='' data-avia-related-tooltip='Compartir por correo'><span class='avia_hidden_link_text'>Compartir por correo<\/span><\/a><\/li><\/ul><\/div><\/div>\n<div  style='height:50px' class='hr hr-invisible   avia-builder-el-8  el_after_av_social_share  el_before_av_comments_list '><span class='hr-inner ' ><span class='hr-inner-style'><\/span><\/span><\/div>\n<div  class='av-buildercomment  av-blog-meta-html-info-disabled av-blog-meta-tag-disabled  '><\/div>\n","protected":false},"excerpt":{"rendered":"","protected":false},"author":1,"featured_media":17808,"comment_status":"open","ping_status":"open","sticky":false,"template":"","format":"standard","meta":{"footnotes":""},"categories":[38],"tags":[],"class_list":["post-17807","post","type-post","status-publish","format-standard","has-post-thumbnail","hentry","category-regional"],"jetpack_featured_media_url":"https:\/\/radiorevelacionfm.cl\/wp-content\/uploads\/2022\/06\/Taller-CIF-Puerto-Cisnes-1-1-1.jpg","_links":{"self":[{"href":"https:\/\/radiorevelacionfm.cl\/index.php?rest_route=\/wp\/v2\/posts\/17807","targetHints":{"allow":["GET"]}}],"collection":[{"href":"https:\/\/radiorevelacionfm.cl\/index.php?rest_route=\/wp\/v2\/posts"}],"about":[{"href":"https:\/\/radiorevelacionfm.cl\/index.php?rest_route=\/wp\/v2\/types\/post"}],"author":[{"embeddable":true,"href":"https:\/\/radiorevelacionfm.cl\/index.php?rest_route=\/wp\/v2\/users\/1"}],"replies":[{"embeddable":true,"href":"https:\/\/radiorevelacionfm.cl\/index.php?rest_route=%2Fwp%2Fv2%2Fcomments&post=17807"}],"version-history":[{"count":2,"href":"https:\/\/radiorevelacionfm.cl\/index.php?rest_route=\/wp\/v2\/posts\/17807\/revisions"}],"predecessor-version":[{"id":17810,"href":"https:\/\/radiorevelacionfm.cl\/index.php?rest_route=\/wp\/v2\/posts\/17807\/revisions\/17810"}],"wp:featuredmedia":[{"embeddable":true,"href":"https:\/\/radiorevelacionfm.cl\/index.php?rest_route=\/wp\/v2\/media\/17808"}],"wp:attachment":[{"href":"https:\/\/radiorevelacionfm.cl\/index.php?rest_route=%2Fwp%2Fv2%2Fmedia&parent=17807"}],"wp:term":[{"taxonomy":"category","embeddable":true,"href":"https:\/\/radiorevelacionfm.cl\/index.php?rest_route=%2Fwp%2Fv2%2Fcategories&post=17807"},{"taxonomy":"post_tag","embeddable":true,"href":"https:\/\/radiorevelacionfm.cl\/index.php?rest_route=%2Fwp%2Fv2%2Ftags&post=17807"}],"curies":[{"name":"wp","href":"https:\/\/api.w.org\/{rel}","templated":true}]}}