{"id":17797,"date":"2022-06-10T10:42:41","date_gmt":"2022-06-10T13:42:41","guid":{"rendered":"https:\/\/radiorevelacionfm.cl\/?p=17797"},"modified":"2022-06-10T10:42:41","modified_gmt":"2022-06-10T13:42:41","slug":"beca-residencia-familiar-requiere-urgentes-modificaciones","status":"publish","type":"post","link":"https:\/\/radiorevelacionfm.cl\/?p=17797","title":{"rendered":"Beca Residencia Familiar requiere urgentes modificaciones"},"content":{"rendered":"<div class=\"flex_column av_one_full  flex_column_div av-zero-column-padding first  avia-builder-el-0  el_before_av_one_full  avia-builder-el-first  \" style='border-radius:0px; '><div  class='avia-image-container  av-styling-    avia-builder-el-1  avia-builder-el-no-sibling  avia-align-center '  itemprop=\"image\" itemscope=\"itemscope\" itemtype=\"https:\/\/schema.org\/ImageObject\"  ><div class='avia-image-container-inner'><div class='avia-image-overlay-wrap'><img decoding=\"async\" class='wp-image-17798 avia-img-lazy-loading-not-17798 avia_image' src=\"https:\/\/radiorevelacionfm.cl\/wp-content\/uploads\/2022\/06\/DIPUTADA-Y-MINISTRO-JACKSON-1-1.jpg\" alt='' title='DIPUTADA Y MINISTRO JACKSON (1) (1)' height=\"600\" width=\"900\"  itemprop=\"thumbnailUrl\" srcset=\"https:\/\/radiorevelacionfm.cl\/wp-content\/uploads\/2022\/06\/DIPUTADA-Y-MINISTRO-JACKSON-1-1.jpg 900w, https:\/\/radiorevelacionfm.cl\/wp-content\/uploads\/2022\/06\/DIPUTADA-Y-MINISTRO-JACKSON-1-1-300x200.jpg 300w, https:\/\/radiorevelacionfm.cl\/wp-content\/uploads\/2022\/06\/DIPUTADA-Y-MINISTRO-JACKSON-1-1-768x512.jpg 768w, https:\/\/radiorevelacionfm.cl\/wp-content\/uploads\/2022\/06\/DIPUTADA-Y-MINISTRO-JACKSON-1-1-705x470.jpg 705w, https:\/\/radiorevelacionfm.cl\/wp-content\/uploads\/2022\/06\/DIPUTADA-Y-MINISTRO-JACKSON-1-1-600x400.jpg 600w\" sizes=\"(max-width: 900px) 100vw, 900px\" \/><\/div><\/div><\/div><\/div><div class=\"flex_column av_one_full  flex_column_div av-zero-column-padding first  avia-builder-el-2  el_after_av_one_full  el_before_av_one_full  column-top-margin\" style='border-radius:0px; '><section class=\"av_textblock_section \"  itemscope=\"itemscope\" itemtype=\"https:\/\/schema.org\/BlogPosting\" itemprop=\"blogPost\" ><div class='avia_textblock  '   itemprop=\"text\" ><p style=\"text-align: center;\"><span style=\"font-size: 18pt;\"><strong>Beca Residencia Familiar requiere urgentes modificaciones<\/strong><\/span><\/p>\n<div id=\"gtx-trans\" style=\"position: absolute; left: -50px; top: 4.31534px;\">\n<div class=\"gtx-trans-icon\"><\/div>\n<\/div>\n<\/div><\/section><\/div><div class=\"flex_column av_one_full  flex_column_div av-zero-column-padding first  avia-builder-el-4  el_after_av_one_full  el_before_av_hr  column-top-margin\" style='border-radius:0px; '><section class=\"av_textblock_section \"  itemscope=\"itemscope\" itemtype=\"https:\/\/schema.org\/BlogPosting\" itemprop=\"blogPost\" ><div class='avia_textblock  '   itemprop=\"text\" ><p style=\"text-align: justify;\">Este martes se aprob\u00f3 por unanimidad el proyecto de resoluci\u00f3n presentado por la Diputada Marcia Raphael, referido a la modificaci\u00f3n de los requisitos para que estudiantes accedan al beneficio que otorga la Beca de Residencia Familiar, de modo que sea entregada a estudiantes nuevos y renovantes, en el sentido de no exigir a los postulantes de la educaci\u00f3n superior, haber sido beneficiarios tambi\u00e9n durante la ense\u00f1anza media.<\/p>\n<p style=\"text-align: justify;\">Tras la solicitud de apoyo de alumnos y apoderados, la legisladora ingres\u00f3 el proyecto que permite a los estudiantes egresados de cuarto medio de sus respectivas comunas, postular a la beca para continuar sus estudios de educaci\u00f3n superior en Coyhaique, adem\u00e1s de que se considere que este beneficio sea complementario a otras becas que otorga el Estado, de manera de incentivar a j\u00f3venes a finalizar sus estudios en las distintas comunas rurales de la regi\u00f3n de Ays\u00e9n y evitar el traslado a la capital regional para finalizar su ense\u00f1anza media, con el objetivo de obtener el beneficio. La medida busca evitar el desarraigo.<\/p>\n<p style=\"text-align: justify;\">Frente a ello, la legisladora por Ays\u00e9n destac\u00f3 \u201cEn nuestra regi\u00f3n, son largas las distancias entre unas y otras localidades, el traslado de los estudiantes hacia los centros de educaci\u00f3n desde localidades alejadas es un obst\u00e1culo para muchos de ellos, ya que no pueden viajar diariamente, por lo que deben trasladarse a residir en los lugares de estudio, lo que significa un desarraigo familiar desde muy j\u00f3venes. Cuando las localidades no tienen liceos, ese desarraigo es a\u00fan m\u00e1s importante, ni\u00f1os de 13 a\u00f1os deben dejar sus hogares para continuar con sus estudios\u201d.<\/p>\n<p style=\"text-align: justify;\">Cabe destacar que tras el resultado un\u00e1nime de la C\u00e1mara Baja, la que cont\u00f3 con la firma de los diputados del distrito Ren\u00e9 Alinco y Miguel \u00c1ngel Calisto, la Diputada Raphael se reuni\u00f3 con el Ministro Giorgio Jackson para tratar esta importante situaci\u00f3n, adem\u00e1s de solicitar que la beca de Residencia Familiar sea complementaria con otros beneficios como por ejemplo la Beca Ays\u00e9n y no excluyente, para lo cual el ministro se comprometi\u00f3 a apoyar la iniciativa, solicitud que se encuentra a la espera que el Ejecutivo ingrese el proyecto presente el proyecto que viene en apoyo de las familias ayseninas.<\/p>\n<p style=\"text-align: justify;\">En tal sentido, la Diputada Raphael agreg\u00f3 \u201cEstamos muy contentos por el resultado obtenido tras este proyecto. Estamos conscientes de los problemas econ\u00f3micos que significa enviar a estudiar alguna carrera profesional a j\u00f3venes provenientes de los sectores rurales de nuestra regi\u00f3n. Es por ello, que tras esta aprobaci\u00f3n esperamos que prontamente el Gobierno haga realidad esta modificaci\u00f3n que beneficiar\u00e1 a un n\u00famero importante de estudiantes de las distintas localidades\u201d.<\/p>\n<\/div><\/section><\/div><div  style='height:50px' class='hr hr-invisible   avia-builder-el-6  el_after_av_one_full  el_before_av_social_share '><span class='hr-inner ' ><span class='hr-inner-style'><\/span><\/span><\/div><\/p>\n<div  class='av-social-sharing-box  avia-builder-el-7  el_after_av_hr  el_before_av_hr  '><div class='av-share-box'><h5 class='av-share-link-description av-no-toc '>Compartir esta noticia<\/h5><ul class='av-share-box-list noLightbox'><li class='av-share-link av-social-link-facebook' ><a target=\"_blank\" aria-label=\"Compartir en Facebook\" href='https:\/\/www.facebook.com\/sharer.php?u=https:\/\/radiorevelacionfm.cl\/?p=17797&#038;t=Beca%20Residencia%20Familiar%20requiere%20urgentes%20modificaciones' aria-hidden='false' data-av_icon='\ue8f3' data-av_iconfont='entypo-fontello' title='' data-avia-related-tooltip='Compartir en Facebook' rel=\"noopener\"><span class='avia_hidden_link_text'>Compartir en Facebook<\/span><\/a><\/li><li class='av-share-link av-social-link-twitter' ><a target=\"_blank\" aria-label=\"Compartir en Twitter\" href='https:\/\/twitter.com\/share?text=Beca%20Residencia%20Familiar%20requiere%20urgentes%20modificaciones&#038;url=https:\/\/radiorevelacionfm.cl\/?p=17797' aria-hidden='false' data-av_icon='\ue8f1' data-av_iconfont='entypo-fontello' title='' data-avia-related-tooltip='Compartir en Twitter' rel=\"noopener\"><span class='avia_hidden_link_text'>Compartir en Twitter<\/span><\/a><\/li><li class='av-share-link av-social-link-whatsapp' ><a target=\"_blank\" aria-label=\"Compartir en Whatsapp\" href='https:\/\/api.whatsapp.com\/send?text=https:\/\/radiorevelacionfm.cl\/?p=17797' aria-hidden='false' data-av_icon='\uf232' data-av_iconfont='entypo-fontello' title='' data-avia-related-tooltip='Compartir en Whatsapp' rel=\"noopener\"><span class='avia_hidden_link_text'>Compartir en Whatsapp<\/span><\/a><\/li><li class='av-share-link av-social-link-linkedin' ><a target=\"_blank\" aria-label=\"Compartir en LinkedIn\" href='https:\/\/linkedin.com\/shareArticle?mini=true&#038;title=Beca%20Residencia%20Familiar%20requiere%20urgentes%20modificaciones&#038;url=https:\/\/radiorevelacionfm.cl\/?p=17797' aria-hidden='false' data-av_icon='\ue8fc' data-av_iconfont='entypo-fontello' title='' data-avia-related-tooltip='Compartir en LinkedIn' rel=\"noopener\"><span class='avia_hidden_link_text'>Compartir en LinkedIn<\/span><\/a><\/li><li class='av-share-link av-social-link-mail' ><a  aria-label=\"Compartir por correo\" href='mailto:?subject=Beca%20Residencia%20Familiar%20requiere%20urgentes%20modificaciones&#038;body=https:\/\/radiorevelacionfm.cl\/?p=17797' aria-hidden='false' data-av_icon='\ue805' data-av_iconfont='entypo-fontello' title='' data-avia-related-tooltip='Compartir por correo'><span class='avia_hidden_link_text'>Compartir por correo<\/span><\/a><\/li><\/ul><\/div><\/div>\n<div  style='height:50px' class='hr hr-invisible   avia-builder-el-8  el_after_av_social_share  el_before_av_comments_list '><span class='hr-inner ' ><span class='hr-inner-style'><\/span><\/span><\/div>\n<div  class='av-buildercomment  av-blog-meta-html-info-disabled av-blog-meta-tag-disabled  '><\/div>\n","protected":false},"excerpt":{"rendered":"","protected":false},"author":1,"featured_media":17798,"comment_status":"open","ping_status":"open","sticky":false,"template":"","format":"standard","meta":{"footnotes":""},"categories":[35],"tags":[],"class_list":["post-17797","post","type-post","status-publish","format-standard","has-post-thumbnail","hentry","category-politica"],"jetpack_featured_media_url":"https:\/\/radiorevelacionfm.cl\/wp-content\/uploads\/2022\/06\/DIPUTADA-Y-MINISTRO-JACKSON-1-1.jpg","_links":{"self":[{"href":"https:\/\/radiorevelacionfm.cl\/index.php?rest_route=\/wp\/v2\/posts\/17797","targetHints":{"allow":["GET"]}}],"collection":[{"href":"https:\/\/radiorevelacionfm.cl\/index.php?rest_route=\/wp\/v2\/posts"}],"about":[{"href":"https:\/\/radiorevelacionfm.cl\/index.php?rest_route=\/wp\/v2\/types\/post"}],"author":[{"embeddable":true,"href":"https:\/\/radiorevelacionfm.cl\/index.php?rest_route=\/wp\/v2\/users\/1"}],"replies":[{"embeddable":true,"href":"https:\/\/radiorevelacionfm.cl\/index.php?rest_route=%2Fwp%2Fv2%2Fcomments&post=17797"}],"version-history":[{"count":2,"href":"https:\/\/radiorevelacionfm.cl\/index.php?rest_route=\/wp\/v2\/posts\/17797\/revisions"}],"predecessor-version":[{"id":17805,"href":"https:\/\/radiorevelacionfm.cl\/index.php?rest_route=\/wp\/v2\/posts\/17797\/revisions\/17805"}],"wp:featuredmedia":[{"embeddable":true,"href":"https:\/\/radiorevelacionfm.cl\/index.php?rest_route=\/wp\/v2\/media\/17798"}],"wp:attachment":[{"href":"https:\/\/radiorevelacionfm.cl\/index.php?rest_route=%2Fwp%2Fv2%2Fmedia&parent=17797"}],"wp:term":[{"taxonomy":"category","embeddable":true,"href":"https:\/\/radiorevelacionfm.cl\/index.php?rest_route=%2Fwp%2Fv2%2Fcategories&post=17797"},{"taxonomy":"post_tag","embeddable":true,"href":"https:\/\/radiorevelacionfm.cl\/index.php?rest_route=%2Fwp%2Fv2%2Ftags&post=17797"}],"curies":[{"name":"wp","href":"https:\/\/api.w.org\/{rel}","templated":true}]}}