{"id":17791,"date":"2022-06-09T19:57:07","date_gmt":"2022-06-09T22:57:07","guid":{"rendered":"https:\/\/radiorevelacionfm.cl\/?p=17791"},"modified":"2022-06-09T20:22:49","modified_gmt":"2022-06-09T23:22:49","slug":"corte-suprema-acoge-recurso-de-proteccion-interpuesto-por-concejales-en-contra-del-alcalde-de-la-comuna-de-cisnes","status":"publish","type":"post","link":"https:\/\/radiorevelacionfm.cl\/?p=17791","title":{"rendered":"Corte Suprema confirma fallo en recurso de protecci\u00f3n interpuesto por Concejales en contra del Alcalde de la Comuna de Cisnes"},"content":{"rendered":"<div class=\"flex_column av_one_full  flex_column_div av-zero-column-padding first  avia-builder-el-0  el_before_av_one_full  avia-builder-el-first  \" style='border-radius:0px; '><div  class='avia-image-container  av-styling-    avia-builder-el-1  avia-builder-el-no-sibling  avia-align-center '  itemprop=\"image\" itemscope=\"itemscope\" itemtype=\"https:\/\/schema.org\/ImageObject\"  ><div class='avia-image-container-inner'><div class='avia-image-overlay-wrap'><img decoding=\"async\" class='wp-image-17792 avia-img-lazy-loading-not-17792 avia_image' src=\"https:\/\/radiorevelacionfm.cl\/wp-content\/uploads\/2022\/06\/image-40-1.jpg\" alt='' title='image (40) (1)' height=\"600\" width=\"808\"  itemprop=\"thumbnailUrl\" srcset=\"https:\/\/radiorevelacionfm.cl\/wp-content\/uploads\/2022\/06\/image-40-1.jpg 808w, https:\/\/radiorevelacionfm.cl\/wp-content\/uploads\/2022\/06\/image-40-1-300x223.jpg 300w, https:\/\/radiorevelacionfm.cl\/wp-content\/uploads\/2022\/06\/image-40-1-768x570.jpg 768w, https:\/\/radiorevelacionfm.cl\/wp-content\/uploads\/2022\/06\/image-40-1-705x524.jpg 705w, https:\/\/radiorevelacionfm.cl\/wp-content\/uploads\/2022\/06\/image-40-1-600x446.jpg 600w\" sizes=\"(max-width: 808px) 100vw, 808px\" \/><\/div><\/div><\/div><\/div>\n<div class=\"flex_column av_one_full  flex_column_div av-zero-column-padding first  avia-builder-el-2  el_after_av_one_full  el_before_av_one_full  column-top-margin\" style='border-radius:0px; '><section class=\"av_textblock_section \"  itemscope=\"itemscope\" itemtype=\"https:\/\/schema.org\/BlogPosting\" itemprop=\"blogPost\" ><div class='avia_textblock  '   itemprop=\"text\" ><p style=\"text-align: center;\"><strong><span style=\"font-size: 18pt;\">Corte Suprema confirma fallo en recurso de protecci\u00f3n interpuesto por Concejales en contra del Alcalde de la Comuna de Cisnes<\/span><\/strong><\/p>\n<div id=\"gtx-trans\" style=\"position: absolute; left: -50px; top: 4.31534px;\">\n<div class=\"gtx-trans-icon\"><\/div>\n<\/div>\n<\/div><\/section><\/div><div class=\"flex_column av_one_full  flex_column_div av-zero-column-padding first  avia-builder-el-4  el_after_av_one_full  el_before_av_hr  column-top-margin\" style='border-radius:0px; '><section class=\"av_textblock_section \"  itemscope=\"itemscope\" itemtype=\"https:\/\/schema.org\/BlogPosting\" itemprop=\"blogPost\" ><div class='avia_textblock  '   itemprop=\"text\" ><p style=\"text-align: justify;\">En reciente fallo del 31 de mayo, la Excelent\u00edsima Corte Suprema, conden\u00f3 al Alcalde de la Ilustre Municipalidad de Cisnes, Francisco Roncagliolo Lepio, como persona natural, al pago de Costas, ante el recurso de Protecci\u00f3n presentado por los Concejales Almendra Silva Millalonco; Carlos Vald\u00e9s Antillanco y Francisco Javier Abarca Arap, por negarles el derecho Constitucional de Expresarse en las sesiones del Concejo Municipal y suspender arbitrariamente los puntos varios de las sesiones del Concejo Municipal.<\/p>\n<p style=\"text-align: justify;\">La Excelent\u00edsima Corte Suprema Declar\u00f3 Expresamente: \u201cQue las sesiones del Concejo Municipal deber\u00e1n efectuarse de manera \u00edntegra en la oportunidad determinada para tal cometido, adoptando no solo las medidas necesarias para la continuidad de su desarrollo, sino que, tambi\u00e9n para que sus integrantes puedan exponer sus opiniones y emitir su voto cuando corresponda.\u201d<\/p>\n<p style=\"text-align: justify;\">Esta situaci\u00f3n comenz\u00f3 a vivirse desde la sesi\u00f3n ordinaria n\u00b018 del concejo municipal, celebrada el 13 de diciembre del a\u00f1o 2021. Luego de las constantes interpelaciones de los\/as concejales\/as citados, para revertir esta situaci\u00f3n y sin tener una respuesta favorable, es que presentan el recurso de protecci\u00f3n ante la Corte de Apelaciones de Coyhaique con fecha 17 de marzo. El tribunal de alzada tras recibir los descargos del alcalde en un fallo un\u00e1nime determin\u00f3 el 05 de mayo que su actuar era arbitrario e ilegal, conden\u00e1ndolo a pagar las costas del proceso. No conforme con el fallo, el edil decidi\u00f3 apelar ante el m\u00e1ximo tribunal del pa\u00eds quien la semana pasada ratifico, tambi\u00e9n en votaci\u00f3n un\u00e1nime, la sentencia anterior, por lo que en adelante el alcalde deber\u00e1 abstenerse de impedir que las\/os concejales\/as hagan uso de la palabra en la denominada \u201chora de incidentes\u201d o \u201cpuntos varios\u201d<\/p>\n<p style=\"text-align: justify;\">En efecto, la comunidad debe saber que el Concejo Municipal es un \u00f3rgano important\u00edsimo, integrado por los concejales y el alcalde donde todos tienen un voto, es presidido por el alcalde y la Ley Org\u00e1nica Constitucional de Municipalidades le asigna a este concejo el car\u00e1cter normativo, resolutivo y fiscalizador, encargado de hacer efectiva la participaci\u00f3n de la comunidad local y de ejercer las atribuciones que se\u00f1ala expresamente La Ley.<\/p>\n<p style=\"text-align: justify;\">O sea, la comunidad tiene una amplia participaci\u00f3n en el Concejo a trav\u00e9s de los concejales en consecuencia el negarle a los concejales exponer en los puntos varios los problemas y demandas de la comunidad, el Alcalde, le esta Negando la participaci\u00f3n a los electores, en uso de sus derechos constitucionales, de expresar sus peticiones a la autoridad.<\/p>\n<p style=\"text-align: justify;\">Por otra parte, se esta negando el libre ejercicio de la democracia y administrando el municipio de forma discrecional y antidemocr\u00e1tica.<\/p>\n<p style=\"text-align: justify;\">Los Concejales recurrentes de protecci\u00f3n ante la Justicia se\u00f1alan que lo han hecho en defensa de los derechos de la comunidad de formular sus peticiones a la autoridad y por el mas estricto respeto a la Libertad de Expresi\u00f3n y lo m\u00e1s importante el Libre y responsable ejercicio de la democracia.<\/p>\n<p style=\"text-align: justify;\">Consecuente con lo resuelto por los m\u00e1s altos Tribunales del Pa\u00eds, invitan a la comunidad, sin temor a formular por su intermedio, sus inquietudes y proyectos que permitan mejorar la calidad de vida y el inter\u00e9s p\u00fablico general de la comunidad.<\/p>\n<\/div><\/section><\/div><\/p>\n<div  style='height:50px' class='hr hr-invisible   avia-builder-el-6  el_after_av_one_full  el_before_av_social_share '><span class='hr-inner ' ><span class='hr-inner-style'><\/span><\/span><\/div>\n<div  class='av-social-sharing-box  avia-builder-el-7  el_after_av_hr  el_before_av_hr  '><div class='av-share-box'><h5 class='av-share-link-description av-no-toc '>Compartir esta noticia<\/h5><ul class='av-share-box-list noLightbox'><li class='av-share-link av-social-link-facebook' ><a target=\"_blank\" aria-label=\"Compartir en Facebook\" href='https:\/\/www.facebook.com\/sharer.php?u=https:\/\/radiorevelacionfm.cl\/?p=17791&#038;t=Corte%20Suprema%20confirma%20fallo%20en%20recurso%20de%20protecci%C3%B3n%20interpuesto%20por%20Concejales%20en%20contra%20del%20Alcalde%20de%20la%20Comuna%20de%20Cisnes' aria-hidden='false' data-av_icon='\ue8f3' data-av_iconfont='entypo-fontello' title='' data-avia-related-tooltip='Compartir en Facebook' rel=\"noopener\"><span class='avia_hidden_link_text'>Compartir en Facebook<\/span><\/a><\/li><li class='av-share-link av-social-link-twitter' ><a target=\"_blank\" aria-label=\"Compartir en Twitter\" href='https:\/\/twitter.com\/share?text=Corte%20Suprema%20confirma%20fallo%20en%20recurso%20de%20protecci%C3%B3n%20interpuesto%20por%20Concejales%20en%20contra%20del%20Alcalde%20de%20la%20Comuna%20de%20Cisnes&#038;url=https:\/\/radiorevelacionfm.cl\/?p=17791' aria-hidden='false' data-av_icon='\ue8f1' data-av_iconfont='entypo-fontello' title='' data-avia-related-tooltip='Compartir en Twitter' rel=\"noopener\"><span class='avia_hidden_link_text'>Compartir en Twitter<\/span><\/a><\/li><li class='av-share-link av-social-link-whatsapp' ><a target=\"_blank\" aria-label=\"Compartir en Whatsapp\" href='https:\/\/api.whatsapp.com\/send?text=https:\/\/radiorevelacionfm.cl\/?p=17791' aria-hidden='false' data-av_icon='\uf232' data-av_iconfont='entypo-fontello' title='' data-avia-related-tooltip='Compartir en Whatsapp' rel=\"noopener\"><span class='avia_hidden_link_text'>Compartir en Whatsapp<\/span><\/a><\/li><li class='av-share-link av-social-link-linkedin' ><a target=\"_blank\" aria-label=\"Compartir en LinkedIn\" href='https:\/\/linkedin.com\/shareArticle?mini=true&#038;title=Corte%20Suprema%20confirma%20fallo%20en%20recurso%20de%20protecci%C3%B3n%20interpuesto%20por%20Concejales%20en%20contra%20del%20Alcalde%20de%20la%20Comuna%20de%20Cisnes&#038;url=https:\/\/radiorevelacionfm.cl\/?p=17791' aria-hidden='false' data-av_icon='\ue8fc' data-av_iconfont='entypo-fontello' title='' data-avia-related-tooltip='Compartir en LinkedIn' rel=\"noopener\"><span class='avia_hidden_link_text'>Compartir en LinkedIn<\/span><\/a><\/li><li class='av-share-link av-social-link-mail' ><a  aria-label=\"Compartir por correo\" href='mailto:?subject=Corte%20Suprema%20confirma%20fallo%20en%20recurso%20de%20protecci%C3%B3n%20interpuesto%20por%20Concejales%20en%20contra%20del%20Alcalde%20de%20la%20Comuna%20de%20Cisnes&#038;body=https:\/\/radiorevelacionfm.cl\/?p=17791' aria-hidden='false' data-av_icon='\ue805' data-av_iconfont='entypo-fontello' title='' data-avia-related-tooltip='Compartir por correo'><span class='avia_hidden_link_text'>Compartir por correo<\/span><\/a><\/li><\/ul><\/div><\/div>\n<div  style='height:50px' class='hr hr-invisible   avia-builder-el-8  el_after_av_social_share  el_before_av_comments_list '><span class='hr-inner ' ><span class='hr-inner-style'><\/span><\/span><\/div>\n<div  class='av-buildercomment  av-blog-meta-html-info-disabled av-blog-meta-tag-disabled  '><\/div>\n","protected":false},"excerpt":{"rendered":"","protected":false},"author":1,"featured_media":17792,"comment_status":"open","ping_status":"open","sticky":false,"template":"","format":"standard","meta":{"footnotes":""},"categories":[38],"tags":[],"class_list":["post-17791","post","type-post","status-publish","format-standard","has-post-thumbnail","hentry","category-regional"],"jetpack_featured_media_url":"https:\/\/radiorevelacionfm.cl\/wp-content\/uploads\/2022\/06\/image-40-1.jpg","_links":{"self":[{"href":"https:\/\/radiorevelacionfm.cl\/index.php?rest_route=\/wp\/v2\/posts\/17791","targetHints":{"allow":["GET"]}}],"collection":[{"href":"https:\/\/radiorevelacionfm.cl\/index.php?rest_route=\/wp\/v2\/posts"}],"about":[{"href":"https:\/\/radiorevelacionfm.cl\/index.php?rest_route=\/wp\/v2\/types\/post"}],"author":[{"embeddable":true,"href":"https:\/\/radiorevelacionfm.cl\/index.php?rest_route=\/wp\/v2\/users\/1"}],"replies":[{"embeddable":true,"href":"https:\/\/radiorevelacionfm.cl\/index.php?rest_route=%2Fwp%2Fv2%2Fcomments&post=17791"}],"version-history":[{"count":4,"href":"https:\/\/radiorevelacionfm.cl\/index.php?rest_route=\/wp\/v2\/posts\/17791\/revisions"}],"predecessor-version":[{"id":17794,"href":"https:\/\/radiorevelacionfm.cl\/index.php?rest_route=\/wp\/v2\/posts\/17791\/revisions\/17794"}],"wp:featuredmedia":[{"embeddable":true,"href":"https:\/\/radiorevelacionfm.cl\/index.php?rest_route=\/wp\/v2\/media\/17792"}],"wp:attachment":[{"href":"https:\/\/radiorevelacionfm.cl\/index.php?rest_route=%2Fwp%2Fv2%2Fmedia&parent=17791"}],"wp:term":[{"taxonomy":"category","embeddable":true,"href":"https:\/\/radiorevelacionfm.cl\/index.php?rest_route=%2Fwp%2Fv2%2Fcategories&post=17791"},{"taxonomy":"post_tag","embeddable":true,"href":"https:\/\/radiorevelacionfm.cl\/index.php?rest_route=%2Fwp%2Fv2%2Ftags&post=17791"}],"curies":[{"name":"wp","href":"https:\/\/api.w.org\/{rel}","templated":true}]}}