{"id":17788,"date":"2022-06-10T10:30:23","date_gmt":"2022-06-10T13:30:23","guid":{"rendered":"https:\/\/radiorevelacionfm.cl\/?p=17788"},"modified":"2022-06-10T10:47:16","modified_gmt":"2022-06-10T13:47:16","slug":"entregan-material-educativo-sobre-energia-a-establecimientos-que-participaron-de-educa-sostenible","status":"publish","type":"post","link":"https:\/\/radiorevelacionfm.cl\/?p=17788","title":{"rendered":"Entregan material educativo sobre energ\u00eda a establecimientos que participaron de Educa Sostenible"},"content":{"rendered":"<div class=\"flex_column av_one_full  flex_column_div av-zero-column-padding first  avia-builder-el-0  el_before_av_one_full  avia-builder-el-first  \" style='border-radius:0px; '><div  class='avia-image-container  av-styling-    avia-builder-el-1  avia-builder-el-no-sibling  avia-align-center '  itemprop=\"image\" itemscope=\"itemscope\" itemtype=\"https:\/\/schema.org\/ImageObject\"  ><div class='avia-image-container-inner'><div class='avia-image-overlay-wrap'><img decoding=\"async\" class='wp-image-17803 avia-img-lazy-loading-not-17803 avia_image' src=\"https:\/\/radiorevelacionfm.cl\/wp-content\/uploads\/2022\/06\/image-41-1.jpg\" alt='' title='image (41) (1)' height=\"600\" width=\"806\"  itemprop=\"thumbnailUrl\" srcset=\"https:\/\/radiorevelacionfm.cl\/wp-content\/uploads\/2022\/06\/image-41-1.jpg 806w, https:\/\/radiorevelacionfm.cl\/wp-content\/uploads\/2022\/06\/image-41-1-300x223.jpg 300w, https:\/\/radiorevelacionfm.cl\/wp-content\/uploads\/2022\/06\/image-41-1-768x572.jpg 768w, https:\/\/radiorevelacionfm.cl\/wp-content\/uploads\/2022\/06\/image-41-1-705x525.jpg 705w, https:\/\/radiorevelacionfm.cl\/wp-content\/uploads\/2022\/06\/image-41-1-600x447.jpg 600w\" sizes=\"(max-width: 806px) 100vw, 806px\" \/><\/div><\/div><\/div><\/div><div class=\"flex_column av_one_full  flex_column_div av-zero-column-padding first  avia-builder-el-2  el_after_av_one_full  el_before_av_one_full  column-top-margin\" style='border-radius:0px; '><section class=\"av_textblock_section \"  itemscope=\"itemscope\" itemtype=\"https:\/\/schema.org\/BlogPosting\" itemprop=\"blogPost\" ><div class='avia_textblock  '   itemprop=\"text\" ><p style=\"text-align: center;\"><strong><span style=\"font-size: 18pt;\">Entregan material educativo sobre energ\u00eda a establecimientos que participaron de Educa Sostenible<\/span><\/strong><\/p>\n<div id=\"gtx-trans\" style=\"position: absolute; left: -50px; top: 4.31534px;\">\n<div class=\"gtx-trans-icon\"><\/div>\n<\/div>\n<\/div><\/section><\/div><\/p>\n<div class=\"flex_column av_one_full  flex_column_div av-zero-column-padding first  avia-builder-el-4  el_after_av_one_full  el_before_av_hr  column-top-margin\" style='border-radius:0px; '><section class=\"av_textblock_section \"  itemscope=\"itemscope\" itemtype=\"https:\/\/schema.org\/BlogPosting\" itemprop=\"blogPost\" ><div class='avia_textblock  '   itemprop=\"text\" ><p style=\"text-align: justify;\">En la Escuela Altamira de Coyhaique, con la presencia de autoridades regionales, representantes de sostenedores y de la comunidad educativa, se realiz\u00f3 la ceremonia de entrega de material educativo en energ\u00eda a los 12 establecimientos educacionales de las comunas de Coyhaique, Puerto Ays\u00e9n y Chile Chico, que participaron durante el 2021 en el piloto de \u201cEduca Sostenible &#8211; Programa Educativo en Energ\u00eda\u201d, de la Agencia de Sostenibilidad Energ\u00e9tica (AgenciaSE) y el Ministerio de Energ\u00eda.<\/p>\n<p style=\"text-align: justify;\">Al respecto, el Delegado Presidencial Regional de Ays\u00e9n, Rodrigo Araya indic\u00f3 que \u201cpara nuestro gobierno y nuestro Presidente Gabriel Boric el cuidado del medio ambiente y la sostenibilidad energ\u00e9tica, son tremendamente importantes. Esta actividad empez\u00f3 el a\u00f1o pasado con la capacitaci\u00f3n de producci\u00f3n de material educativo online y capacitaci\u00f3n en habilidades y destrezas a toda la comunidad educativa de 12 establecimientos de nuestra regi\u00f3n. Es una pol\u00edtica de Estado, una visi\u00f3n a largo plazo, de lograr que las personas, la comunidad, desde la educaci\u00f3n preb\u00e1sica, incorpore conocimientos que le permitan tomar mejores decisiones con respecto al cuidado del medio ambiente y a la sostenibilidad energ\u00e9tica, porque las decisiones que se toman en las instituciones y en el hogar, tiene impacto en nuestro futuro\u201d.<\/p>\n<p style=\"text-align: justify;\">Por su parte, el Seremi de Energ\u00eda de Ays\u00e9n, Carlos D\u00edaz, recalc\u00f3 que \u201cme gustar\u00eda felicitar a los establecimientos educacionales por participar de este programa, yo llevo m\u00e1s de una d\u00e9cada trabajando en eficiencia energ\u00e9tica, y es un sue\u00f1o poder transmitir a los ni\u00f1os y ni\u00f1as de nuestra regi\u00f3n la importancia de avanzar en esta materia. Las nuevas generaciones est\u00e1n muy conscientes de los impactos ambientales que tiene todo lo que hacemos, en ese sentido esta iniciativa es clave ya que nos permite apoyar y reforzar desde la primera infancia, la formaci\u00f3n de ciudadanos conscientes de su entorno y del impacto del uso de la energ\u00eda en sus actividades cotidianas, promoviendo el cuidado del medio ambiente\u201d.<\/p>\n<p style=\"text-align: justify;\">Los establecimientos de la comuna de Puerto Ays\u00e9n que participaron de Educa Sostenible fueron: el Liceo San Jos\u00e9 UR, las escuelas Carlos Condell y Santa Rosa y la Escuela Especial de Lenguaje Kalem.<\/p>\n<p style=\"text-align: justify;\">En la comuna de Coyhaique, formaron parte los jardines infantiles: Mi Peque\u00f1a Estancia, Mart\u00edn Pescador, y Vallecitos de Ays\u00e9n. Adem\u00e1s, de las escuelas Valle de la Luna, Valle Simpson, R\u00edo Blanco, el Liceo Bicentenario Altos del Mackay, y la Corporaci\u00f3n Educacional Altamira. En Chile Chico se sum\u00f3 el Liceo Bicentenario Luisa Rabanal Palma.<\/p>\n<p style=\"text-align: justify;\">Cecilia Molina, Directora de la Escuela Altamira de Coyhaique, destac\u00f3 el trabajo realizado durante el a\u00f1o 2021, per\u00edodo en que lograron incorporar la tem\u00e1tica energ\u00e9tica \u201cpara nosotros Educa Sostenibles es una oportunidad para fortalecer uno de nuestros sellos educativos, adem\u00e1s es importante destacar que cuenta con herramientas que son coherentes con el curriculum nacional, lo cual facilita su implementaci\u00f3n. Estamos muy contentos de formar parte de esta iniciativa\u201d.<\/p>\n<p style=\"text-align: justify;\">Los kit entregados en la jornada, contienen una Ruta de Objetivos de Aprendizaje de cada nivel, una Ruta de Progreso de Aprendizajes en Sostenibilidad Energ\u00e9tica, un libro de introducci\u00f3n, gu\u00edas, juegos y recursos para todos los niveles de educaci\u00f3n parvularia, educaci\u00f3n b\u00e1sica, y para 1\u00b0 y 2\u00b0 de ense\u00f1anza media, tanto humanista cient\u00edfico como t\u00e9cnico profesional.<\/p>\n<p style=\"text-align: justify;\">Tambi\u00e9n se incluyen recursos educativos llamativos para los estudiantes como libros de cuentos, los Superh\u00e9roes Energ\u00e9ticos para recortar: Ckapin, Waiw\u00e9n y Darwin; juegos como el Memorice Pregunt\u00f3n, Trivia de Energ\u00eda, Tr\u00edadas Energ\u00e9ticas, la Rueda de Biocombustibles S\u00f3lidos<\/p>\n<p style=\"text-align: justify;\">Marcela Guerrero, Encargada de Educa Sostenible de la AgenciaSE dijo que \u201choy pudimos ver en la Escuela Altamira, los frutos de lo implementado el a\u00f1o pasado, con 12 comunidades educativas de Ays\u00e9n comprometidas con la sostenibilidad energ\u00e9tica, adem\u00e1s de docentes y educadores (as) capacitados y con un material pedag\u00f3gico atractivo y de calidad, para incorporar la sostenibilidad energ\u00e9tica de manera transversal en los diversos niveles de las escuelas participantes\u201d.<\/p>\n<p style=\"text-align: justify;\">El Programa educativo se implement\u00f3 en 60 establecimientos de las regiones de Atacama, Metropolitana, Araucan\u00eda y Ays\u00e9n. Abord\u00f3 diversos \u00e1mbitos al interior de los establecimientos, entregando herramientas y capacitaciones para fortalecer el \u00e1mbito de liderazgo con el equipo directivo, el \u00e1mbito pedag\u00f3gico con capacitaciones a docentes y material educativo en energ\u00eda, adem\u00e1s de apoyo a la gesti\u00f3n en recursos energ\u00e9ticos y el trabajo con la comunidad.<\/p>\n<p style=\"text-align: justify;\">Todo el material educativo que contempla el programa se encuentra disponible en el sitio <a href=\"http:\/\/www.educasosteniblechile.cl\">www.educasosteniblechile.cl<\/a>, donde es posible acceder a m\u00e1s de 300 contenidos de energ\u00edas sostenibles para trabajar con estudiantes desde educaci\u00f3n parvularia a ense\u00f1anza media.<\/p>\n<\/div><\/section><\/div>\n<div  style='height:50px' class='hr hr-invisible   avia-builder-el-6  el_after_av_one_full  el_before_av_social_share '><span class='hr-inner ' ><span class='hr-inner-style'><\/span><\/span><\/div>\n<div  class='av-social-sharing-box  avia-builder-el-7  el_after_av_hr  el_before_av_hr  '><div class='av-share-box'><h5 class='av-share-link-description av-no-toc '>Compartir esta noticia<\/h5><ul class='av-share-box-list noLightbox'><li class='av-share-link av-social-link-facebook' ><a target=\"_blank\" aria-label=\"Compartir en Facebook\" href='https:\/\/www.facebook.com\/sharer.php?u=https:\/\/radiorevelacionfm.cl\/?p=17788&#038;t=Entregan%20material%20educativo%20sobre%20energ%C3%ADa%20a%20establecimientos%20que%20participaron%20de%20Educa%20Sostenible' aria-hidden='false' data-av_icon='\ue8f3' data-av_iconfont='entypo-fontello' title='' data-avia-related-tooltip='Compartir en Facebook' rel=\"noopener\"><span class='avia_hidden_link_text'>Compartir en Facebook<\/span><\/a><\/li><li class='av-share-link av-social-link-twitter' ><a target=\"_blank\" aria-label=\"Compartir en Twitter\" href='https:\/\/twitter.com\/share?text=Entregan%20material%20educativo%20sobre%20energ%C3%ADa%20a%20establecimientos%20que%20participaron%20de%20Educa%20Sostenible&#038;url=https:\/\/radiorevelacionfm.cl\/?p=17788' aria-hidden='false' data-av_icon='\ue8f1' data-av_iconfont='entypo-fontello' title='' data-avia-related-tooltip='Compartir en Twitter' rel=\"noopener\"><span class='avia_hidden_link_text'>Compartir en Twitter<\/span><\/a><\/li><li class='av-share-link av-social-link-whatsapp' ><a target=\"_blank\" aria-label=\"Compartir en Whatsapp\" href='https:\/\/api.whatsapp.com\/send?text=https:\/\/radiorevelacionfm.cl\/?p=17788' aria-hidden='false' data-av_icon='\uf232' data-av_iconfont='entypo-fontello' title='' data-avia-related-tooltip='Compartir en Whatsapp' rel=\"noopener\"><span class='avia_hidden_link_text'>Compartir en Whatsapp<\/span><\/a><\/li><li class='av-share-link av-social-link-linkedin' ><a target=\"_blank\" aria-label=\"Compartir en LinkedIn\" href='https:\/\/linkedin.com\/shareArticle?mini=true&#038;title=Entregan%20material%20educativo%20sobre%20energ%C3%ADa%20a%20establecimientos%20que%20participaron%20de%20Educa%20Sostenible&#038;url=https:\/\/radiorevelacionfm.cl\/?p=17788' aria-hidden='false' data-av_icon='\ue8fc' data-av_iconfont='entypo-fontello' title='' data-avia-related-tooltip='Compartir en LinkedIn' rel=\"noopener\"><span class='avia_hidden_link_text'>Compartir en LinkedIn<\/span><\/a><\/li><li class='av-share-link av-social-link-mail' ><a  aria-label=\"Compartir por correo\" href='mailto:?subject=Entregan%20material%20educativo%20sobre%20energ%C3%ADa%20a%20establecimientos%20que%20participaron%20de%20Educa%20Sostenible&#038;body=https:\/\/radiorevelacionfm.cl\/?p=17788' aria-hidden='false' data-av_icon='\ue805' data-av_iconfont='entypo-fontello' title='' data-avia-related-tooltip='Compartir por correo'><span class='avia_hidden_link_text'>Compartir por correo<\/span><\/a><\/li><\/ul><\/div><\/div>\n<div  style='height:50px' class='hr hr-invisible   avia-builder-el-8  el_after_av_social_share  el_before_av_comments_list '><span class='hr-inner ' ><span class='hr-inner-style'><\/span><\/span><\/div>\n<div  class='av-buildercomment  av-blog-meta-html-info-disabled av-blog-meta-tag-disabled  '><\/div>\n","protected":false},"excerpt":{"rendered":"","protected":false},"author":1,"featured_media":17803,"comment_status":"open","ping_status":"open","sticky":false,"template":"","format":"standard","meta":{"footnotes":""},"categories":[38],"tags":[],"class_list":["post-17788","post","type-post","status-publish","format-standard","has-post-thumbnail","hentry","category-regional"],"jetpack_featured_media_url":"https:\/\/radiorevelacionfm.cl\/wp-content\/uploads\/2022\/06\/image-41-1.jpg","_links":{"self":[{"href":"https:\/\/radiorevelacionfm.cl\/index.php?rest_route=\/wp\/v2\/posts\/17788","targetHints":{"allow":["GET"]}}],"collection":[{"href":"https:\/\/radiorevelacionfm.cl\/index.php?rest_route=\/wp\/v2\/posts"}],"about":[{"href":"https:\/\/radiorevelacionfm.cl\/index.php?rest_route=\/wp\/v2\/types\/post"}],"author":[{"embeddable":true,"href":"https:\/\/radiorevelacionfm.cl\/index.php?rest_route=\/wp\/v2\/users\/1"}],"replies":[{"embeddable":true,"href":"https:\/\/radiorevelacionfm.cl\/index.php?rest_route=%2Fwp%2Fv2%2Fcomments&post=17788"}],"version-history":[{"count":3,"href":"https:\/\/radiorevelacionfm.cl\/index.php?rest_route=\/wp\/v2\/posts\/17788\/revisions"}],"predecessor-version":[{"id":17802,"href":"https:\/\/radiorevelacionfm.cl\/index.php?rest_route=\/wp\/v2\/posts\/17788\/revisions\/17802"}],"wp:featuredmedia":[{"embeddable":true,"href":"https:\/\/radiorevelacionfm.cl\/index.php?rest_route=\/wp\/v2\/media\/17803"}],"wp:attachment":[{"href":"https:\/\/radiorevelacionfm.cl\/index.php?rest_route=%2Fwp%2Fv2%2Fmedia&parent=17788"}],"wp:term":[{"taxonomy":"category","embeddable":true,"href":"https:\/\/radiorevelacionfm.cl\/index.php?rest_route=%2Fwp%2Fv2%2Fcategories&post=17788"},{"taxonomy":"post_tag","embeddable":true,"href":"https:\/\/radiorevelacionfm.cl\/index.php?rest_route=%2Fwp%2Fv2%2Ftags&post=17788"}],"curies":[{"name":"wp","href":"https:\/\/api.w.org\/{rel}","templated":true}]}}