{"id":17738,"date":"2022-06-08T14:02:12","date_gmt":"2022-06-08T17:02:12","guid":{"rendered":"https:\/\/radiorevelacionfm.cl\/?p=17738"},"modified":"2022-06-08T14:02:12","modified_gmt":"2022-06-08T17:02:12","slug":"en-coyhaique-iv-division-del-ejercito-celebro-el-dia-de-las-glorias-de-la-infanteria","status":"publish","type":"post","link":"https:\/\/radiorevelacionfm.cl\/?p=17738","title":{"rendered":"En Coyhaique IV Divisi\u00f3n del Ej\u00e9rcito celebr\u00f3 el D\u00eda de las Glorias de la Infanter\u00eda"},"content":{"rendered":"<div class=\"flex_column av_one_full  flex_column_div av-zero-column-padding first  avia-builder-el-0  el_before_av_one_full  avia-builder-el-first  \" style='border-radius:0px; '><div  class='avia-image-container  av-styling-    avia-builder-el-1  avia-builder-el-no-sibling  avia-align-center '  itemprop=\"image\" itemscope=\"itemscope\" itemtype=\"https:\/\/schema.org\/ImageObject\"  ><div class='avia-image-container-inner'><div class='avia-image-overlay-wrap'><img decoding=\"async\" class='wp-image-17739 avia-img-lazy-loading-not-17739 avia_image' src=\"https:\/\/radiorevelacionfm.cl\/wp-content\/uploads\/2022\/06\/dia-infanteria0-1_optimized.jpg\" alt='' title='dia-infanteria0-(1)_optimized' height=\"600\" width=\"1057\"  itemprop=\"thumbnailUrl\" srcset=\"https:\/\/radiorevelacionfm.cl\/wp-content\/uploads\/2022\/06\/dia-infanteria0-1_optimized.jpg 1057w, https:\/\/radiorevelacionfm.cl\/wp-content\/uploads\/2022\/06\/dia-infanteria0-1_optimized-300x170.jpg 300w, https:\/\/radiorevelacionfm.cl\/wp-content\/uploads\/2022\/06\/dia-infanteria0-1_optimized-1030x585.jpg 1030w, https:\/\/radiorevelacionfm.cl\/wp-content\/uploads\/2022\/06\/dia-infanteria0-1_optimized-768x436.jpg 768w, https:\/\/radiorevelacionfm.cl\/wp-content\/uploads\/2022\/06\/dia-infanteria0-1_optimized-705x400.jpg 705w, https:\/\/radiorevelacionfm.cl\/wp-content\/uploads\/2022\/06\/dia-infanteria0-1_optimized-600x341.jpg 600w\" sizes=\"(max-width: 1057px) 100vw, 1057px\" \/><\/div><\/div><\/div><\/div><div class=\"flex_column av_one_full  flex_column_div av-zero-column-padding first  avia-builder-el-2  el_after_av_one_full  el_before_av_one_full  column-top-margin\" style='border-radius:0px; '><section class=\"av_textblock_section \"  itemscope=\"itemscope\" itemtype=\"https:\/\/schema.org\/BlogPosting\" itemprop=\"blogPost\" ><div class='avia_textblock  '   itemprop=\"text\" ><p style=\"text-align: center;\"><strong><span style=\"font-size: 18pt;\">En Coyhaique IV Divisi\u00f3n del Ej\u00e9rcito celebr\u00f3 el D\u00eda de las Glorias de la Infanter\u00eda <\/span><\/strong><\/p>\n<div id=\"gtx-trans\" style=\"position: absolute; left: -50px; top: 4.31534px;\">\n<div class=\"gtx-trans-icon\"><\/div>\n<\/div>\n<\/div><\/section><\/div><div class=\"flex_column av_one_full  flex_column_div av-zero-column-padding first  avia-builder-el-4  el_after_av_one_full  el_before_av_hr  column-top-margin\" style='border-radius:0px; '><section class=\"av_textblock_section \"  itemscope=\"itemscope\" itemtype=\"https:\/\/schema.org\/BlogPosting\" itemprop=\"blogPost\" ><div class='avia_textblock  '   itemprop=\"text\" ><div class=\"wp-post-author-wrap wp-post-author-shortcode left\">\n<p style=\"text-align: justify;\">En dependencias del Campo Militar \u201cCoyhaique\u201d se celebr\u00f3 el 142\u00b0 aniversario del Asalto y Toma del Morro de Arica y D\u00eda de las Glorias de la Infanter\u00eda.<\/p>\n<p style=\"text-align: justify;\">Las actividades comenzaron con el izamiento del pabell\u00f3n nacional, para posteriormente dar lectura a la carta que expidi\u00f3 el General Manuel Baquedano; la cual da cuenta de las acciones de combate que derivaron en la victoria nacional y toma del morro de Arica entre otras maniobras, finalizando con una alegor\u00eda hist\u00f3rica de la haza\u00f1a.<\/p>\n<p style=\"text-align: justify;\">Al medio d\u00eda y en el patio principal del Campo Militar \u201cCoyhaique\u201d, se realiz\u00f3 la tradicional ceremonia, la cual cont\u00f3 con la participaci\u00f3n del personal militar, invitados especiales, reservistas y personal en retiro del arma de infanter\u00eda.<\/p>\n<p style=\"text-align: justify;\">Durante la alocuci\u00f3n la que estuvo a cargo del Comandante del Batall\u00f3n de Infanter\u00eda N\u00b0 26 \u201cAys\u00e9n\u201d, Mayor Roberto Mercado Bravo, se\u00f1al\u00f3: \u201cEste mensaje de valent\u00eda y cumplimiento del deber, en defensa y protecci\u00f3n de la sociedad a la cual sirven, a observancia de las leyes de los valores y principios que rigen nuestro quehacer, es lo que ha representado de manera indisoluble a nuestra brava infanter\u00eda en los campos de batalla, Chacabuco y Maip\u00fa, durante la independencia, Puente Buin y Yungay en la guerra contra la Confederaci\u00f3n Per\u00fa-Boliviana, Topater, Tarapaca, Pisagua, Tacna, Arica y su accionar en las batallas de Chorrillos y Miraflores, el sacrificio que ilumina hasta hoy a nuestro Ej\u00e9rcito en La Concepci\u00f3n y la consolidaci\u00f3n del conflicto en la sierra peruana en Huamachuco, todas ellas y m\u00e1s, representan el accionar de la infanter\u00eda chilena del Ej\u00e9rcito\u201d. Posteriormente, se enton\u00f3 el himno del Arma de Infanter\u00eda, culminando la ceremonia con el tradicional desfile, a los sones de la Banda Instrumental de Carabineros de dotaci\u00f3n de la XI zona de Carabineros de Ays\u00e9n.<\/p>\n<p style=\"text-align: justify;\">Finalmente, cabe se\u00f1alar que esta significativa fecha para la instituci\u00f3n es celebrada en todas las guarniciones militares a lo largo del pa\u00eds, por ser motivo de orgullo y representar parte de las tradiciones propias del Ej\u00e9rcito de Chile.<\/p>\n<div class=\"wp-post-author\" style=\"text-align: justify;\"><\/div>\n<\/div>\n<\/div><\/section><\/div><div  style='height:50px' class='hr hr-invisible   avia-builder-el-6  el_after_av_one_full  el_before_av_social_share '><span class='hr-inner ' ><span class='hr-inner-style'><\/span><\/span><\/div><\/p>\n<div  class='av-social-sharing-box  avia-builder-el-7  el_after_av_hr  el_before_av_hr  '><div class='av-share-box'><h5 class='av-share-link-description av-no-toc '>Compartir esta noticia<\/h5><ul class='av-share-box-list noLightbox'><li class='av-share-link av-social-link-facebook' ><a target=\"_blank\" aria-label=\"Compartir en Facebook\" href='https:\/\/www.facebook.com\/sharer.php?u=https:\/\/radiorevelacionfm.cl\/?p=17738&#038;t=En%20Coyhaique%20IV%20Divisi%C3%B3n%20del%20Ej%C3%A9rcito%20celebr%C3%B3%20el%20D%C3%ADa%20de%20las%20Glorias%20de%20la%20Infanter%C3%ADa' aria-hidden='false' data-av_icon='\ue8f3' data-av_iconfont='entypo-fontello' title='' data-avia-related-tooltip='Compartir en Facebook' rel=\"noopener\"><span class='avia_hidden_link_text'>Compartir en Facebook<\/span><\/a><\/li><li class='av-share-link av-social-link-twitter' ><a target=\"_blank\" aria-label=\"Compartir en Twitter\" href='https:\/\/twitter.com\/share?text=En%20Coyhaique%20IV%20Divisi%C3%B3n%20del%20Ej%C3%A9rcito%20celebr%C3%B3%20el%20D%C3%ADa%20de%20las%20Glorias%20de%20la%20Infanter%C3%ADa&#038;url=https:\/\/radiorevelacionfm.cl\/?p=17738' aria-hidden='false' data-av_icon='\ue8f1' data-av_iconfont='entypo-fontello' title='' data-avia-related-tooltip='Compartir en Twitter' rel=\"noopener\"><span class='avia_hidden_link_text'>Compartir en Twitter<\/span><\/a><\/li><li class='av-share-link av-social-link-whatsapp' ><a target=\"_blank\" aria-label=\"Compartir en Whatsapp\" href='https:\/\/api.whatsapp.com\/send?text=https:\/\/radiorevelacionfm.cl\/?p=17738' aria-hidden='false' data-av_icon='\uf232' data-av_iconfont='entypo-fontello' title='' data-avia-related-tooltip='Compartir en Whatsapp' rel=\"noopener\"><span class='avia_hidden_link_text'>Compartir en Whatsapp<\/span><\/a><\/li><li class='av-share-link av-social-link-linkedin' ><a target=\"_blank\" aria-label=\"Compartir en LinkedIn\" href='https:\/\/linkedin.com\/shareArticle?mini=true&#038;title=En%20Coyhaique%20IV%20Divisi%C3%B3n%20del%20Ej%C3%A9rcito%20celebr%C3%B3%20el%20D%C3%ADa%20de%20las%20Glorias%20de%20la%20Infanter%C3%ADa&#038;url=https:\/\/radiorevelacionfm.cl\/?p=17738' aria-hidden='false' data-av_icon='\ue8fc' data-av_iconfont='entypo-fontello' title='' data-avia-related-tooltip='Compartir en LinkedIn' rel=\"noopener\"><span class='avia_hidden_link_text'>Compartir en LinkedIn<\/span><\/a><\/li><li class='av-share-link av-social-link-mail' ><a  aria-label=\"Compartir por correo\" href='mailto:?subject=En%20Coyhaique%20IV%20Divisi%C3%B3n%20del%20Ej%C3%A9rcito%20celebr%C3%B3%20el%20D%C3%ADa%20de%20las%20Glorias%20de%20la%20Infanter%C3%ADa&#038;body=https:\/\/radiorevelacionfm.cl\/?p=17738' aria-hidden='false' data-av_icon='\ue805' data-av_iconfont='entypo-fontello' title='' data-avia-related-tooltip='Compartir por correo'><span class='avia_hidden_link_text'>Compartir por correo<\/span><\/a><\/li><\/ul><\/div><\/div>\n<div  style='height:50px' class='hr hr-invisible   avia-builder-el-8  el_after_av_social_share  el_before_av_comments_list '><span class='hr-inner ' ><span class='hr-inner-style'><\/span><\/span><\/div>\n<div  class='av-buildercomment  av-blog-meta-html-info-disabled av-blog-meta-tag-disabled  '><\/div>\n","protected":false},"excerpt":{"rendered":"","protected":false},"author":1,"featured_media":17739,"comment_status":"open","ping_status":"open","sticky":false,"template":"","format":"standard","meta":{"footnotes":""},"categories":[38],"tags":[],"class_list":["post-17738","post","type-post","status-publish","format-standard","has-post-thumbnail","hentry","category-regional"],"jetpack_featured_media_url":"https:\/\/radiorevelacionfm.cl\/wp-content\/uploads\/2022\/06\/dia-infanteria0-1_optimized.jpg","_links":{"self":[{"href":"https:\/\/radiorevelacionfm.cl\/index.php?rest_route=\/wp\/v2\/posts\/17738","targetHints":{"allow":["GET"]}}],"collection":[{"href":"https:\/\/radiorevelacionfm.cl\/index.php?rest_route=\/wp\/v2\/posts"}],"about":[{"href":"https:\/\/radiorevelacionfm.cl\/index.php?rest_route=\/wp\/v2\/types\/post"}],"author":[{"embeddable":true,"href":"https:\/\/radiorevelacionfm.cl\/index.php?rest_route=\/wp\/v2\/users\/1"}],"replies":[{"embeddable":true,"href":"https:\/\/radiorevelacionfm.cl\/index.php?rest_route=%2Fwp%2Fv2%2Fcomments&post=17738"}],"version-history":[{"count":2,"href":"https:\/\/radiorevelacionfm.cl\/index.php?rest_route=\/wp\/v2\/posts\/17738\/revisions"}],"predecessor-version":[{"id":17741,"href":"https:\/\/radiorevelacionfm.cl\/index.php?rest_route=\/wp\/v2\/posts\/17738\/revisions\/17741"}],"wp:featuredmedia":[{"embeddable":true,"href":"https:\/\/radiorevelacionfm.cl\/index.php?rest_route=\/wp\/v2\/media\/17739"}],"wp:attachment":[{"href":"https:\/\/radiorevelacionfm.cl\/index.php?rest_route=%2Fwp%2Fv2%2Fmedia&parent=17738"}],"wp:term":[{"taxonomy":"category","embeddable":true,"href":"https:\/\/radiorevelacionfm.cl\/index.php?rest_route=%2Fwp%2Fv2%2Fcategories&post=17738"},{"taxonomy":"post_tag","embeddable":true,"href":"https:\/\/radiorevelacionfm.cl\/index.php?rest_route=%2Fwp%2Fv2%2Ftags&post=17738"}],"curies":[{"name":"wp","href":"https:\/\/api.w.org\/{rel}","templated":true}]}}