{"id":17733,"date":"2022-06-08T13:34:07","date_gmt":"2022-06-08T16:34:07","guid":{"rendered":"https:\/\/radiorevelacionfm.cl\/?p=17733"},"modified":"2022-06-08T13:34:07","modified_gmt":"2022-06-08T16:34:07","slug":"familia-de-jinete-en-chile-chico-pide-pena-maxima-para-el-imputado-por-homicidio","status":"publish","type":"post","link":"https:\/\/radiorevelacionfm.cl\/?p=17733","title":{"rendered":"Familia de jinete en Chile Chico pide pena m\u00e1xima para el imputado por homicidio"},"content":{"rendered":"<div class=\"flex_column av_one_full  flex_column_div av-zero-column-padding first  avia-builder-el-0  el_before_av_one_full  avia-builder-el-first  \" style='border-radius:0px; '><div  class='avia-image-container  av-styling-    avia-builder-el-1  avia-builder-el-no-sibling  avia-align-center '  itemprop=\"image\" itemscope=\"itemscope\" itemtype=\"https:\/\/schema.org\/ImageObject\"  ><div class='avia-image-container-inner'><div class='avia-image-overlay-wrap'><img decoding=\"async\" class='wp-image-17735 avia-img-lazy-loading-not-17735 avia_image' src=\"https:\/\/radiorevelacionfm.cl\/wp-content\/uploads\/2022\/06\/Jinete-Epifanio-1-1.jpg\" alt='' title='Jinete Epifanio (1) (1)' height=\"600\" width=\"744\"  itemprop=\"thumbnailUrl\" srcset=\"https:\/\/radiorevelacionfm.cl\/wp-content\/uploads\/2022\/06\/Jinete-Epifanio-1-1.jpg 744w, https:\/\/radiorevelacionfm.cl\/wp-content\/uploads\/2022\/06\/Jinete-Epifanio-1-1-300x242.jpg 300w, https:\/\/radiorevelacionfm.cl\/wp-content\/uploads\/2022\/06\/Jinete-Epifanio-1-1-495x400.jpg 495w, https:\/\/radiorevelacionfm.cl\/wp-content\/uploads\/2022\/06\/Jinete-Epifanio-1-1-705x569.jpg 705w, https:\/\/radiorevelacionfm.cl\/wp-content\/uploads\/2022\/06\/Jinete-Epifanio-1-1-600x484.jpg 600w\" sizes=\"(max-width: 744px) 100vw, 744px\" \/><\/div><\/div><\/div><\/div><div class=\"flex_column av_one_full  flex_column_div av-zero-column-padding first  avia-builder-el-2  el_after_av_one_full  el_before_av_one_full  column-top-margin\" style='border-radius:0px; '><section class=\"av_textblock_section \"  itemscope=\"itemscope\" itemtype=\"https:\/\/schema.org\/BlogPosting\" itemprop=\"blogPost\" ><div class='avia_textblock  '   itemprop=\"text\" ><p style=\"text-align: center;\"><strong><span style=\"font-size: 18pt;\">Familia de jinete en Chile Chico pide pena m\u00e1xima para el imputado por homicidio<\/span><\/strong><\/p>\n<div id=\"gtx-trans\" style=\"position: absolute; left: -50px; top: 4.31534px;\">\n<div class=\"gtx-trans-icon\"><\/div>\n<\/div>\n<\/div><\/section><\/div><div class=\"flex_column av_one_full  flex_column_div av-zero-column-padding first  avia-builder-el-4  el_after_av_one_full  el_before_av_hr  column-top-margin\" style='border-radius:0px; '><section class=\"av_textblock_section \"  itemscope=\"itemscope\" itemtype=\"https:\/\/schema.org\/BlogPosting\" itemprop=\"blogPost\" ><div class='avia_textblock  '   itemprop=\"text\" ><p style=\"text-align: justify;\">A fines del mes de diciembre de 2021 se conoci\u00f3 del lamentable hecho que le cost\u00f3 la vida a Cristian Epifanio Pozas, un joven jinete de Chile Chico. Seg\u00fan se ha informado p\u00fablicamente este joven fue asesinado por un imputado que se encuentra bajo la medida cautelar de prisi\u00f3n preventiva, a la espera de que se dicte sentencia y lo condenen a la pena que dictamen finalmente los jueces del Tribunal del Juicio Oral en lo Penal de Coyhaique.<\/p>\n<p style=\"text-align: justify;\">Anyela Epifanio Pozas, hermana de la v\u00edctima, se\u00f1al\u00f3 que este mes de junio se mantienen atentos al inicio del proceso judicial, donde como familia buscan que el \u00fanico imputado en la causa sea condenado a la pena m\u00e1xima. \u201cNosotros estamos a la espera del juicio por el asesinato de mi hermano, estamos al tanto que se va a realizar en Coyhaique, lo que esperamos es que sea una condena ejemplar\u201d.<\/p>\n<p style=\"text-align: justify;\">Anyela tambi\u00e9n dio a conocer que, \u201cla abogada que est\u00e1 a cargo de la defensa de la v\u00edctima, ya entreg\u00f3 todos los antecedentes a la Fiscal\u00eda, todas las diligencias est\u00e1n hechas, se presentaron todos los testigos que hubo en el asesinato de mi hermano y ya est\u00e1 todo entregado a la Fiscal\u00eda\u201d.<\/p>\n<p style=\"text-align: justify;\">Ha pasado medio a\u00f1o de ocurridos los hechos y cada d\u00eda es m\u00e1s doloroso recordar, sobre todo ahora, que se acerca el juicio en contra del imputado, manifest\u00f3 la hermana de la v\u00edctima.<\/p>\n<p style=\"text-align: justify;\">\u201cSon seis meses dolorosos de lucha, de recordar, me ha tocado revivir, sentarme a revivir como a \u00e9l lo asesinaron, por eso, lo \u00fanico que nosotros queremos es justicia, sanciones que sean severas y que sean ejemplares. Porque nosotros como familia, no podemos entender que para la justicia el hecho que t\u00fa, mates a una persona, despu\u00e9s te entregues, entregues el arma, esa sea una atenuante positiva. O sea, yo mato a alguien, me arrepiento, me entrego y despu\u00e9s la justicia pr\u00e1cticamente me premia porque lo estoy haciendo as\u00ed\u201d.<\/p>\n<p style=\"text-align: justify;\">Respecto al trabajo de las polic\u00edas y el Ministerio P\u00fablico, Anyela Epifanio, se\u00f1al\u00f3, \u201cdentro de todo, estamos conformes porque igual ha avanzado r\u00e1pido, sabemos que siempre las cosas ac\u00e1 en Chile Chico como que se demoran, gracias a Dios y a los trabajos que se han hecho por parte de la Fiscal\u00eda y Carabineros de la SIP ha ido avanzando r\u00e1pido. Eso nos tiene un poco tranquilos y lo \u00fanico que nos mantiene intranquilos es llegar al d\u00eda de la condena por el asesinato de mi hermano\u201d, puntualiz\u00f3.<\/p>\n<\/div><\/section><\/div><div  style='height:50px' class='hr hr-invisible   avia-builder-el-6  el_after_av_one_full  el_before_av_social_share '><span class='hr-inner ' ><span class='hr-inner-style'><\/span><\/span><\/div><\/p>\n<div  class='av-social-sharing-box  avia-builder-el-7  el_after_av_hr  el_before_av_hr  '><div class='av-share-box'><h5 class='av-share-link-description av-no-toc '>Compartir esta noticia<\/h5><ul class='av-share-box-list noLightbox'><li class='av-share-link av-social-link-facebook' ><a target=\"_blank\" aria-label=\"Compartir en Facebook\" href='https:\/\/www.facebook.com\/sharer.php?u=https:\/\/radiorevelacionfm.cl\/?p=17733&#038;t=Familia%20de%20jinete%20en%20Chile%20Chico%20pide%20pena%20m%C3%A1xima%20para%20el%20imputado%20por%20homicidio' aria-hidden='false' data-av_icon='\ue8f3' data-av_iconfont='entypo-fontello' title='' data-avia-related-tooltip='Compartir en Facebook' rel=\"noopener\"><span class='avia_hidden_link_text'>Compartir en Facebook<\/span><\/a><\/li><li class='av-share-link av-social-link-twitter' ><a target=\"_blank\" aria-label=\"Compartir en Twitter\" href='https:\/\/twitter.com\/share?text=Familia%20de%20jinete%20en%20Chile%20Chico%20pide%20pena%20m%C3%A1xima%20para%20el%20imputado%20por%20homicidio&#038;url=https:\/\/radiorevelacionfm.cl\/?p=17733' aria-hidden='false' data-av_icon='\ue8f1' data-av_iconfont='entypo-fontello' title='' data-avia-related-tooltip='Compartir en Twitter' rel=\"noopener\"><span class='avia_hidden_link_text'>Compartir en Twitter<\/span><\/a><\/li><li class='av-share-link av-social-link-whatsapp' ><a target=\"_blank\" aria-label=\"Compartir en Whatsapp\" href='https:\/\/api.whatsapp.com\/send?text=https:\/\/radiorevelacionfm.cl\/?p=17733' aria-hidden='false' data-av_icon='\uf232' data-av_iconfont='entypo-fontello' title='' data-avia-related-tooltip='Compartir en Whatsapp' rel=\"noopener\"><span class='avia_hidden_link_text'>Compartir en Whatsapp<\/span><\/a><\/li><li class='av-share-link av-social-link-linkedin' ><a target=\"_blank\" aria-label=\"Compartir en LinkedIn\" href='https:\/\/linkedin.com\/shareArticle?mini=true&#038;title=Familia%20de%20jinete%20en%20Chile%20Chico%20pide%20pena%20m%C3%A1xima%20para%20el%20imputado%20por%20homicidio&#038;url=https:\/\/radiorevelacionfm.cl\/?p=17733' aria-hidden='false' data-av_icon='\ue8fc' data-av_iconfont='entypo-fontello' title='' data-avia-related-tooltip='Compartir en LinkedIn' rel=\"noopener\"><span class='avia_hidden_link_text'>Compartir en LinkedIn<\/span><\/a><\/li><li class='av-share-link av-social-link-mail' ><a  aria-label=\"Compartir por correo\" href='mailto:?subject=Familia%20de%20jinete%20en%20Chile%20Chico%20pide%20pena%20m%C3%A1xima%20para%20el%20imputado%20por%20homicidio&#038;body=https:\/\/radiorevelacionfm.cl\/?p=17733' aria-hidden='false' data-av_icon='\ue805' data-av_iconfont='entypo-fontello' title='' data-avia-related-tooltip='Compartir por correo'><span class='avia_hidden_link_text'>Compartir por correo<\/span><\/a><\/li><\/ul><\/div><\/div>\n<div  style='height:50px' class='hr hr-invisible   avia-builder-el-8  el_after_av_social_share  el_before_av_comments_list '><span class='hr-inner ' ><span class='hr-inner-style'><\/span><\/span><\/div>\n<div  class='av-buildercomment  av-blog-meta-html-info-disabled av-blog-meta-tag-disabled  '><\/div>\n","protected":false},"excerpt":{"rendered":"","protected":false},"author":1,"featured_media":17735,"comment_status":"open","ping_status":"open","sticky":false,"template":"","format":"standard","meta":{"footnotes":""},"categories":[38],"tags":[],"class_list":["post-17733","post","type-post","status-publish","format-standard","has-post-thumbnail","hentry","category-regional"],"jetpack_featured_media_url":"https:\/\/radiorevelacionfm.cl\/wp-content\/uploads\/2022\/06\/Jinete-Epifanio-1-1.jpg","_links":{"self":[{"href":"https:\/\/radiorevelacionfm.cl\/index.php?rest_route=\/wp\/v2\/posts\/17733","targetHints":{"allow":["GET"]}}],"collection":[{"href":"https:\/\/radiorevelacionfm.cl\/index.php?rest_route=\/wp\/v2\/posts"}],"about":[{"href":"https:\/\/radiorevelacionfm.cl\/index.php?rest_route=\/wp\/v2\/types\/post"}],"author":[{"embeddable":true,"href":"https:\/\/radiorevelacionfm.cl\/index.php?rest_route=\/wp\/v2\/users\/1"}],"replies":[{"embeddable":true,"href":"https:\/\/radiorevelacionfm.cl\/index.php?rest_route=%2Fwp%2Fv2%2Fcomments&post=17733"}],"version-history":[{"count":2,"href":"https:\/\/radiorevelacionfm.cl\/index.php?rest_route=\/wp\/v2\/posts\/17733\/revisions"}],"predecessor-version":[{"id":17737,"href":"https:\/\/radiorevelacionfm.cl\/index.php?rest_route=\/wp\/v2\/posts\/17733\/revisions\/17737"}],"wp:featuredmedia":[{"embeddable":true,"href":"https:\/\/radiorevelacionfm.cl\/index.php?rest_route=\/wp\/v2\/media\/17735"}],"wp:attachment":[{"href":"https:\/\/radiorevelacionfm.cl\/index.php?rest_route=%2Fwp%2Fv2%2Fmedia&parent=17733"}],"wp:term":[{"taxonomy":"category","embeddable":true,"href":"https:\/\/radiorevelacionfm.cl\/index.php?rest_route=%2Fwp%2Fv2%2Fcategories&post=17733"},{"taxonomy":"post_tag","embeddable":true,"href":"https:\/\/radiorevelacionfm.cl\/index.php?rest_route=%2Fwp%2Fv2%2Ftags&post=17733"}],"curies":[{"name":"wp","href":"https:\/\/api.w.org\/{rel}","templated":true}]}}