{"id":17721,"date":"2022-06-08T11:03:02","date_gmt":"2022-06-08T14:03:02","guid":{"rendered":"https:\/\/radiorevelacionfm.cl\/?p=17721"},"modified":"2022-06-08T11:06:54","modified_gmt":"2022-06-08T14:06:54","slug":"consejero-escobar-es-muy-preocupante-la-situacion-de-los-comite-de-vivienda-en-la-provincia-capitan-prat","status":"publish","type":"post","link":"https:\/\/radiorevelacionfm.cl\/?p=17721","title":{"rendered":"Consejero Escobar: \u201cEs muy preocupante la situaci\u00f3n de los Comit\u00e9 de Vivienda en la Provincia Capit\u00e1n Prat\u201d"},"content":{"rendered":"<div class=\"flex_column av_one_full  flex_column_div av-zero-column-padding first  avia-builder-el-0  el_before_av_one_full  avia-builder-el-first  \" style='border-radius:0px; '><div  class='avia-image-container  av-styling-    avia-builder-el-1  avia-builder-el-no-sibling  avia-align-center '  itemprop=\"image\" itemscope=\"itemscope\" itemtype=\"https:\/\/schema.org\/ImageObject\"  ><div class='avia-image-container-inner'><div class='avia-image-overlay-wrap'><img decoding=\"async\" class='wp-image-17727 avia-img-lazy-loading-not-17727 avia_image' src=\"https:\/\/radiorevelacionfm.cl\/wp-content\/uploads\/2022\/06\/image-39-1.jpg\" alt='' title='image (39) (1)' height=\"600\" width=\"977\"  itemprop=\"thumbnailUrl\" srcset=\"https:\/\/radiorevelacionfm.cl\/wp-content\/uploads\/2022\/06\/image-39-1.jpg 977w, https:\/\/radiorevelacionfm.cl\/wp-content\/uploads\/2022\/06\/image-39-1-300x184.jpg 300w, https:\/\/radiorevelacionfm.cl\/wp-content\/uploads\/2022\/06\/image-39-1-768x472.jpg 768w, https:\/\/radiorevelacionfm.cl\/wp-content\/uploads\/2022\/06\/image-39-1-705x433.jpg 705w, https:\/\/radiorevelacionfm.cl\/wp-content\/uploads\/2022\/06\/image-39-1-600x368.jpg 600w\" sizes=\"(max-width: 977px) 100vw, 977px\" \/><\/div><\/div><\/div><\/div><div class=\"flex_column av_one_full  flex_column_div av-zero-column-padding first  avia-builder-el-2  el_after_av_one_full  el_before_av_one_full  column-top-margin\" style='border-radius:0px; '><section class=\"av_textblock_section \"  itemscope=\"itemscope\" itemtype=\"https:\/\/schema.org\/BlogPosting\" itemprop=\"blogPost\" ><div class='avia_textblock  '   itemprop=\"text\" ><p style=\"text-align: center;\"><strong><span style=\"font-size: 18pt;\">Consejero Escobar: \u201cEs muy preocupante la situaci\u00f3n de los Comit\u00e9 de Vivienda en la Provincia Capit\u00e1n Prat\u201d<\/span><\/strong><\/p>\n<div id=\"gtx-trans\" style=\"position: absolute; left: -50px; top: 4.31534px;\">\n<div class=\"gtx-trans-icon\"><\/div>\n<\/div>\n<\/div><\/section><\/div><\/p>\n<div class=\"flex_column av_one_full  flex_column_div av-zero-column-padding first  avia-builder-el-4  el_after_av_one_full  el_before_av_hr  column-top-margin\" style='border-radius:0px; '><section class=\"av_textblock_section \"  itemscope=\"itemscope\" itemtype=\"https:\/\/schema.org\/BlogPosting\" itemprop=\"blogPost\" ><div class='avia_textblock  '   itemprop=\"text\" ><p style=\"text-align: justify;\">Hoy la regi\u00f3n de Ays\u00e9n presenta graves problemas de d\u00e9ficit habitacional, el que en la actualidad mantiene algo m\u00e1s de 1743 familias sin una soluci\u00f3n de vivienda, junto con la lentitud en los procesos habitacionales, donde se observa que cada d\u00eda hay m\u00e1s demanda y los proyectos no se llevan a cabo en los plazos establecidos. Con demoras en algunos casos con m\u00e1s de 6 a\u00f1os para la construcci\u00f3n de un conjunto habitacional.<\/p>\n<p style=\"text-align: justify;\">Sumado a estas importantes problem\u00e1ticas, se encuentra el alza en el precio de los materiales y la mano de obra, situaci\u00f3n que se ha mantenido desde la pandemia por Covid-19, donde se afecta principalmente a las entidades de gesti\u00f3n rural, las cuales quiebran, debido a las implicancias de construir en la regi\u00f3n y principalmente en la Provincia Capit\u00e1n Prat, la m\u00e1s austral de la regi\u00f3n, lo que impacta al desarrollo local y econ\u00f3mico de las comunas.<\/p>\n<p style=\"text-align: justify;\">Frente a estas importantes situaciones, el consejero Escobar destac\u00f3 \u201ces tremendamente preocupante lo que sucede en la provincia Capit\u00e1n Prat, por lo que adem\u00e1s de los lentos procesos y complicaciones en cuanto a la construcci\u00f3n de viviendas, se suma el transporte de materiales, con caminos en malas condiciones y demandas hist\u00f3ricas de una mejor conectividad, lo que repercute en la calidad de cada vivienda construida y finalmente en las familias que deben pasar por extensos procesos desde la presentaci\u00f3n de un proyecto, postulaci\u00f3n, evaluaci\u00f3n y construcci\u00f3n. En definitiva, diferentes tr\u00e1mites que no contribuyen a la soluci\u00f3n de una problem\u00e1tica que por a\u00f1os no tiene \u00e1nimo de acabar\u201d.<\/p>\n<p style=\"text-align: justify;\">Adem\u00e1s de estas complicaciones en las distintas aristas en cuanto a viviendas, existen a\u00fan problemas de terrenos para los distintos conjuntos habitacionales, donde las directivas de cada comit\u00e9 han hecho grandes esfuerzos por llegar a las autoridades competentes en la materia para encontrar respuestas ante sus requerimientos.<\/p>\n<p style=\"text-align: justify;\">En tal sentido, en la actualidad son distintos los conjuntos habitacionales que presentan alg\u00fan tipo de problema referente a la continuidad de sus procesos de postulaci\u00f3n. Como es el caso de 2 de ellos en la comuna de O\u2019Higgins (Bajo Glaciares y Villa Austral) y el Comit\u00e9 Cipr\u00e9s de la Patagonia en Cochrane, el que alberga a un total de 60 familias que a\u00fan no logran concretar el sue\u00f1o de la casa propia donde llevan esperando a\u00fan por un terreno, por alrededor de 5 a\u00f1os.<\/p>\n<p style=\"text-align: justify;\">De acuerdo con los antecedentes mencionados por la autoridad provincial se refiri\u00f3 a la falta de compromiso de las autoridades de gobierno, quienes a 3 meses de su instalaci\u00f3n, a\u00fan no han dado indicios de que acciones tomar frente a los proyectos emblem\u00e1ticos pendientes, adem\u00e1s del trabajo con los grupos de mejoramientos t\u00e9rmicos, aumento de plazos, prorrogas y reajustes de subsidios y la falta de equipos de profesionales en los municipios, fijando hasta el momento una visi\u00f3n centralizada en la capital regional y Puerto Ays\u00e9n.<\/p>\n<p style=\"text-align: justify;\">Finalmente el Consejero Escobar Mardones destac\u00f3 \u201cDebemos llegar a los territorios con una mirada diferente y plantear soluciones a las pol\u00edticas habitacionales desde la regi\u00f3n y dar soluciones concretas e integrales\u00a0 a las familias de zonas extremas. Si bien las nuevas autoridades conocen las localidades, deben comprometer esfuerzos para avanzar en dar dignidad a quienes m\u00e1s lo necesitan y con esto contribuir en la disminuci\u00f3n de un d\u00e9ficit que afecta al crecimiento y desarrollo de las localidades\u201d.<\/p>\n<p style=\"text-align: justify;\"><strong><em>\u00a0<\/em><\/strong><\/p>\n<\/div><\/section><\/div>\n<div  style='height:50px' class='hr hr-invisible   avia-builder-el-6  el_after_av_one_full  el_before_av_social_share '><span class='hr-inner ' ><span class='hr-inner-style'><\/span><\/span><\/div>\n<div  class='av-social-sharing-box  avia-builder-el-7  el_after_av_hr  el_before_av_hr  '><div class='av-share-box'><h5 class='av-share-link-description av-no-toc '>Compartir esta noticia<\/h5><ul class='av-share-box-list noLightbox'><li class='av-share-link av-social-link-facebook' ><a target=\"_blank\" aria-label=\"Compartir en Facebook\" href='https:\/\/www.facebook.com\/sharer.php?u=https:\/\/radiorevelacionfm.cl\/?p=17721&#038;t=Consejero%20Escobar%3A%20%E2%80%9CEs%20muy%20preocupante%20la%20situaci%C3%B3n%20de%20los%20Comit%C3%A9%20de%20Vivienda%20en%20la%20Provincia%20Capit%C3%A1n%20Prat%E2%80%9D' aria-hidden='false' data-av_icon='\ue8f3' data-av_iconfont='entypo-fontello' title='' data-avia-related-tooltip='Compartir en Facebook' rel=\"noopener\"><span class='avia_hidden_link_text'>Compartir en Facebook<\/span><\/a><\/li><li class='av-share-link av-social-link-twitter' ><a target=\"_blank\" aria-label=\"Compartir en Twitter\" href='https:\/\/twitter.com\/share?text=Consejero%20Escobar%3A%20%E2%80%9CEs%20muy%20preocupante%20la%20situaci%C3%B3n%20de%20los%20Comit%C3%A9%20de%20Vivienda%20en%20la%20Provincia%20Capit%C3%A1n%20Prat%E2%80%9D&#038;url=https:\/\/radiorevelacionfm.cl\/?p=17721' aria-hidden='false' data-av_icon='\ue8f1' data-av_iconfont='entypo-fontello' title='' data-avia-related-tooltip='Compartir en Twitter' rel=\"noopener\"><span class='avia_hidden_link_text'>Compartir en Twitter<\/span><\/a><\/li><li class='av-share-link av-social-link-whatsapp' ><a target=\"_blank\" aria-label=\"Compartir en Whatsapp\" href='https:\/\/api.whatsapp.com\/send?text=https:\/\/radiorevelacionfm.cl\/?p=17721' aria-hidden='false' data-av_icon='\uf232' data-av_iconfont='entypo-fontello' title='' data-avia-related-tooltip='Compartir en Whatsapp' rel=\"noopener\"><span class='avia_hidden_link_text'>Compartir en Whatsapp<\/span><\/a><\/li><li class='av-share-link av-social-link-linkedin' ><a target=\"_blank\" aria-label=\"Compartir en LinkedIn\" href='https:\/\/linkedin.com\/shareArticle?mini=true&#038;title=Consejero%20Escobar%3A%20%E2%80%9CEs%20muy%20preocupante%20la%20situaci%C3%B3n%20de%20los%20Comit%C3%A9%20de%20Vivienda%20en%20la%20Provincia%20Capit%C3%A1n%20Prat%E2%80%9D&#038;url=https:\/\/radiorevelacionfm.cl\/?p=17721' aria-hidden='false' data-av_icon='\ue8fc' data-av_iconfont='entypo-fontello' title='' data-avia-related-tooltip='Compartir en LinkedIn' rel=\"noopener\"><span class='avia_hidden_link_text'>Compartir en LinkedIn<\/span><\/a><\/li><li class='av-share-link av-social-link-mail' ><a  aria-label=\"Compartir por correo\" href='mailto:?subject=Consejero%20Escobar%3A%20%E2%80%9CEs%20muy%20preocupante%20la%20situaci%C3%B3n%20de%20los%20Comit%C3%A9%20de%20Vivienda%20en%20la%20Provincia%20Capit%C3%A1n%20Prat%E2%80%9D&#038;body=https:\/\/radiorevelacionfm.cl\/?p=17721' aria-hidden='false' data-av_icon='\ue805' data-av_iconfont='entypo-fontello' title='' data-avia-related-tooltip='Compartir por correo'><span class='avia_hidden_link_text'>Compartir por correo<\/span><\/a><\/li><\/ul><\/div><\/div>\n<div  style='height:50px' class='hr hr-invisible   avia-builder-el-8  el_after_av_social_share  el_before_av_comments_list '><span class='hr-inner ' ><span class='hr-inner-style'><\/span><\/span><\/div>\n<div  class='av-buildercomment  av-blog-meta-html-info-disabled av-blog-meta-tag-disabled  '><\/div>\n","protected":false},"excerpt":{"rendered":"","protected":false},"author":1,"featured_media":17727,"comment_status":"open","ping_status":"open","sticky":false,"template":"","format":"standard","meta":{"footnotes":""},"categories":[38],"tags":[],"class_list":["post-17721","post","type-post","status-publish","format-standard","has-post-thumbnail","hentry","category-regional"],"jetpack_featured_media_url":"https:\/\/radiorevelacionfm.cl\/wp-content\/uploads\/2022\/06\/image-39-1.jpg","_links":{"self":[{"href":"https:\/\/radiorevelacionfm.cl\/index.php?rest_route=\/wp\/v2\/posts\/17721","targetHints":{"allow":["GET"]}}],"collection":[{"href":"https:\/\/radiorevelacionfm.cl\/index.php?rest_route=\/wp\/v2\/posts"}],"about":[{"href":"https:\/\/radiorevelacionfm.cl\/index.php?rest_route=\/wp\/v2\/types\/post"}],"author":[{"embeddable":true,"href":"https:\/\/radiorevelacionfm.cl\/index.php?rest_route=\/wp\/v2\/users\/1"}],"replies":[{"embeddable":true,"href":"https:\/\/radiorevelacionfm.cl\/index.php?rest_route=%2Fwp%2Fv2%2Fcomments&post=17721"}],"version-history":[{"count":3,"href":"https:\/\/radiorevelacionfm.cl\/index.php?rest_route=\/wp\/v2\/posts\/17721\/revisions"}],"predecessor-version":[{"id":17726,"href":"https:\/\/radiorevelacionfm.cl\/index.php?rest_route=\/wp\/v2\/posts\/17721\/revisions\/17726"}],"wp:featuredmedia":[{"embeddable":true,"href":"https:\/\/radiorevelacionfm.cl\/index.php?rest_route=\/wp\/v2\/media\/17727"}],"wp:attachment":[{"href":"https:\/\/radiorevelacionfm.cl\/index.php?rest_route=%2Fwp%2Fv2%2Fmedia&parent=17721"}],"wp:term":[{"taxonomy":"category","embeddable":true,"href":"https:\/\/radiorevelacionfm.cl\/index.php?rest_route=%2Fwp%2Fv2%2Fcategories&post=17721"},{"taxonomy":"post_tag","embeddable":true,"href":"https:\/\/radiorevelacionfm.cl\/index.php?rest_route=%2Fwp%2Fv2%2Ftags&post=17721"}],"curies":[{"name":"wp","href":"https:\/\/api.w.org\/{rel}","templated":true}]}}