{"id":17710,"date":"2022-06-08T10:32:11","date_gmt":"2022-06-08T13:32:11","guid":{"rendered":"https:\/\/radiorevelacionfm.cl\/?p=17710"},"modified":"2022-06-08T10:32:11","modified_gmt":"2022-06-08T13:32:11","slug":"entregan-recursos-para-iniciar-proyecto-ambiental-a-centro-de-padres-del-jardin-futuro-austral","status":"publish","type":"post","link":"https:\/\/radiorevelacionfm.cl\/?p=17710","title":{"rendered":"Entregan recursos para iniciar proyecto ambiental a Centro de Padres del Jard\u00edn Futuro Austral"},"content":{"rendered":"<div class=\"flex_column av_one_full  flex_column_div av-zero-column-padding first  avia-builder-el-0  el_before_av_one_full  avia-builder-el-first  \" style='border-radius:0px; '><div  class='avia-image-container  av-styling-    avia-builder-el-1  avia-builder-el-no-sibling  avia-align-center '  itemprop=\"image\" itemscope=\"itemscope\" itemtype=\"https:\/\/schema.org\/ImageObject\"  ><div class='avia-image-container-inner'><div class='avia-image-overlay-wrap'><img decoding=\"async\" class='wp-image-17711 avia-img-lazy-loading-not-17711 avia_image' src=\"https:\/\/radiorevelacionfm.cl\/wp-content\/uploads\/2022\/06\/dji_0545-1-1_optimized.jpg\" alt='' title='dji_0545-(1)-(1)_optimized' height=\"600\" width=\"1067\"  itemprop=\"thumbnailUrl\" srcset=\"https:\/\/radiorevelacionfm.cl\/wp-content\/uploads\/2022\/06\/dji_0545-1-1_optimized.jpg 1067w, https:\/\/radiorevelacionfm.cl\/wp-content\/uploads\/2022\/06\/dji_0545-1-1_optimized-300x169.jpg 300w, https:\/\/radiorevelacionfm.cl\/wp-content\/uploads\/2022\/06\/dji_0545-1-1_optimized-1030x579.jpg 1030w, https:\/\/radiorevelacionfm.cl\/wp-content\/uploads\/2022\/06\/dji_0545-1-1_optimized-768x432.jpg 768w, https:\/\/radiorevelacionfm.cl\/wp-content\/uploads\/2022\/06\/dji_0545-1-1_optimized-705x396.jpg 705w, https:\/\/radiorevelacionfm.cl\/wp-content\/uploads\/2022\/06\/dji_0545-1-1_optimized-600x337.jpg 600w\" sizes=\"(max-width: 1067px) 100vw, 1067px\" \/><\/div><\/div><\/div><\/div><div class=\"flex_column av_one_full  flex_column_div av-zero-column-padding first  avia-builder-el-2  el_after_av_one_full  el_before_av_one_full  column-top-margin\" style='border-radius:0px; '><section class=\"av_textblock_section \"  itemscope=\"itemscope\" itemtype=\"https:\/\/schema.org\/BlogPosting\" itemprop=\"blogPost\" ><div class='avia_textblock  '   itemprop=\"text\" ><p style=\"text-align: center;\"><strong><span style=\"font-size: 18pt;\">Entregan recursos para iniciar proyecto ambiental a Centro de Padres del Jard\u00edn Futuro Austral<\/span><\/strong><\/p>\n<div id=\"gtx-trans\" style=\"position: absolute; left: -50px; top: 4.31534px;\">\n<div class=\"gtx-trans-icon\"><\/div>\n<\/div>\n<\/div><\/section><\/div><div class=\"flex_column av_one_full  flex_column_div av-zero-column-padding first  avia-builder-el-4  el_after_av_one_full  el_before_av_hr  column-top-margin\" style='border-radius:0px; '><section class=\"av_textblock_section \"  itemscope=\"itemscope\" itemtype=\"https:\/\/schema.org\/BlogPosting\" itemprop=\"blogPost\" ><div class='avia_textblock  '   itemprop=\"text\" ><p style=\"text-align: justify;\">En los pasillos del Jard\u00edn Infantil Futuro Austral se dieron cita los y las peque\u00f1as del establecimiento, el centro de padres del jard\u00edn infantil, educadoras, la encargada de medio ambiente del Municipio de Coyhaique y el SEREMI del Medio Ambiente, para participar de una actividad en el marco del d\u00eda del Medio Ambiente y adem\u00e1s dar inicio oficialmente al proyecto del Fondo de Protecci\u00f3n Ambiental FPA adjudicado por dicha comunidad educativa.<\/p>\n<p style=\"text-align: justify;\">\u201cNos reunimos con esta comunidad educativa y un contingente importante de ni\u00f1os y ni\u00f1as para hacerles entrega del cheque del proyecto FPA para la construcci\u00f3n de un huerto para la primera infancia y es una instancia hermosa ver a ni\u00f1os y ni\u00f1as compartir, jugar con la tierra pero adem\u00e1s, conocer, aprender y valorar lo que estaban realizando, que es la esencia de estos FPA, de la educaci\u00f3n ambiental y lo que queremos transmitir a la ciudadan\u00eda\u201d, destac\u00f3 el SEREMI del Medio Ambiente, Juli\u00e1n C\u00e1rdenas.<\/p>\n<p style=\"text-align: justify;\">Los ni\u00f1os y ni\u00f1as del jard\u00edn expusieron por estaciones el proceso en el que participan para la separaci\u00f3n de la tierra, lombrices y plantado de las semillas que ir\u00e1n destinadas al proyecto \u201c<em>Huerto, Salud y Vida desde Primera Infancia<\/em>\u201d, actividades que forman parte del curr\u00edculum de educaci\u00f3n ambiental del jard\u00edn Infantil Futuro Austral, que cuenta con la certificaci\u00f3n Ambiental SNCAE de excelencia por parte del Ministerio del Medio Ambiente. El establecimiento ya ha adjudicado un proyecto FPA previamente, con lo que lograron construir un punto limpio para la comunidad educativa y hoy, mediante esta nueva oportunidad, esperan avanzar en educaci\u00f3n ambiental \u201cel proyecto consiste en talleres para la familia, la comunidad, sobre el huerto que vamos a construir con recolecci\u00f3n de aguas lluvia\u201d explic\u00f3 la encargada de medio ambiente del jard\u00edn infantil, Yannia P\u00e9rez, agregando que tienen consideradas tambi\u00e9n actividades de aprendizaje en hierbas medicinales, compostaje y eficiencia energ\u00e9tica, entre otros.<\/p>\n<p style=\"text-align: justify;\">El cheque por los 4 millones de pesos que consideran los fondos sectoriales del Ministerio del Medio Ambiente para esta iniciativa, fue entregado al Presidente del Centro de Padres, Ignacio Matus quien agradeci\u00f3 el apoyo de las profesionales del jard\u00edn en la presentaci\u00f3n del proyecto y relev\u00f3 la importancia del mismo para \u201cjustamente para fomentar en nuestros hijos el cuidado del medio ambiente, conocer plantas de uso diario y de ayuda para nuestras familias, as\u00ed que estamos contentos porque esto va a ayudar a nuestra comunidad, nuestros hijos y a las futuras generaciones\u201d, recalc\u00f3 Matus.<\/p>\n<p style=\"text-align: justify;\">El Fondo de Protecci\u00f3n Ambiental FPA es el primer fondo concursable de car\u00e1cter nacional con que cuenta el Estado de Chile para para apoyar iniciativas ciudadanas y financiar total o parcialmente proyectos o actividades orientados a la protecci\u00f3n o reparaci\u00f3n del medio ambiente. El proyecto adjudicado por el centro general de Padres corresponde al Concurso Iniciativas Sustentables de Establecimientos Educacionales del FPA 2022 y consiste en construir e implementar un invernadero escolar y sistema de compostaje para trabajar con los ni\u00f1os y ni\u00f1as temas de educaci\u00f3n ambiental en suelo, biodiversidad, cambio clim\u00e1tico, residuos, etc.<\/p>\n<p style=\"text-align: justify;\">Finalmente el SEREMI Juli\u00e1n C\u00e1rdenas, felicit\u00f3 a la comunidad educativa del jard\u00edn infantil Futuro Austral y aprovech\u00f3 de invitar a los vecinos y vecinas de Coyhaique y Puerto Ays\u00e9n, a sumarse a las actividades contempladas para esta semana, en el marco del d\u00eda del medio ambiente y que forman parte del programa FNDR impulsado junto al Gobierno Regional de Ays\u00e9n para Educaci\u00f3n Ambiental en Calidad del Aire. As\u00ed inform\u00f3 que se realizar\u00e1n 3 actividades que consideran: \u201cFeria Ambiental Educativa\u201d que tendr\u00e1 lugar en el centro cultural de Puerto Ays\u00e9n este mi\u00e9rcoles 8 desde las 14:00 horas ; un seminario en \u201cEducaci\u00f3n Ambiental y Contaminaci\u00f3n atmosf\u00e9rica: una mirada desde la educaci\u00f3n formal y la ciudadan\u00eda\u201d, a realizarse el d\u00eda jueves 9 de junio a las 9:00 horas en el auditorio de la IV divisi\u00f3n de Ej\u00e9rcito de Coyhaique; y una Feria Ciudadana en contaminaci\u00f3n atmosf\u00e9rica, el d\u00eda viernes 10 de junio desde las 14.00 horas en el gimnasio del Liceo San Felipe Benicio de Coyhaique; la autoridad invit\u00f3 a toda la comunidad a sumarse a las actividades y a revisar mayores detalles en las redes sociales de la SEREMI del Medio Ambiente.<\/p>\n<\/div><\/section><\/div><div  style='height:50px' class='hr hr-invisible   avia-builder-el-6  el_after_av_one_full  el_before_av_social_share '><span class='hr-inner ' ><span class='hr-inner-style'><\/span><\/span><\/div><\/p>\n<div  class='av-social-sharing-box  avia-builder-el-7  el_after_av_hr  el_before_av_hr  '><div class='av-share-box'><h5 class='av-share-link-description av-no-toc '>Compartir esta noticia<\/h5><ul class='av-share-box-list noLightbox'><li class='av-share-link av-social-link-facebook' ><a target=\"_blank\" aria-label=\"Compartir en Facebook\" href='https:\/\/www.facebook.com\/sharer.php?u=https:\/\/radiorevelacionfm.cl\/?p=17710&#038;t=Entregan%20recursos%20para%20iniciar%20proyecto%20ambiental%20a%20Centro%20de%20Padres%20del%20Jard%C3%ADn%20Futuro%20Austral' aria-hidden='false' data-av_icon='\ue8f3' data-av_iconfont='entypo-fontello' title='' data-avia-related-tooltip='Compartir en Facebook' rel=\"noopener\"><span class='avia_hidden_link_text'>Compartir en Facebook<\/span><\/a><\/li><li class='av-share-link av-social-link-twitter' ><a target=\"_blank\" aria-label=\"Compartir en Twitter\" href='https:\/\/twitter.com\/share?text=Entregan%20recursos%20para%20iniciar%20proyecto%20ambiental%20a%20Centro%20de%20Padres%20del%20Jard%C3%ADn%20Futuro%20Austral&#038;url=https:\/\/radiorevelacionfm.cl\/?p=17710' aria-hidden='false' data-av_icon='\ue8f1' data-av_iconfont='entypo-fontello' title='' data-avia-related-tooltip='Compartir en Twitter' rel=\"noopener\"><span class='avia_hidden_link_text'>Compartir en Twitter<\/span><\/a><\/li><li class='av-share-link av-social-link-whatsapp' ><a target=\"_blank\" aria-label=\"Compartir en Whatsapp\" href='https:\/\/api.whatsapp.com\/send?text=https:\/\/radiorevelacionfm.cl\/?p=17710' aria-hidden='false' data-av_icon='\uf232' data-av_iconfont='entypo-fontello' title='' data-avia-related-tooltip='Compartir en Whatsapp' rel=\"noopener\"><span class='avia_hidden_link_text'>Compartir en Whatsapp<\/span><\/a><\/li><li class='av-share-link av-social-link-linkedin' ><a target=\"_blank\" aria-label=\"Compartir en LinkedIn\" href='https:\/\/linkedin.com\/shareArticle?mini=true&#038;title=Entregan%20recursos%20para%20iniciar%20proyecto%20ambiental%20a%20Centro%20de%20Padres%20del%20Jard%C3%ADn%20Futuro%20Austral&#038;url=https:\/\/radiorevelacionfm.cl\/?p=17710' aria-hidden='false' data-av_icon='\ue8fc' data-av_iconfont='entypo-fontello' title='' data-avia-related-tooltip='Compartir en LinkedIn' rel=\"noopener\"><span class='avia_hidden_link_text'>Compartir en LinkedIn<\/span><\/a><\/li><li class='av-share-link av-social-link-mail' ><a  aria-label=\"Compartir por correo\" href='mailto:?subject=Entregan%20recursos%20para%20iniciar%20proyecto%20ambiental%20a%20Centro%20de%20Padres%20del%20Jard%C3%ADn%20Futuro%20Austral&#038;body=https:\/\/radiorevelacionfm.cl\/?p=17710' aria-hidden='false' data-av_icon='\ue805' data-av_iconfont='entypo-fontello' title='' data-avia-related-tooltip='Compartir por correo'><span class='avia_hidden_link_text'>Compartir por correo<\/span><\/a><\/li><\/ul><\/div><\/div>\n<div  style='height:50px' class='hr hr-invisible   avia-builder-el-8  el_after_av_social_share  el_before_av_comments_list '><span class='hr-inner ' ><span class='hr-inner-style'><\/span><\/span><\/div>\n<div  class='av-buildercomment  av-blog-meta-html-info-disabled av-blog-meta-tag-disabled  '><\/div>\n","protected":false},"excerpt":{"rendered":"","protected":false},"author":1,"featured_media":17711,"comment_status":"open","ping_status":"open","sticky":false,"template":"","format":"standard","meta":{"footnotes":""},"categories":[39],"tags":[],"class_list":["post-17710","post","type-post","status-publish","format-standard","has-post-thumbnail","hentry","category-medio-ambiente"],"jetpack_featured_media_url":"https:\/\/radiorevelacionfm.cl\/wp-content\/uploads\/2022\/06\/dji_0545-1-1_optimized.jpg","_links":{"self":[{"href":"https:\/\/radiorevelacionfm.cl\/index.php?rest_route=\/wp\/v2\/posts\/17710","targetHints":{"allow":["GET"]}}],"collection":[{"href":"https:\/\/radiorevelacionfm.cl\/index.php?rest_route=\/wp\/v2\/posts"}],"about":[{"href":"https:\/\/radiorevelacionfm.cl\/index.php?rest_route=\/wp\/v2\/types\/post"}],"author":[{"embeddable":true,"href":"https:\/\/radiorevelacionfm.cl\/index.php?rest_route=\/wp\/v2\/users\/1"}],"replies":[{"embeddable":true,"href":"https:\/\/radiorevelacionfm.cl\/index.php?rest_route=%2Fwp%2Fv2%2Fcomments&post=17710"}],"version-history":[{"count":2,"href":"https:\/\/radiorevelacionfm.cl\/index.php?rest_route=\/wp\/v2\/posts\/17710\/revisions"}],"predecessor-version":[{"id":17725,"href":"https:\/\/radiorevelacionfm.cl\/index.php?rest_route=\/wp\/v2\/posts\/17710\/revisions\/17725"}],"wp:featuredmedia":[{"embeddable":true,"href":"https:\/\/radiorevelacionfm.cl\/index.php?rest_route=\/wp\/v2\/media\/17711"}],"wp:attachment":[{"href":"https:\/\/radiorevelacionfm.cl\/index.php?rest_route=%2Fwp%2Fv2%2Fmedia&parent=17710"}],"wp:term":[{"taxonomy":"category","embeddable":true,"href":"https:\/\/radiorevelacionfm.cl\/index.php?rest_route=%2Fwp%2Fv2%2Fcategories&post=17710"},{"taxonomy":"post_tag","embeddable":true,"href":"https:\/\/radiorevelacionfm.cl\/index.php?rest_route=%2Fwp%2Fv2%2Ftags&post=17710"}],"curies":[{"name":"wp","href":"https:\/\/api.w.org\/{rel}","templated":true}]}}