{"id":17704,"date":"2022-06-07T19:24:24","date_gmt":"2022-06-07T22:24:24","guid":{"rendered":"https:\/\/radiorevelacionfm.cl\/?p=17704"},"modified":"2022-06-07T19:24:24","modified_gmt":"2022-06-07T22:24:24","slug":"siete-medicos-y-una-odontologa-reforzaran-el-trabajo-de-la-red-de-salud-en-localidades-desde-melinka-a-villa-ohiggins","status":"publish","type":"post","link":"https:\/\/radiorevelacionfm.cl\/?p=17704","title":{"rendered":"Siete m\u00e9dicos y una odont\u00f3loga reforzar\u00e1n el trabajo de la Red de Salud en localidades desde Melinka a Villa O\u2019Higgins"},"content":{"rendered":"<div class=\"flex_column av_one_full  flex_column_div av-zero-column-padding first  avia-builder-el-0  el_before_av_one_full  avia-builder-el-first  \" style='border-radius:0px; '><div  class='avia-image-container  av-styling-    avia-builder-el-1  avia-builder-el-no-sibling  avia-align-center '  itemprop=\"image\" itemscope=\"itemscope\" itemtype=\"https:\/\/schema.org\/ImageObject\"  ><div class='avia-image-container-inner'><div class='avia-image-overlay-wrap'><img decoding=\"async\" class='wp-image-17706 avia-img-lazy-loading-not-17706 avia_image' src=\"https:\/\/radiorevelacionfm.cl\/wp-content\/uploads\/2022\/06\/nuevos-profesionales-2022-06-07-1_optimized.jpeg\" alt='' title='nuevos-profesionales-2022-06-07-(1)_optimized' height=\"600\" width=\"800\"  itemprop=\"thumbnailUrl\" srcset=\"https:\/\/radiorevelacionfm.cl\/wp-content\/uploads\/2022\/06\/nuevos-profesionales-2022-06-07-1_optimized.jpeg 800w, https:\/\/radiorevelacionfm.cl\/wp-content\/uploads\/2022\/06\/nuevos-profesionales-2022-06-07-1_optimized-300x225.jpeg 300w, https:\/\/radiorevelacionfm.cl\/wp-content\/uploads\/2022\/06\/nuevos-profesionales-2022-06-07-1_optimized-768x576.jpeg 768w, https:\/\/radiorevelacionfm.cl\/wp-content\/uploads\/2022\/06\/nuevos-profesionales-2022-06-07-1_optimized-705x529.jpeg 705w, https:\/\/radiorevelacionfm.cl\/wp-content\/uploads\/2022\/06\/nuevos-profesionales-2022-06-07-1_optimized-600x450.jpeg 600w\" sizes=\"(max-width: 800px) 100vw, 800px\" \/><\/div><\/div><\/div><\/div><div class=\"flex_column av_one_full  flex_column_div av-zero-column-padding first  avia-builder-el-2  el_after_av_one_full  el_before_av_one_full  column-top-margin\" style='border-radius:0px; '><section class=\"av_textblock_section \"  itemscope=\"itemscope\" itemtype=\"https:\/\/schema.org\/BlogPosting\" itemprop=\"blogPost\" ><div class='avia_textblock  '   itemprop=\"text\" ><p style=\"text-align: center;\"><strong><span style=\"font-size: 18pt;\">Siete m\u00e9dicos y una odont\u00f3loga reforzar\u00e1n el trabajo de la Red de Salud en localidades desde Melinka a Villa O\u2019Higgins<\/span><\/strong><\/p>\n<div id=\"gtx-trans\" style=\"position: absolute; left: -50px; top: 4.31534px;\">\n<div class=\"gtx-trans-icon\"><\/div>\n<\/div>\n<\/div><\/section><\/div><div class=\"flex_column av_one_full  flex_column_div av-zero-column-padding first  avia-builder-el-4  el_after_av_one_full  el_before_av_hr  column-top-margin\" style='border-radius:0px; '><section class=\"av_textblock_section \"  itemscope=\"itemscope\" itemtype=\"https:\/\/schema.org\/BlogPosting\" itemprop=\"blogPost\" ><div class='avia_textblock  '   itemprop=\"text\" ><p style=\"font-weight: 400; text-align: justify;\">Ocho nuevos profesionales, siete m\u00e9dicas y m\u00e9dicos y una odont\u00f3loga, se sumar\u00e1n a partir de esta semana al sistema de Atenci\u00f3n Primaria (APS) de la regi\u00f3n de Ays\u00e9n, tras escoger diversas plazas rurales en su Etapa de Destinaci\u00f3n y Formaci\u00f3n (EDF), contemplada en el Concurso Nacional de Ingreso al Sistema de Servicio de Salud (CONISS).<\/p>\n<p style=\"font-weight: 400; text-align: justify;\">Con esto se avanza en uno de los objetivos del Programa de Gobierno del Presidente Gabriel Boric, que es fortalecer la salud territorial priorizando las acciones de prevenci\u00f3n, promoci\u00f3n y atenci\u00f3n, entendiendo que la APS es el primer punto de contacto y articulador del sistema de salud.<\/p>\n<p style=\"font-weight: 400; text-align: justify;\">La Doctora Paulina Oyarce Contreras, es una de las m\u00e9dicas que se sumar\u00e1 al equipo del Servicio de Salud Ays\u00e9n, espec\u00edficamente en Villa O\u2019Higgins. \u201cConozco solo por fotos, siempre me ha llamado la atenci\u00f3n mucho la Regi\u00f3n de Ays\u00e9n y la verdad es que lo escog\u00ed, porque me gusta mucho la ruralidad. Lo que no conozco es la cultura patagona, eso me tiene con un poco de incertidumbre, pero con todas las ganas de aportar a toda la comunidad\u201d, se\u00f1al\u00f3.<\/p>\n<p style=\"font-weight: 400; text-align: justify;\">Durante los pr\u00f3ximos a\u00f1os las y los profesionales en Etapa de Destinaci\u00f3n y Formaci\u00f3n generar\u00e1n un estrecho v\u00ednculo con las comunidades a las que pertenecen las Postas de Salud Rural que seleccionaron cumpliendo diversas funciones de atenci\u00f3n, prevenci\u00f3n y educaci\u00f3n.<\/p>\n<p style=\"font-weight: 400; text-align: justify;\">\u201cEleg\u00ed la plaza de la Posta de Salud Rural de Caleta Andrade, es mi primera vez por estos lados y estoy encantando del lugar, es espectacular. Espero que sea una gran experiencia y poder ayudar lo m\u00e1s que pueda a la comunidad\u201d, indic\u00f3 el Dr. Francisco Requena, m\u00e9dico egresado de la Universidad Austral de Chile.<\/p>\n<p style=\"font-weight: 400; text-align: justify;\">La \u00fanica dentista del grupo de profesionales, escogi\u00f3 la Posta de Salud Rural de Caleta Tortel para su desempe\u00f1o profesional durante los pr\u00f3ximos a\u00f1os y se mostr\u00f3 expectante y con muchas ganas de ser un aporte para la comunidad tortelina.<\/p>\n<p style=\"font-weight: 400; text-align: justify;\">\u201cNo conoc\u00eda la regi\u00f3n, es una sorpresa llegar y conocer Caleta Tortel, conoc\u00eda solo por fotos, s\u00e9 que son poquitos habitantes y que hay muchos problemas de conectividad, as\u00ed que la Posta es un gran apoyo para la comunidad\u201d, expres\u00f3 Camila Paredes Toledo, odont\u00f3loga de la Universidad de Valpara\u00edso.<\/p>\n<p style=\"font-weight: 400; text-align: justify;\">Las y los profesionales participaron este lunes y martes de una jornada de inducci\u00f3n, desarrollada en el Museo Regional de Ays\u00e9n, donde recibieron la bienvenida de las autoridades del sector.<\/p>\n<p style=\"font-weight: 400; text-align: justify;\">La Seremi de Salud, Carmen Gloria Monsalve, destac\u00f3 que \u201ces una gran gesti\u00f3n del Director, es un gran trabajo que \u00e9l ha levantado para poder ver d\u00f3nde se posicionan los profesionales y que por supuesto es una gran oportunidad para fortalecer todo lo que tiene que ver con APS, el modelo de Salud Familiar y Comunitaria y tener un acceso m\u00e1s oportuno a la salud\u201d<\/p>\n<p style=\"font-weight: 400; text-align: justify;\">\u201cEllos en los pr\u00f3ximos d\u00edas ya deber\u00edan estar en sus localidades, tenemos comunidades con altos requerimientos y con estos profesionales esperamos poder ense\u00f1ar a las vecinas y vecinos a realizar este programa de Salud Familiar y este m\u00e9dico de cabecera que estar\u00e1 en cada una de las comunidades\u201d, agreg\u00f3 tras la recepci\u00f3n el Director del Servicio de Salud Ays\u00e9n, Gabriel Burgos.<\/p>\n<p style=\"font-weight: 400; text-align: justify;\">Las doctoras, doctores y dentista, durante su Etapa de Destinaci\u00f3n y Formaci\u00f3n, contar\u00e1n con el apoyo de toda la Red Asistencial Regional para que logren cumplir sus objetivos.<\/p>\n<p style=\"font-weight: 400; text-align: justify;\">\u201cTenemos importantes falencias de salud en las comunidades m\u00e1s alejadas y estos profesionales que vienen de universidades con un profundo sentido p\u00fablico se van a desplegar en comunas como Melinka, Villa O\u2019Higgins e Islas Huichas que para nosotros son sectores prioritarios. Les deseamos el mayor de los \u00e9xitos y contar\u00e1n con todo nuestro apoyo\u201d indic\u00f3 el Subdirector de Gesti\u00f3n Asistencial, Hern\u00e1n Barrientos.<\/p>\n<p style=\"font-weight: 400; text-align: justify;\">El per\u00edodo de destinaci\u00f3n durar\u00e1 entre 3 y 6 a\u00f1os y beneficiar\u00e1 este 2022 a Melinka, CESFAM La Junta, Caleta Andrade, Ma\u00f1ihuales, Cerro Castillo, Caleta Tortel y Villa O\u2019Higgins.<\/p>\n<\/div><\/section><\/div><div  style='height:50px' class='hr hr-invisible   avia-builder-el-6  el_after_av_one_full  el_before_av_social_share '><span class='hr-inner ' ><span class='hr-inner-style'><\/span><\/span><\/div><\/p>\n<div  class='av-social-sharing-box  avia-builder-el-7  el_after_av_hr  el_before_av_hr  '><div class='av-share-box'><h5 class='av-share-link-description av-no-toc '>Compartir esta noticia<\/h5><ul class='av-share-box-list noLightbox'><li class='av-share-link av-social-link-facebook' ><a target=\"_blank\" aria-label=\"Compartir en Facebook\" href='https:\/\/www.facebook.com\/sharer.php?u=https:\/\/radiorevelacionfm.cl\/?p=17704&#038;t=Siete%20m%C3%A9dicos%20y%20una%20odont%C3%B3loga%20reforzar%C3%A1n%20el%20trabajo%20de%20la%20Red%20de%20Salud%20en%20localidades%20desde%20Melinka%20a%20Villa%20O%E2%80%99Higgins' aria-hidden='false' data-av_icon='\ue8f3' data-av_iconfont='entypo-fontello' title='' data-avia-related-tooltip='Compartir en Facebook' rel=\"noopener\"><span class='avia_hidden_link_text'>Compartir en Facebook<\/span><\/a><\/li><li class='av-share-link av-social-link-twitter' ><a target=\"_blank\" aria-label=\"Compartir en Twitter\" href='https:\/\/twitter.com\/share?text=Siete%20m%C3%A9dicos%20y%20una%20odont%C3%B3loga%20reforzar%C3%A1n%20el%20trabajo%20de%20la%20Red%20de%20Salud%20en%20localidades%20desde%20Melinka%20a%20Villa%20O%E2%80%99Higgins&#038;url=https:\/\/radiorevelacionfm.cl\/?p=17704' aria-hidden='false' data-av_icon='\ue8f1' data-av_iconfont='entypo-fontello' title='' data-avia-related-tooltip='Compartir en Twitter' rel=\"noopener\"><span class='avia_hidden_link_text'>Compartir en Twitter<\/span><\/a><\/li><li class='av-share-link av-social-link-whatsapp' ><a target=\"_blank\" aria-label=\"Compartir en Whatsapp\" href='https:\/\/api.whatsapp.com\/send?text=https:\/\/radiorevelacionfm.cl\/?p=17704' aria-hidden='false' data-av_icon='\uf232' data-av_iconfont='entypo-fontello' title='' data-avia-related-tooltip='Compartir en Whatsapp' rel=\"noopener\"><span class='avia_hidden_link_text'>Compartir en Whatsapp<\/span><\/a><\/li><li class='av-share-link av-social-link-linkedin' ><a target=\"_blank\" aria-label=\"Compartir en LinkedIn\" href='https:\/\/linkedin.com\/shareArticle?mini=true&#038;title=Siete%20m%C3%A9dicos%20y%20una%20odont%C3%B3loga%20reforzar%C3%A1n%20el%20trabajo%20de%20la%20Red%20de%20Salud%20en%20localidades%20desde%20Melinka%20a%20Villa%20O%E2%80%99Higgins&#038;url=https:\/\/radiorevelacionfm.cl\/?p=17704' aria-hidden='false' data-av_icon='\ue8fc' data-av_iconfont='entypo-fontello' title='' data-avia-related-tooltip='Compartir en LinkedIn' rel=\"noopener\"><span class='avia_hidden_link_text'>Compartir en LinkedIn<\/span><\/a><\/li><li class='av-share-link av-social-link-mail' ><a  aria-label=\"Compartir por correo\" href='mailto:?subject=Siete%20m%C3%A9dicos%20y%20una%20odont%C3%B3loga%20reforzar%C3%A1n%20el%20trabajo%20de%20la%20Red%20de%20Salud%20en%20localidades%20desde%20Melinka%20a%20Villa%20O%E2%80%99Higgins&#038;body=https:\/\/radiorevelacionfm.cl\/?p=17704' aria-hidden='false' data-av_icon='\ue805' data-av_iconfont='entypo-fontello' title='' data-avia-related-tooltip='Compartir por correo'><span class='avia_hidden_link_text'>Compartir por correo<\/span><\/a><\/li><\/ul><\/div><\/div>\n<div  style='height:50px' class='hr hr-invisible   avia-builder-el-8  el_after_av_social_share  el_before_av_comments_list '><span class='hr-inner ' ><span class='hr-inner-style'><\/span><\/span><\/div>\n<div  class='av-buildercomment  av-blog-meta-html-info-disabled av-blog-meta-tag-disabled  '><\/div>\n","protected":false},"excerpt":{"rendered":"","protected":false},"author":1,"featured_media":17706,"comment_status":"open","ping_status":"open","sticky":false,"template":"","format":"standard","meta":{"footnotes":""},"categories":[46],"tags":[],"class_list":["post-17704","post","type-post","status-publish","format-standard","has-post-thumbnail","hentry","category-salud"],"jetpack_featured_media_url":"https:\/\/radiorevelacionfm.cl\/wp-content\/uploads\/2022\/06\/nuevos-profesionales-2022-06-07-1_optimized.jpeg","_links":{"self":[{"href":"https:\/\/radiorevelacionfm.cl\/index.php?rest_route=\/wp\/v2\/posts\/17704","targetHints":{"allow":["GET"]}}],"collection":[{"href":"https:\/\/radiorevelacionfm.cl\/index.php?rest_route=\/wp\/v2\/posts"}],"about":[{"href":"https:\/\/radiorevelacionfm.cl\/index.php?rest_route=\/wp\/v2\/types\/post"}],"author":[{"embeddable":true,"href":"https:\/\/radiorevelacionfm.cl\/index.php?rest_route=\/wp\/v2\/users\/1"}],"replies":[{"embeddable":true,"href":"https:\/\/radiorevelacionfm.cl\/index.php?rest_route=%2Fwp%2Fv2%2Fcomments&post=17704"}],"version-history":[{"count":2,"href":"https:\/\/radiorevelacionfm.cl\/index.php?rest_route=\/wp\/v2\/posts\/17704\/revisions"}],"predecessor-version":[{"id":17709,"href":"https:\/\/radiorevelacionfm.cl\/index.php?rest_route=\/wp\/v2\/posts\/17704\/revisions\/17709"}],"wp:featuredmedia":[{"embeddable":true,"href":"https:\/\/radiorevelacionfm.cl\/index.php?rest_route=\/wp\/v2\/media\/17706"}],"wp:attachment":[{"href":"https:\/\/radiorevelacionfm.cl\/index.php?rest_route=%2Fwp%2Fv2%2Fmedia&parent=17704"}],"wp:term":[{"taxonomy":"category","embeddable":true,"href":"https:\/\/radiorevelacionfm.cl\/index.php?rest_route=%2Fwp%2Fv2%2Fcategories&post=17704"},{"taxonomy":"post_tag","embeddable":true,"href":"https:\/\/radiorevelacionfm.cl\/index.php?rest_route=%2Fwp%2Fv2%2Ftags&post=17704"}],"curies":[{"name":"wp","href":"https:\/\/api.w.org\/{rel}","templated":true}]}}