{"id":17699,"date":"2022-06-07T18:56:03","date_gmt":"2022-06-07T21:56:03","guid":{"rendered":"https:\/\/radiorevelacionfm.cl\/?p=17699"},"modified":"2022-06-07T18:56:03","modified_gmt":"2022-06-07T21:56:03","slug":"avanza-proyecto-de-reposicion-del-cuartel-de-bomberos-de-puerto-cisnes","status":"publish","type":"post","link":"https:\/\/radiorevelacionfm.cl\/?p=17699","title":{"rendered":"Avanza proyecto de reposici\u00f3n del Cuartel de Bomberos de Puerto Cisnes"},"content":{"rendered":"<div class=\"flex_column av_one_full  flex_column_div av-zero-column-padding first  avia-builder-el-0  el_before_av_one_full  avia-builder-el-first  \" style='border-radius:0px; '><div  class='avia-image-container  av-styling-    avia-builder-el-1  avia-builder-el-no-sibling  avia-align-center '  itemprop=\"image\" itemscope=\"itemscope\" itemtype=\"https:\/\/schema.org\/ImageObject\"  ><div class='avia-image-container-inner'><div class='avia-image-overlay-wrap'><img decoding=\"async\" class='wp-image-17701 avia-img-lazy-loading-not-17701 avia_image' src=\"https:\/\/radiorevelacionfm.cl\/wp-content\/uploads\/2022\/06\/cuartel-Cisnes-3-2-1.jpeg\" alt='' title='cuartel Cisnes 3 (2) (1)' height=\"600\" width=\"1067\"  itemprop=\"thumbnailUrl\" srcset=\"https:\/\/radiorevelacionfm.cl\/wp-content\/uploads\/2022\/06\/cuartel-Cisnes-3-2-1.jpeg 1067w, https:\/\/radiorevelacionfm.cl\/wp-content\/uploads\/2022\/06\/cuartel-Cisnes-3-2-1-300x169.jpeg 300w, https:\/\/radiorevelacionfm.cl\/wp-content\/uploads\/2022\/06\/cuartel-Cisnes-3-2-1-1030x579.jpeg 1030w, https:\/\/radiorevelacionfm.cl\/wp-content\/uploads\/2022\/06\/cuartel-Cisnes-3-2-1-768x432.jpeg 768w, https:\/\/radiorevelacionfm.cl\/wp-content\/uploads\/2022\/06\/cuartel-Cisnes-3-2-1-705x396.jpeg 705w, https:\/\/radiorevelacionfm.cl\/wp-content\/uploads\/2022\/06\/cuartel-Cisnes-3-2-1-600x337.jpeg 600w\" sizes=\"(max-width: 1067px) 100vw, 1067px\" \/><\/div><\/div><\/div><\/div><div class=\"flex_column av_one_full  flex_column_div av-zero-column-padding first  avia-builder-el-2  el_after_av_one_full  el_before_av_one_full  column-top-margin\" style='border-radius:0px; '><section class=\"av_textblock_section \"  itemscope=\"itemscope\" itemtype=\"https:\/\/schema.org\/BlogPosting\" itemprop=\"blogPost\" ><div class='avia_textblock  '   itemprop=\"text\" ><p style=\"text-align: center;\"><strong><span style=\"font-size: 18pt;\">Avanza proyecto de reposici\u00f3n del Cuartel de Bomberos de Puerto Cisnes <\/span><\/strong><\/p>\n<div id=\"gtx-trans\" style=\"position: absolute; left: -50px; top: 4.31534px;\">\n<div class=\"gtx-trans-icon\"><\/div>\n<\/div>\n<\/div><\/section><\/div><div class=\"flex_column av_one_full  flex_column_div av-zero-column-padding first  avia-builder-el-4  el_after_av_one_full  el_before_av_hr  column-top-margin\" style='border-radius:0px; '><section class=\"av_textblock_section \"  itemscope=\"itemscope\" itemtype=\"https:\/\/schema.org\/BlogPosting\" itemprop=\"blogPost\" ><div class='avia_textblock  '   itemprop=\"text\" ><p style=\"text-align: justify;\">El Alcalde Francisco Roncagliolo Lepio a trav\u00e9s de su Direcci\u00f3n de Obras, inform\u00f3 que recientemente se realiz\u00f3 una inspecci\u00f3n t\u00e9cnica general a la \u201cReposici\u00f3n Cuartel de Bomberos de Puerto Cisnes\u201d, para constatar los avances del proyecto. Esta nueva inspecci\u00f3n se hace en el marco de la visita a la regi\u00f3n de Ays\u00e9n, de la arquitecta proyectista de la obra, Daniela Cruz, profesional de Bomberos a nivel nacional.<\/p>\n<p style=\"text-align: justify;\">El jefe comunal, dio cuenta de la importancia de llevar adelante iniciativas que entreguen mejores condiciones a los voluntarios y voluntarias de esta instituci\u00f3n, se\u00f1alando que, en la actualidad se trabajan tres iniciativas destinadas a Bomberos de la comuna, en Cisnes, Puerto Ra\u00fal Mar\u00edn Balmaceda y Puyuhuapi.<\/p>\n<p style=\"text-align: justify;\">\u201cEstamos muy contentos porque hemos ido avanzando en el trabajo colaborativo con Bomberos, estamos tambi\u00e9n trabajando en lo que es el cuartel de Ra\u00fal Mar\u00edn Balmaceda, en las mejoras tambi\u00e9n en el cuartel de Puerto Puyuhuapi, ahora, ver este porcentaje de avance de esta obra, significa que este sue\u00f1o ya se est\u00e1 construyendo, obviamente nos alegra mucho. Es una necesidad de muchos a\u00f1os de que Bomberos tenga un espacio de acuerdo a una capital comunal y tambi\u00e9n de acuerdo a las necesidades de una localidad que ha crecido tanto como Puerto Cisnes\u201d, manifest\u00f3 el Alcalde Francisco Roncagliolo.<\/p>\n<p style=\"text-align: justify;\">En esta instancia estuvo presente, Miguel Jara, Superintendente del Cuerpo de Bomberos de Cisnes y Presidente Regional de Bomberos, Alejandro del Pino Larzet, Director de Obras, Jos\u00e9 Gonz\u00e1lez Banda, Director de la Secretaria Comunal de Planificaci\u00f3n, el Inspector T\u00e9cnico de la Obra, Claudio Quinan, el asesor t\u00e9cnico de obra, Erik Soto, el profesional residente a cargo del contrato, Sergio Fuentes y otros profesionales de la Direcci\u00f3n de Obras y de la SECPLAN de la Municipalidad, con la finalidad de revisar en conjunto las obras ejecutadas hasta el momento, las siguientes de acuerdo al programa, y realizar algunas definiciones en terreno de soluciones t\u00e9cnicas a incorporar para la correcta ejecuci\u00f3n.<\/p>\n<p style=\"text-align: justify;\">Miguel Jara, representantes de Bomberos en la regi\u00f3n y en la comuna, puso en valor que se est\u00e9 desarrollando un proyecto tan necesario para el territorio.<\/p>\n<p style=\"text-align: justify;\">\u201cLa construcci\u00f3n del Cuartel de la Primera Compa\u00f1\u00eda de Puerto Cisnes, significa un avance bastante importante, ya que, hemos pasado muchos a\u00f1os en un terreno que no es nuestro, en dependencias que hist\u00f3ricamente hemos ocupado, pero, ya tienen demasiado tiempo, est\u00e1n muy deterioradas. Tenemos muchas falencias el\u00e9ctricas, filtraciones de aire, los carros no est\u00e1n bien protegidos, entonces, poder avanzar en un cuartel nuevo es muy importante para los Bomberos, para el trabajo y la gente que est\u00e1 ah\u00ed. La idea es que, en el futuro podamos establecer un buen sistema de comunicaci\u00f3n, una buena central de alarmas y podamos tener mejor respuesta en cualquier sector de la comuna\u201d.<\/p>\n<p style=\"text-align: justify;\">El proyecto, que realiza la Municipalidad de Cisnes, a trav\u00e9s de su Direcci\u00f3n de Obras, considera una inversi\u00f3n de $ 680.507.033 millones de pesos y registra un avance f\u00edsico de alrededor del 15 %, siendo la empresa Construcciones Roberto Iv\u00e1n Casanova P\u00e9rez E.I.R.L., la encargada de ejecutar.<\/p>\n<p style=\"text-align: justify;\">El director de la DOM, Alejandro del Pino Larzet, se\u00f1al\u00f3 que este edificio est\u00e1 siendo construido con una base bien reforzada, considerando el clima de la zona y que adem\u00e1s contempla un segundo nivel.<\/p>\n<p style=\"text-align: justify;\">\u201cBases bastante grandes de hormig\u00f3n armado, tanto en pollos como en vigas, posteriormente sobre ella viene una estructura met\u00e1lica, calculada para todas las solicitaciones que requiere, por su altura y su tama\u00f1o. Y un segundo piso que est\u00e1 basado tambi\u00e9n en una loza de hormig\u00f3n, con todas las aislaciones t\u00e9rmicas correspondientes a la zona. Este proyecto del cuartel de Bomberos de Puerto Cisnes, es un gran proyecto, est\u00e1 emplazado en el acceso del puerto y cercano al muelle, en la esquina de las calles Latorre y Gabriela Mistral\u201d.<\/p>\n<p style=\"text-align: justify;\">La iniciativa del proyecto naci\u00f3 del Cuerpo de Bomberos de Puerto Cisnes y ha sido impulsada por el Municipio, ya que hace mucho tiempo necesitaban un \u201cnuevo hogar\u201d, con todas las comodidades y requerimientos para dar un buen servicio a la comunidad. Hoy la nueva edificaci\u00f3n contar\u00e1 con dos pisos de 505,8 m2 de superficie, repartidos en sala de m\u00e1quinas, oficina de recepci\u00f3n, ba\u00f1os para hombres y mujeres, cocina, bodegas, espacio para guardia, central de comunicaciones, sala de estar comedor com\u00fan, entre otros espacios.<\/p>\n<\/div><\/section><\/div><div  style='height:50px' class='hr hr-invisible   avia-builder-el-6  el_after_av_one_full  el_before_av_social_share '><span class='hr-inner ' ><span class='hr-inner-style'><\/span><\/span><\/div><\/p>\n<div  class='av-social-sharing-box  avia-builder-el-7  el_after_av_hr  el_before_av_hr  '><div class='av-share-box'><h5 class='av-share-link-description av-no-toc '>Compartir esta noticia<\/h5><ul class='av-share-box-list noLightbox'><li class='av-share-link av-social-link-facebook' ><a target=\"_blank\" aria-label=\"Compartir en Facebook\" href='https:\/\/www.facebook.com\/sharer.php?u=https:\/\/radiorevelacionfm.cl\/?p=17699&#038;t=Avanza%20proyecto%20de%20reposici%C3%B3n%20del%20Cuartel%20de%20Bomberos%20de%20Puerto%20Cisnes' aria-hidden='false' data-av_icon='\ue8f3' data-av_iconfont='entypo-fontello' title='' data-avia-related-tooltip='Compartir en Facebook' rel=\"noopener\"><span class='avia_hidden_link_text'>Compartir en Facebook<\/span><\/a><\/li><li class='av-share-link av-social-link-twitter' ><a target=\"_blank\" aria-label=\"Compartir en Twitter\" href='https:\/\/twitter.com\/share?text=Avanza%20proyecto%20de%20reposici%C3%B3n%20del%20Cuartel%20de%20Bomberos%20de%20Puerto%20Cisnes&#038;url=https:\/\/radiorevelacionfm.cl\/?p=17699' aria-hidden='false' data-av_icon='\ue8f1' data-av_iconfont='entypo-fontello' title='' data-avia-related-tooltip='Compartir en Twitter' rel=\"noopener\"><span class='avia_hidden_link_text'>Compartir en Twitter<\/span><\/a><\/li><li class='av-share-link av-social-link-whatsapp' ><a target=\"_blank\" aria-label=\"Compartir en Whatsapp\" href='https:\/\/api.whatsapp.com\/send?text=https:\/\/radiorevelacionfm.cl\/?p=17699' aria-hidden='false' data-av_icon='\uf232' data-av_iconfont='entypo-fontello' title='' data-avia-related-tooltip='Compartir en Whatsapp' rel=\"noopener\"><span class='avia_hidden_link_text'>Compartir en Whatsapp<\/span><\/a><\/li><li class='av-share-link av-social-link-linkedin' ><a target=\"_blank\" aria-label=\"Compartir en LinkedIn\" href='https:\/\/linkedin.com\/shareArticle?mini=true&#038;title=Avanza%20proyecto%20de%20reposici%C3%B3n%20del%20Cuartel%20de%20Bomberos%20de%20Puerto%20Cisnes&#038;url=https:\/\/radiorevelacionfm.cl\/?p=17699' aria-hidden='false' data-av_icon='\ue8fc' data-av_iconfont='entypo-fontello' title='' data-avia-related-tooltip='Compartir en LinkedIn' rel=\"noopener\"><span class='avia_hidden_link_text'>Compartir en LinkedIn<\/span><\/a><\/li><li class='av-share-link av-social-link-mail' ><a  aria-label=\"Compartir por correo\" href='mailto:?subject=Avanza%20proyecto%20de%20reposici%C3%B3n%20del%20Cuartel%20de%20Bomberos%20de%20Puerto%20Cisnes&#038;body=https:\/\/radiorevelacionfm.cl\/?p=17699' aria-hidden='false' data-av_icon='\ue805' data-av_iconfont='entypo-fontello' title='' data-avia-related-tooltip='Compartir por correo'><span class='avia_hidden_link_text'>Compartir por correo<\/span><\/a><\/li><\/ul><\/div><\/div>\n<div  style='height:50px' class='hr hr-invisible   avia-builder-el-8  el_after_av_social_share  el_before_av_comments_list '><span class='hr-inner ' ><span class='hr-inner-style'><\/span><\/span><\/div>\n<div  class='av-buildercomment  av-blog-meta-html-info-disabled av-blog-meta-tag-disabled  '><\/div>\n","protected":false},"excerpt":{"rendered":"","protected":false},"author":1,"featured_media":17701,"comment_status":"open","ping_status":"open","sticky":false,"template":"","format":"standard","meta":{"footnotes":""},"categories":[38],"tags":[],"class_list":["post-17699","post","type-post","status-publish","format-standard","has-post-thumbnail","hentry","category-regional"],"jetpack_featured_media_url":"https:\/\/radiorevelacionfm.cl\/wp-content\/uploads\/2022\/06\/cuartel-Cisnes-3-2-1.jpeg","_links":{"self":[{"href":"https:\/\/radiorevelacionfm.cl\/index.php?rest_route=\/wp\/v2\/posts\/17699","targetHints":{"allow":["GET"]}}],"collection":[{"href":"https:\/\/radiorevelacionfm.cl\/index.php?rest_route=\/wp\/v2\/posts"}],"about":[{"href":"https:\/\/radiorevelacionfm.cl\/index.php?rest_route=\/wp\/v2\/types\/post"}],"author":[{"embeddable":true,"href":"https:\/\/radiorevelacionfm.cl\/index.php?rest_route=\/wp\/v2\/users\/1"}],"replies":[{"embeddable":true,"href":"https:\/\/radiorevelacionfm.cl\/index.php?rest_route=%2Fwp%2Fv2%2Fcomments&post=17699"}],"version-history":[{"count":2,"href":"https:\/\/radiorevelacionfm.cl\/index.php?rest_route=\/wp\/v2\/posts\/17699\/revisions"}],"predecessor-version":[{"id":17703,"href":"https:\/\/radiorevelacionfm.cl\/index.php?rest_route=\/wp\/v2\/posts\/17699\/revisions\/17703"}],"wp:featuredmedia":[{"embeddable":true,"href":"https:\/\/radiorevelacionfm.cl\/index.php?rest_route=\/wp\/v2\/media\/17701"}],"wp:attachment":[{"href":"https:\/\/radiorevelacionfm.cl\/index.php?rest_route=%2Fwp%2Fv2%2Fmedia&parent=17699"}],"wp:term":[{"taxonomy":"category","embeddable":true,"href":"https:\/\/radiorevelacionfm.cl\/index.php?rest_route=%2Fwp%2Fv2%2Fcategories&post=17699"},{"taxonomy":"post_tag","embeddable":true,"href":"https:\/\/radiorevelacionfm.cl\/index.php?rest_route=%2Fwp%2Fv2%2Ftags&post=17699"}],"curies":[{"name":"wp","href":"https:\/\/api.w.org\/{rel}","templated":true}]}}