{"id":17694,"date":"2022-06-07T16:03:30","date_gmt":"2022-06-07T19:03:30","guid":{"rendered":"https:\/\/radiorevelacionfm.cl\/?p=17694"},"modified":"2022-06-07T16:03:30","modified_gmt":"2022-06-07T19:03:30","slug":"estudiante-de-villa-la-tapera-obtiene-segundo-lugar-a-nivel-nacional-en-concurso-de-artes-plasticas-de-carabineros","status":"publish","type":"post","link":"https:\/\/radiorevelacionfm.cl\/?p=17694","title":{"rendered":"Estudiante de Villa La Tapera obtiene segundo lugar a nivel nacional en concurso de artes pl\u00e1sticas de Carabineros"},"content":{"rendered":"<div class=\"flex_column av_one_full  flex_column_div av-zero-column-padding first  avia-builder-el-0  el_before_av_one_full  avia-builder-el-first  \" style='border-radius:0px; '><div  class='avia-image-container  av-styling-    avia-builder-el-1  avia-builder-el-no-sibling  avia-align-center '  itemprop=\"image\" itemscope=\"itemscope\" itemtype=\"https:\/\/schema.org\/ImageObject\"  ><div class='avia-image-container-inner'><div class='avia-image-overlay-wrap'><img decoding=\"async\" class='wp-image-0 avia-img-lazy-loading-not-0 avia_image' src=\"http:\/\/radiorevelacionfm.cl\/wp-content\/uploads\/2020\/12\/7ee21_th2.jpg\" alt='' title=''   itemprop=\"thumbnailUrl\"  \/><\/div><\/div><\/div><\/div>\n<div class=\"flex_column av_one_full  flex_column_div av-zero-column-padding first  avia-builder-el-2  el_after_av_one_full  el_before_av_one_full  column-top-margin\" style='border-radius:0px; '><section class=\"av_textblock_section \"  itemscope=\"itemscope\" itemtype=\"https:\/\/schema.org\/BlogPosting\" itemprop=\"blogPost\" ><div class='avia_textblock  '   itemprop=\"text\" ><p style=\"text-align: center;\"><strong><span style=\"font-size: 18pt;\">Estudiante de Villa La Tapera obtiene segundo lugar a nivel nacional en concurso de artes pl\u00e1sticas de Carabineros\u00a0<\/span><\/strong><\/p>\n<\/div><\/section><\/div><div class=\"flex_column av_one_full  flex_column_div av-zero-column-padding first  avia-builder-el-4  el_after_av_one_full  el_before_av_hr  column-top-margin\" style='border-radius:0px; '><section class=\"av_textblock_section \"  itemscope=\"itemscope\" itemtype=\"https:\/\/schema.org\/BlogPosting\" itemprop=\"blogPost\" ><div class='avia_textblock  '   itemprop=\"text\" ><p style=\"text-align: justify;\">Reconocimiento que obtuvo en el Concurso de Artes Pl\u00e1sticas denominado \u201cUna amiga desde 1962\u201d, donde Iv\u00e1n C\u00e1rdenas Quijada se qued\u00f3 con el segundo lugar, destacando el esfuerzo y el trabajo de la mujer de la Patagonia.<span id=\"more-100777\"><\/span><\/p>\n<p style=\"text-align: justify;\">El Museo y Centro Cultural de Carabineros, organiz\u00f3 el Primer Concurso de Artes Pl\u00e1sticas \u201cUna amiga desde 1962\u201d, el primer lugar se lo llev\u00f3 Monserrat Salgado Migone de Curacav\u00ed, mientras que el segundo lugar lo gan\u00f3 un ni\u00f1o de la regi\u00f3n de Ays\u00e9n, de la comuna de la comuna de Lago Verde, espec\u00edficamente de la localidad de Villa La Tapera, Iv\u00e1n C\u00e1rdenas Quijada.<\/p>\n<p style=\"text-align: justify;\">\u201cLo que me motiv\u00f3 y me inspir\u00f3 fue la oportunidad de reconocer el trabajo de las mujeres de la Patagonia. Cada d\u00eda veo a mi madre, a las mujeres de mi pueblo hacer su mayor esfuerzo, para que ellas y toda su familia y sus hijos tengan una mejor vida, ellas fueron mi mayor inspiraci\u00f3n\u201d, coment\u00f3 Iv\u00e1n.<\/p>\n<p style=\"text-align: justify;\">El ni\u00f1o de la localidad de Villa La Tapera, agreg\u00f3 que, \u201ceste trabajo se lo dedico a todas las mujeres que fueron parte de mi vida, a las t\u00edas de mi jard\u00edn, a mis profesoras, a mis abuelitas y a la mujer m\u00e1s especial, a mi madre. Tambi\u00e9n a los ni\u00f1os les dir\u00eda que persigan sus sue\u00f1os y que solamente tienen que ser perseverantes\u201d.<\/p>\n<p style=\"text-align: justify;\">En tanto la madre de Iv\u00e1n, Roxana Quijada, se\u00f1alo que, \u201cla oportunidad de reconocer, siempre nos hace crecer como personas y como sociedad. El trabajo que realizan las mujeres en la instituci\u00f3n de Carabineros de Chile, es digno de reconocer, ya que, no debemos olvidar que ellas son madres, hijas, t\u00edas y tambi\u00e9n trabajadoras, as\u00ed es que, no es un rol f\u00e1cil. Mi hijo realiz\u00f3 su trabajo inspirado en las mujeres de nuestra localidad de Villa La Tapera, ya que, no es f\u00e1cil vivir en un lugar tan aislado y extremo como la regi\u00f3n de Ays\u00e9n. As\u00ed es que, yo como madre orgullosa, con toda la disponibilidad de seguirlo apoyando en todas las metas que \u00e9l se proponga\u201d.<\/p>\n<p style=\"text-align: justify;\">La profesora de Iv\u00e1n, Ver\u00f3nica Cadagan, quiso felicitar al estudiante de la escuela de Tapera. \u201cA mi querido estudiante, muchas felicitaciones por el esfuerzo, el compromiso, la dedicaci\u00f3n, que le puso a tan bella obra que realiz\u00f3 en honor de las mujeres Carabineras. As\u00ed es que, felicitaciones a Iv\u00e1n, a su familia, a su escuela y a la comunidad, por tenerlo entre nosotros\u201d.<\/p>\n<p style=\"text-align: justify;\">El tercer lugar del concurso lo obtuvo, Joaqu\u00edn San Martin Aguayo de Hualp\u00e9n, mientras que la menci\u00f3n honrosa fue para, Crist\u00f3bal Arce Segura de Lonquimay.<\/p>\n<\/div><\/section><\/div><div  style='height:50px' class='hr hr-invisible   avia-builder-el-6  el_after_av_one_full  el_before_av_social_share '><span class='hr-inner ' ><span class='hr-inner-style'><\/span><\/span><\/div><\/p>\n<div  class='av-social-sharing-box  avia-builder-el-7  el_after_av_hr  el_before_av_hr  '><div class='av-share-box'><h5 class='av-share-link-description av-no-toc '>Compartir esta noticia<\/h5><ul class='av-share-box-list noLightbox'><li class='av-share-link av-social-link-facebook' ><a target=\"_blank\" aria-label=\"Compartir en Facebook\" href='https:\/\/www.facebook.com\/sharer.php?u=https:\/\/radiorevelacionfm.cl\/?p=17694&#038;t=Estudiante%20de%20Villa%20La%20Tapera%20obtiene%20segundo%20lugar%20a%20nivel%20nacional%20en%20concurso%20de%20artes%20pl%C3%A1sticas%20de%20Carabineros' aria-hidden='false' data-av_icon='\ue8f3' data-av_iconfont='entypo-fontello' title='' data-avia-related-tooltip='Compartir en Facebook' rel=\"noopener\"><span class='avia_hidden_link_text'>Compartir en Facebook<\/span><\/a><\/li><li class='av-share-link av-social-link-twitter' ><a target=\"_blank\" aria-label=\"Compartir en Twitter\" href='https:\/\/twitter.com\/share?text=Estudiante%20de%20Villa%20La%20Tapera%20obtiene%20segundo%20lugar%20a%20nivel%20nacional%20en%20concurso%20de%20artes%20pl%C3%A1sticas%20de%20Carabineros&#038;url=https:\/\/radiorevelacionfm.cl\/?p=17694' aria-hidden='false' data-av_icon='\ue8f1' data-av_iconfont='entypo-fontello' title='' data-avia-related-tooltip='Compartir en Twitter' rel=\"noopener\"><span class='avia_hidden_link_text'>Compartir en Twitter<\/span><\/a><\/li><li class='av-share-link av-social-link-whatsapp' ><a target=\"_blank\" aria-label=\"Compartir en Whatsapp\" href='https:\/\/api.whatsapp.com\/send?text=https:\/\/radiorevelacionfm.cl\/?p=17694' aria-hidden='false' data-av_icon='\uf232' data-av_iconfont='entypo-fontello' title='' data-avia-related-tooltip='Compartir en Whatsapp' rel=\"noopener\"><span class='avia_hidden_link_text'>Compartir en Whatsapp<\/span><\/a><\/li><li class='av-share-link av-social-link-linkedin' ><a target=\"_blank\" aria-label=\"Compartir en LinkedIn\" href='https:\/\/linkedin.com\/shareArticle?mini=true&#038;title=Estudiante%20de%20Villa%20La%20Tapera%20obtiene%20segundo%20lugar%20a%20nivel%20nacional%20en%20concurso%20de%20artes%20pl%C3%A1sticas%20de%20Carabineros&#038;url=https:\/\/radiorevelacionfm.cl\/?p=17694' aria-hidden='false' data-av_icon='\ue8fc' data-av_iconfont='entypo-fontello' title='' data-avia-related-tooltip='Compartir en LinkedIn' rel=\"noopener\"><span class='avia_hidden_link_text'>Compartir en LinkedIn<\/span><\/a><\/li><li class='av-share-link av-social-link-mail' ><a  aria-label=\"Compartir por correo\" href='mailto:?subject=Estudiante%20de%20Villa%20La%20Tapera%20obtiene%20segundo%20lugar%20a%20nivel%20nacional%20en%20concurso%20de%20artes%20pl%C3%A1sticas%20de%20Carabineros&#038;body=https:\/\/radiorevelacionfm.cl\/?p=17694' aria-hidden='false' data-av_icon='\ue805' data-av_iconfont='entypo-fontello' title='' data-avia-related-tooltip='Compartir por correo'><span class='avia_hidden_link_text'>Compartir por correo<\/span><\/a><\/li><\/ul><\/div><\/div>\n<div  style='height:50px' class='hr hr-invisible   avia-builder-el-8  el_after_av_social_share  el_before_av_comments_list '><span class='hr-inner ' ><span class='hr-inner-style'><\/span><\/span><\/div>\n<div  class='av-buildercomment  av-blog-meta-html-info-disabled av-blog-meta-tag-disabled  '><\/div>\n","protected":false},"excerpt":{"rendered":"","protected":false},"author":1,"featured_media":17695,"comment_status":"open","ping_status":"open","sticky":false,"template":"","format":"standard","meta":{"footnotes":""},"categories":[38],"tags":[],"class_list":["post-17694","post","type-post","status-publish","format-standard","has-post-thumbnail","hentry","category-regional"],"jetpack_featured_media_url":"https:\/\/radiorevelacionfm.cl\/wp-content\/uploads\/2022\/06\/image-38_optimized.jpg","_links":{"self":[{"href":"https:\/\/radiorevelacionfm.cl\/index.php?rest_route=\/wp\/v2\/posts\/17694","targetHints":{"allow":["GET"]}}],"collection":[{"href":"https:\/\/radiorevelacionfm.cl\/index.php?rest_route=\/wp\/v2\/posts"}],"about":[{"href":"https:\/\/radiorevelacionfm.cl\/index.php?rest_route=\/wp\/v2\/types\/post"}],"author":[{"embeddable":true,"href":"https:\/\/radiorevelacionfm.cl\/index.php?rest_route=\/wp\/v2\/users\/1"}],"replies":[{"embeddable":true,"href":"https:\/\/radiorevelacionfm.cl\/index.php?rest_route=%2Fwp%2Fv2%2Fcomments&post=17694"}],"version-history":[{"count":2,"href":"https:\/\/radiorevelacionfm.cl\/index.php?rest_route=\/wp\/v2\/posts\/17694\/revisions"}],"predecessor-version":[{"id":17697,"href":"https:\/\/radiorevelacionfm.cl\/index.php?rest_route=\/wp\/v2\/posts\/17694\/revisions\/17697"}],"wp:featuredmedia":[{"embeddable":true,"href":"https:\/\/radiorevelacionfm.cl\/index.php?rest_route=\/wp\/v2\/media\/17695"}],"wp:attachment":[{"href":"https:\/\/radiorevelacionfm.cl\/index.php?rest_route=%2Fwp%2Fv2%2Fmedia&parent=17694"}],"wp:term":[{"taxonomy":"category","embeddable":true,"href":"https:\/\/radiorevelacionfm.cl\/index.php?rest_route=%2Fwp%2Fv2%2Fcategories&post=17694"},{"taxonomy":"post_tag","embeddable":true,"href":"https:\/\/radiorevelacionfm.cl\/index.php?rest_route=%2Fwp%2Fv2%2Ftags&post=17694"}],"curies":[{"name":"wp","href":"https:\/\/api.w.org\/{rel}","templated":true}]}}