{"id":17689,"date":"2022-06-07T13:20:57","date_gmt":"2022-06-07T16:20:57","guid":{"rendered":"https:\/\/radiorevelacionfm.cl\/?p=17689"},"modified":"2022-06-07T16:12:18","modified_gmt":"2022-06-07T19:12:18","slug":"con-charlas-de-difusion-mejor-ninez-aysen-busca-a-familias-de-acogida-para-ninos-ninas-y-adolescentes","status":"publish","type":"post","link":"https:\/\/radiorevelacionfm.cl\/?p=17689","title":{"rendered":"Con charlas de difusi\u00f3n Mejor Ni\u00f1ez Ays\u00e9n busca Familias de Acogida para ni\u00f1os, ni\u00f1as y adolescentes"},"content":{"rendered":"<div class=\"flex_column av_one_full  flex_column_div av-zero-column-padding first  avia-builder-el-0  el_before_av_one_full  avia-builder-el-first  \" style='border-radius:0px; '><div  class='avia-image-container  av-styling-    avia-builder-el-1  avia-builder-el-no-sibling  avia-align-center '  itemprop=\"image\" itemscope=\"itemscope\" itemtype=\"https:\/\/schema.org\/ImageObject\"  ><div class='avia-image-container-inner'><div class='avia-image-overlay-wrap'><img decoding=\"async\" class='wp-image-17690 avia-img-lazy-loading-not-17690 avia_image' src=\"https:\/\/radiorevelacionfm.cl\/wp-content\/uploads\/2022\/06\/1-100-1_optimized.jpg\" alt='' title='1-(100)-(1)_optimized' height=\"600\" width=\"1066\"  itemprop=\"thumbnailUrl\" srcset=\"https:\/\/radiorevelacionfm.cl\/wp-content\/uploads\/2022\/06\/1-100-1_optimized.jpg 1066w, https:\/\/radiorevelacionfm.cl\/wp-content\/uploads\/2022\/06\/1-100-1_optimized-300x169.jpg 300w, https:\/\/radiorevelacionfm.cl\/wp-content\/uploads\/2022\/06\/1-100-1_optimized-1030x580.jpg 1030w, https:\/\/radiorevelacionfm.cl\/wp-content\/uploads\/2022\/06\/1-100-1_optimized-768x432.jpg 768w, https:\/\/radiorevelacionfm.cl\/wp-content\/uploads\/2022\/06\/1-100-1_optimized-705x397.jpg 705w, https:\/\/radiorevelacionfm.cl\/wp-content\/uploads\/2022\/06\/1-100-1_optimized-600x338.jpg 600w\" sizes=\"(max-width: 1066px) 100vw, 1066px\" \/><\/div><\/div><\/div><\/div>\n<div class=\"flex_column av_one_full  flex_column_div av-zero-column-padding first  avia-builder-el-2  el_after_av_one_full  el_before_av_one_full  column-top-margin\" style='border-radius:0px; '><section class=\"av_textblock_section \"  itemscope=\"itemscope\" itemtype=\"https:\/\/schema.org\/BlogPosting\" itemprop=\"blogPost\" ><div class='avia_textblock  '   itemprop=\"text\" ><p style=\"text-align: center;\"><strong><span style=\"font-size: 18pt;\">Con charlas de difusi\u00f3n Mejor Ni\u00f1ez Ays\u00e9n busca Familias de Acogida para ni\u00f1os, ni\u00f1as y adolescentes<\/span><\/strong><\/p>\n<div id=\"gtx-trans\" style=\"position: absolute; left: -50px; top: 4.31534px;\">\n<div class=\"gtx-trans-icon\"><\/div>\n<\/div>\n<\/div><\/section><\/div><div class=\"flex_column av_one_full  flex_column_div av-zero-column-padding first  avia-builder-el-4  el_after_av_one_full  el_before_av_hr  column-top-margin\" style='border-radius:0px; '><section class=\"av_textblock_section \"  itemscope=\"itemscope\" itemtype=\"https:\/\/schema.org\/BlogPosting\" itemprop=\"blogPost\" ><div class='avia_textblock  '   itemprop=\"text\" ><p class=\"v1MsoNormal\" style=\"text-align: justify;\"><span lang=\"ES-TRAD\">El Servicio Mejor Ni\u00f1ez Ays\u00e9n ha comenzado un fuerte despliegue en la regi\u00f3n para encontrar a nuevas Familias de Acogida que est\u00e9n dispuestas a recibir en su hogar, de manera transitoria, a ni\u00f1os, ni\u00f1as y adolescentes entre 0 y 17 a\u00f1os que han sido gravemente vulnerados en sus derechos.<\/span><\/p>\n<p class=\"v1MsoNormal\" style=\"text-align: justify;\"><span lang=\"ES-TRAD\">En este sentido este fin de semana un equipo de profesionales de Mejor Ni\u00f1ez realiz\u00f3 una primera Charla sobre Familias de Acogida, gracias al inter\u00e9s y disposici\u00f3n mostrada por la Asociaci\u00f3n de Empleadas de Casa Particular &#8211; Anecap filial Coyhaique, quienes, en el marco de su 43\u00b0 aniversario, quisieron celebrar esta fecha abriendo su sede y sus corazones para conocer lo que es una Familia de Acogida y la importancia que esta tiene para un ni\u00f1o, ni\u00f1a o adolescente vulnerado.<\/span><\/p>\n<p class=\"v1MsoNormal\" style=\"text-align: justify;\"><span lang=\"ES-TRAD\">El director de Mejor Ni\u00f1ez Sergio Becerra Mera, destac\u00f3 la recepci\u00f3n de Anecap y sus socias, agradeciendo el espacio para iniciar este ciclo de charlas de difusi\u00f3n del Programa de Familias de Acogida, opci\u00f3n impulsada por Mejor Ni\u00f1ez y que busca convertirse en una potente alternativa en el sistema de cuidados a ni\u00f1os, ni\u00f1as y adolescentes bajo protecci\u00f3n del Estado de Chile.<\/span><\/p>\n<p class=\"v1MsoNormal\" style=\"text-align: justify;\"><span lang=\"ES-TRAD\">\u201cLa idea de tener a los ni\u00f1os, ni\u00f1as o adolescentes en una residencia es siempre nuestra \u00faltima opci\u00f3n. En Mejor Ni\u00f1ez sabemos que no hay mejor lugar para cada uno de ellos que un ambiente familiar para poder crecer y desarrollarse en plenitud. Es por eso que, desde abril, y durante todo el a\u00f1o, estaremos buscando con fuerza, en cada rinc\u00f3n de nuestra Patagonia, a esas familias de acogida que nos ayuden en esta gran misi\u00f3n\u201d, recalc\u00f3 el director.<\/span><\/p>\n<p class=\"v1MsoNormal\" style=\"text-align: justify;\"><span lang=\"ES-TRAD\">Seg\u00fan destac\u00f3 B\u00e1rbara Rojas, profesional del Departamento de Servicios y Prestaciones de Mejor Ni\u00f1ez, \u201cel programa Familias de Acogida busca proporcionar un ambiente protector y familiar que cubra las necesidades de cuidado de ni\u00f1os, ni\u00f1as y adolescentes, entre 0 y 17 a\u00f1os, mientras se trabaja para restituir su derecho a vivir en una familia estable. Adem\u00e1s, entrega un acompa\u00f1amiento especializado a los ni\u00f1os, ni\u00f1as, adolescentes y familias durante el acogimiento, en especial en el tr\u00e1nsito hacia el cuidado familiar estable y al t\u00e9rmino del proceso\u201d.<\/span><\/p>\n<p class=\"v1MsoNormal\" style=\"text-align: justify;\"><span lang=\"ES-TRAD\">En la regi\u00f3n de Ays\u00e9n, seg\u00fan cifras entregas por el Programa FAE Pro Amigo, organismo colaborador de Mejor Ni\u00f1ez y quien prepara y acompa\u00f1a a las familias en este programa, <\/span>hoy existen 16 familias guardadoras, de las cuales 1 est\u00e1 en Cisnes, 1 Chile Chico, 5 Ays\u00e9n y 9 en Coyhaique<a name=\"_Hlk105411379\"><\/a>. Actualmente solo se cuenta con tres familias de acogida listas y preparadas para acoger a ni\u00f1os, ni\u00f1as o adolescentes en nuestra regi\u00f3n. Y faltan por lo menos 21 grupos familiares que est\u00e9n dispuestos a apoyar a menores que han sido vulnerados, recibi\u00e9ndolos en sus domicilios.<\/p>\n<p class=\"v1MsoNormal\" style=\"text-align: justify;\"><span lang=\"ES-TRAD\">Si al igual que ANECAP existe una organizaci\u00f3n o instituci\u00f3n interesada en conocer m\u00e1s detalles del Programa de Familias de Acogida, solo debe ponerse en contacto con Mejor Ni\u00f1ez Ays\u00e9n escribiendo al correo <\/span><a href=\"mailto:fae.aysen@programasamigo.cl\" rel=\"noreferrer\"><span lang=\"ES-TRAD\">fae.aysen@programasamigo.cl<\/span><\/a><span lang=\"ES-TRAD\">\u00a0o bien dejando un mensaje directo en el instagram @mejorninezaysen<\/span><\/p>\n<\/div><\/section><\/div><\/p>\n<div  style='height:50px' class='hr hr-invisible   avia-builder-el-6  el_after_av_one_full  el_before_av_social_share '><span class='hr-inner ' ><span class='hr-inner-style'><\/span><\/span><\/div>\n<div  class='av-social-sharing-box  avia-builder-el-7  el_after_av_hr  el_before_av_hr  '><div class='av-share-box'><h5 class='av-share-link-description av-no-toc '>Compartir esta noticia<\/h5><ul class='av-share-box-list noLightbox'><li class='av-share-link av-social-link-facebook' ><a target=\"_blank\" aria-label=\"Compartir en Facebook\" href='https:\/\/www.facebook.com\/sharer.php?u=https:\/\/radiorevelacionfm.cl\/?p=17689&#038;t=Con%20charlas%20de%20difusi%C3%B3n%20Mejor%20Ni%C3%B1ez%20Ays%C3%A9n%20busca%20Familias%20de%20Acogida%20para%20ni%C3%B1os%2C%20ni%C3%B1as%20y%20adolescentes' aria-hidden='false' data-av_icon='\ue8f3' data-av_iconfont='entypo-fontello' title='' data-avia-related-tooltip='Compartir en Facebook' rel=\"noopener\"><span class='avia_hidden_link_text'>Compartir en Facebook<\/span><\/a><\/li><li class='av-share-link av-social-link-twitter' ><a target=\"_blank\" aria-label=\"Compartir en Twitter\" href='https:\/\/twitter.com\/share?text=Con%20charlas%20de%20difusi%C3%B3n%20Mejor%20Ni%C3%B1ez%20Ays%C3%A9n%20busca%20Familias%20de%20Acogida%20para%20ni%C3%B1os%2C%20ni%C3%B1as%20y%20adolescentes&#038;url=https:\/\/radiorevelacionfm.cl\/?p=17689' aria-hidden='false' data-av_icon='\ue8f1' data-av_iconfont='entypo-fontello' title='' data-avia-related-tooltip='Compartir en Twitter' rel=\"noopener\"><span class='avia_hidden_link_text'>Compartir en Twitter<\/span><\/a><\/li><li class='av-share-link av-social-link-whatsapp' ><a target=\"_blank\" aria-label=\"Compartir en Whatsapp\" href='https:\/\/api.whatsapp.com\/send?text=https:\/\/radiorevelacionfm.cl\/?p=17689' aria-hidden='false' data-av_icon='\uf232' data-av_iconfont='entypo-fontello' title='' data-avia-related-tooltip='Compartir en Whatsapp' rel=\"noopener\"><span class='avia_hidden_link_text'>Compartir en Whatsapp<\/span><\/a><\/li><li class='av-share-link av-social-link-linkedin' ><a target=\"_blank\" aria-label=\"Compartir en LinkedIn\" href='https:\/\/linkedin.com\/shareArticle?mini=true&#038;title=Con%20charlas%20de%20difusi%C3%B3n%20Mejor%20Ni%C3%B1ez%20Ays%C3%A9n%20busca%20Familias%20de%20Acogida%20para%20ni%C3%B1os%2C%20ni%C3%B1as%20y%20adolescentes&#038;url=https:\/\/radiorevelacionfm.cl\/?p=17689' aria-hidden='false' data-av_icon='\ue8fc' data-av_iconfont='entypo-fontello' title='' data-avia-related-tooltip='Compartir en LinkedIn' rel=\"noopener\"><span class='avia_hidden_link_text'>Compartir en LinkedIn<\/span><\/a><\/li><li class='av-share-link av-social-link-mail' ><a  aria-label=\"Compartir por correo\" href='mailto:?subject=Con%20charlas%20de%20difusi%C3%B3n%20Mejor%20Ni%C3%B1ez%20Ays%C3%A9n%20busca%20Familias%20de%20Acogida%20para%20ni%C3%B1os%2C%20ni%C3%B1as%20y%20adolescentes&#038;body=https:\/\/radiorevelacionfm.cl\/?p=17689' aria-hidden='false' data-av_icon='\ue805' data-av_iconfont='entypo-fontello' title='' data-avia-related-tooltip='Compartir por correo'><span class='avia_hidden_link_text'>Compartir por correo<\/span><\/a><\/li><\/ul><\/div><\/div>\n<div  style='height:50px' class='hr hr-invisible   avia-builder-el-8  el_after_av_social_share  el_before_av_comments_list '><span class='hr-inner ' ><span class='hr-inner-style'><\/span><\/span><\/div>\n<div  class='av-buildercomment  av-blog-meta-html-info-disabled av-blog-meta-tag-disabled  '><\/div>\n","protected":false},"excerpt":{"rendered":"","protected":false},"author":1,"featured_media":17690,"comment_status":"open","ping_status":"open","sticky":false,"template":"","format":"standard","meta":{"footnotes":""},"categories":[38],"tags":[],"class_list":["post-17689","post","type-post","status-publish","format-standard","has-post-thumbnail","hentry","category-regional"],"jetpack_featured_media_url":"https:\/\/radiorevelacionfm.cl\/wp-content\/uploads\/2022\/06\/1-100-1_optimized.jpg","_links":{"self":[{"href":"https:\/\/radiorevelacionfm.cl\/index.php?rest_route=\/wp\/v2\/posts\/17689","targetHints":{"allow":["GET"]}}],"collection":[{"href":"https:\/\/radiorevelacionfm.cl\/index.php?rest_route=\/wp\/v2\/posts"}],"about":[{"href":"https:\/\/radiorevelacionfm.cl\/index.php?rest_route=\/wp\/v2\/types\/post"}],"author":[{"embeddable":true,"href":"https:\/\/radiorevelacionfm.cl\/index.php?rest_route=\/wp\/v2\/users\/1"}],"replies":[{"embeddable":true,"href":"https:\/\/radiorevelacionfm.cl\/index.php?rest_route=%2Fwp%2Fv2%2Fcomments&post=17689"}],"version-history":[{"count":3,"href":"https:\/\/radiorevelacionfm.cl\/index.php?rest_route=\/wp\/v2\/posts\/17689\/revisions"}],"predecessor-version":[{"id":17698,"href":"https:\/\/radiorevelacionfm.cl\/index.php?rest_route=\/wp\/v2\/posts\/17689\/revisions\/17698"}],"wp:featuredmedia":[{"embeddable":true,"href":"https:\/\/radiorevelacionfm.cl\/index.php?rest_route=\/wp\/v2\/media\/17690"}],"wp:attachment":[{"href":"https:\/\/radiorevelacionfm.cl\/index.php?rest_route=%2Fwp%2Fv2%2Fmedia&parent=17689"}],"wp:term":[{"taxonomy":"category","embeddable":true,"href":"https:\/\/radiorevelacionfm.cl\/index.php?rest_route=%2Fwp%2Fv2%2Fcategories&post=17689"},{"taxonomy":"post_tag","embeddable":true,"href":"https:\/\/radiorevelacionfm.cl\/index.php?rest_route=%2Fwp%2Fv2%2Ftags&post=17689"}],"curies":[{"name":"wp","href":"https:\/\/api.w.org\/{rel}","templated":true}]}}