{"id":17683,"date":"2022-06-07T11:04:49","date_gmt":"2022-06-07T14:04:49","guid":{"rendered":"https:\/\/radiorevelacionfm.cl\/?p=17683"},"modified":"2022-06-07T11:20:13","modified_gmt":"2022-06-07T14:20:13","slug":"llaman-a-revalidar-la-tarjeta-nacional-del-estudiante-tne","status":"publish","type":"post","link":"https:\/\/radiorevelacionfm.cl\/?p=17683","title":{"rendered":"Llaman a revalidar la Tarjeta Nacional del Estudiante TNE"},"content":{"rendered":"<div class=\"flex_column av_one_full  flex_column_div av-zero-column-padding first  avia-builder-el-0  el_before_av_one_full  avia-builder-el-first  \" style='border-radius:0px; '><div  class='avia-image-container  av-styling-    avia-builder-el-1  avia-builder-el-no-sibling  avia-align-center '  itemprop=\"image\" itemscope=\"itemscope\" itemtype=\"https:\/\/schema.org\/ImageObject\"  ><div class='avia-image-container-inner'><div class='avia-image-overlay-wrap'><img decoding=\"async\" class='wp-image-17684 avia-img-lazy-loading-not-17684 avia_image' src=\"https:\/\/radiorevelacionfm.cl\/wp-content\/uploads\/2022\/06\/tne1-1-1.jpg\" alt='' title='tne1 (1) (1)' height=\"600\" width=\"926\"  itemprop=\"thumbnailUrl\" srcset=\"https:\/\/radiorevelacionfm.cl\/wp-content\/uploads\/2022\/06\/tne1-1-1.jpg 926w, https:\/\/radiorevelacionfm.cl\/wp-content\/uploads\/2022\/06\/tne1-1-1-300x194.jpg 300w, https:\/\/radiorevelacionfm.cl\/wp-content\/uploads\/2022\/06\/tne1-1-1-768x498.jpg 768w, https:\/\/radiorevelacionfm.cl\/wp-content\/uploads\/2022\/06\/tne1-1-1-705x457.jpg 705w, https:\/\/radiorevelacionfm.cl\/wp-content\/uploads\/2022\/06\/tne1-1-1-600x389.jpg 600w\" sizes=\"(max-width: 926px) 100vw, 926px\" \/><\/div><\/div><\/div><\/div>\n<div class=\"flex_column av_one_full  flex_column_div av-zero-column-padding first  avia-builder-el-2  el_after_av_one_full  el_before_av_one_full  column-top-margin\" style='border-radius:0px; '><section class=\"av_textblock_section \"  itemscope=\"itemscope\" itemtype=\"https:\/\/schema.org\/BlogPosting\" itemprop=\"blogPost\" ><div class='avia_textblock  '   itemprop=\"text\" ><p style=\"text-align: center;\"><strong><span style=\"font-size: 18pt;\">Llaman a revalidar la Tarjeta Nacional del Estudiante TNE<\/span><\/strong><\/p>\n<div id=\"gtx-trans\" style=\"position: absolute; left: -50px; top: 4.31534px;\">\n<div class=\"gtx-trans-icon\"><\/div>\n<\/div>\n<\/div><\/section><\/div>\n<div class=\"flex_column av_one_full  flex_column_div av-zero-column-padding first  avia-builder-el-4  el_after_av_one_full  el_before_av_hr  column-top-margin\" style='border-radius:0px; '><section class=\"av_textblock_section \"  itemscope=\"itemscope\" itemtype=\"https:\/\/schema.org\/BlogPosting\" itemprop=\"blogPost\" ><div class='avia_textblock  '   itemprop=\"text\" ><p class=\"v1MsoNormal\" style=\"text-align: justify;\">Actualmente, a nivel nacional el 88% de las y los estudiantes que cuentan con el beneficio de transporte p\u00fablico rebajado a\u00fan no ha revalidado su Tarjeta Nacional Estudiantil (TNE).<\/p>\n<p class=\"v1MsoNormal\" style=\"text-align: justify;\">Por este motivo, las seremis de Educaci\u00f3n Isabel Garrido Casassa y de Transportes y Telecomunicaciones Claudia <span lang=\"ES\">Cantero Delgado hicieron un llamado a los estudiantes de la regi\u00f3n a validar la Tarjeta Nacional del estudiantes TNE para lo cual hay plazo hasta el 30 de Agosto del presente a\u00f1o.<\/span><\/p>\n<p class=\"v1MsoNormal\" style=\"text-align: justify;\">\u201cSi bien en nuestra regi\u00f3n ya no existen servicios urbanos de transporte mayor en donde se exija la TNE, s\u00ed existen muchos estudiantes que hacen uso de esta tarjeta en recorridos rurales, por ejemplo, la ruta Puerto Ays\u00e9n &#8211; Coyhaique. Estos pasajeros tienen derecho a exigir la aplicaci\u00f3n de esta rebaja\u201d, se\u00f1al\u00f3 Claudia Cantero, Seremi de Transportes y Telecomunicaciones.<\/p>\n<p class=\"v1MsoNormal\" style=\"text-align: justify;\">La seremi de Transportes y Telecomunicaciones\u00a0 agreg\u00f3 que en caso de que se niegue a los usuarios la aplicaci\u00f3n del descuento en el pasaje, se puede cursar una denuncia a trav\u00e9s de nuestra plataforma de reclamos www.transportescucha.cl o\u00a0<span lang=\"ES\"><a href=\"http:\/\/www.fiscalizacion.cl\/\" target=\"_blank\" rel=\"noopener noreferrer\"><span lang=\"ES-CL\">www.fiscalizacion.cl<\/span><\/a><\/span>.<\/p>\n<p class=\"v1MsoNormal\" style=\"text-align: justify;\">En tanto Isabel Garrido Seremi de Educaci\u00f3n llam\u00f3 a las y los estudiantes a \u201cacercarse a renovar su sello a los m\u00f3dulos dispuestos por JUNAEB hasta el 30 de agosto. Para evitar aglomeraciones y retrasos, se recomienda hacer la gesti\u00f3n con antelaci\u00f3n\u201d.<\/p>\n<p class=\"v1MsoNormal\" style=\"text-align: justify;\">En esa misma l\u00ednea, el Director Regional de JUNAEB Cristi\u00e1n Magne Chible inform\u00f3 que en la regi\u00f3n de Ays\u00e9n se han\u00a0<span lang=\"ES\">realizado jornadas de validaci\u00f3n de TNE\u00a0 en el terminal de buses Municipal en Coyhaique, y en la delegaci\u00f3n presidencial provincial de Ays\u00e9n. Se ha planificado una jornada de revalidaci\u00f3n de TNE para el d\u00eda 17 de junio<b>\u00a0<\/b>en terminal de Buses municipal en Coyhaique. Este proceso est\u00e1 dirigido a estudiantes de educaci\u00f3n b\u00e1sica y media, de establecimientos municipales y particulares subvencionados. En educaci\u00f3n superior pueden revalidar estudiantes regulares que cursen carreras de pregrado en una instituci\u00f3n reconocida por el Ministerio de Educaci\u00f3n: Centros de Formaci\u00f3n T\u00e9cnica (CFT), Institutos Profesionales (IP), universidades estatales, universidades particulares con aporte estatal y universidades privadas. Estudiantes de magister o doctorado, que posean situaci\u00f3n socioecon\u00f3mica acreditada por la instituci\u00f3n, conforme a lo indicado en el Oficio N.\u00ba 1268.<\/span><\/p>\n<p class=\"v1MsoNormal\" style=\"text-align: justify;\">M\u00e1s informaci\u00f3n sobre la Tarjeta Nacional Estudiantil en\u00a0<span lang=\"ES\"><a href=\"http:\/\/www.tne.cl\/\" target=\"_blank\" rel=\"noopener noreferrer\"><span lang=\"ES-CL\">www.tne.cl<\/span><\/a><\/span>.<\/p>\n<\/div><\/section><\/div><div  style='height:50px' class='hr hr-invisible   avia-builder-el-6  el_after_av_one_full  el_before_av_social_share '><span class='hr-inner ' ><span class='hr-inner-style'><\/span><\/span><\/div><\/p>\n<div  class='av-social-sharing-box  avia-builder-el-7  el_after_av_hr  el_before_av_hr  '><div class='av-share-box'><h5 class='av-share-link-description av-no-toc '>Compartir esta noticia<\/h5><ul class='av-share-box-list noLightbox'><li class='av-share-link av-social-link-facebook' ><a target=\"_blank\" aria-label=\"Compartir en Facebook\" href='https:\/\/www.facebook.com\/sharer.php?u=https:\/\/radiorevelacionfm.cl\/?p=17683&#038;t=Llaman%20a%20revalidar%20la%20Tarjeta%20Nacional%20del%20Estudiante%20TNE' aria-hidden='false' data-av_icon='\ue8f3' data-av_iconfont='entypo-fontello' title='' data-avia-related-tooltip='Compartir en Facebook' rel=\"noopener\"><span class='avia_hidden_link_text'>Compartir en Facebook<\/span><\/a><\/li><li class='av-share-link av-social-link-twitter' ><a target=\"_blank\" aria-label=\"Compartir en Twitter\" href='https:\/\/twitter.com\/share?text=Llaman%20a%20revalidar%20la%20Tarjeta%20Nacional%20del%20Estudiante%20TNE&#038;url=https:\/\/radiorevelacionfm.cl\/?p=17683' aria-hidden='false' data-av_icon='\ue8f1' data-av_iconfont='entypo-fontello' title='' data-avia-related-tooltip='Compartir en Twitter' rel=\"noopener\"><span class='avia_hidden_link_text'>Compartir en Twitter<\/span><\/a><\/li><li class='av-share-link av-social-link-whatsapp' ><a target=\"_blank\" aria-label=\"Compartir en Whatsapp\" href='https:\/\/api.whatsapp.com\/send?text=https:\/\/radiorevelacionfm.cl\/?p=17683' aria-hidden='false' data-av_icon='\uf232' data-av_iconfont='entypo-fontello' title='' data-avia-related-tooltip='Compartir en Whatsapp' rel=\"noopener\"><span class='avia_hidden_link_text'>Compartir en Whatsapp<\/span><\/a><\/li><li class='av-share-link av-social-link-linkedin' ><a target=\"_blank\" aria-label=\"Compartir en LinkedIn\" href='https:\/\/linkedin.com\/shareArticle?mini=true&#038;title=Llaman%20a%20revalidar%20la%20Tarjeta%20Nacional%20del%20Estudiante%20TNE&#038;url=https:\/\/radiorevelacionfm.cl\/?p=17683' aria-hidden='false' data-av_icon='\ue8fc' data-av_iconfont='entypo-fontello' title='' data-avia-related-tooltip='Compartir en LinkedIn' rel=\"noopener\"><span class='avia_hidden_link_text'>Compartir en LinkedIn<\/span><\/a><\/li><li class='av-share-link av-social-link-mail' ><a  aria-label=\"Compartir por correo\" href='mailto:?subject=Llaman%20a%20revalidar%20la%20Tarjeta%20Nacional%20del%20Estudiante%20TNE&#038;body=https:\/\/radiorevelacionfm.cl\/?p=17683' aria-hidden='false' data-av_icon='\ue805' data-av_iconfont='entypo-fontello' title='' data-avia-related-tooltip='Compartir por correo'><span class='avia_hidden_link_text'>Compartir por correo<\/span><\/a><\/li><\/ul><\/div><\/div>\n<div  style='height:50px' class='hr hr-invisible   avia-builder-el-8  el_after_av_social_share  el_before_av_comments_list '><span class='hr-inner ' ><span class='hr-inner-style'><\/span><\/span><\/div>\n<div  class='av-buildercomment  av-blog-meta-html-info-disabled av-blog-meta-tag-disabled  '><\/div>\n","protected":false},"excerpt":{"rendered":"","protected":false},"author":1,"featured_media":17684,"comment_status":"open","ping_status":"open","sticky":false,"template":"","format":"standard","meta":{"footnotes":""},"categories":[49],"tags":[],"class_list":["post-17683","post","type-post","status-publish","format-standard","has-post-thumbnail","hentry","category-educacion"],"jetpack_featured_media_url":"https:\/\/radiorevelacionfm.cl\/wp-content\/uploads\/2022\/06\/tne1-1-1.jpg","_links":{"self":[{"href":"https:\/\/radiorevelacionfm.cl\/index.php?rest_route=\/wp\/v2\/posts\/17683","targetHints":{"allow":["GET"]}}],"collection":[{"href":"https:\/\/radiorevelacionfm.cl\/index.php?rest_route=\/wp\/v2\/posts"}],"about":[{"href":"https:\/\/radiorevelacionfm.cl\/index.php?rest_route=\/wp\/v2\/types\/post"}],"author":[{"embeddable":true,"href":"https:\/\/radiorevelacionfm.cl\/index.php?rest_route=\/wp\/v2\/users\/1"}],"replies":[{"embeddable":true,"href":"https:\/\/radiorevelacionfm.cl\/index.php?rest_route=%2Fwp%2Fv2%2Fcomments&post=17683"}],"version-history":[{"count":3,"href":"https:\/\/radiorevelacionfm.cl\/index.php?rest_route=\/wp\/v2\/posts\/17683\/revisions"}],"predecessor-version":[{"id":17686,"href":"https:\/\/radiorevelacionfm.cl\/index.php?rest_route=\/wp\/v2\/posts\/17683\/revisions\/17686"}],"wp:featuredmedia":[{"embeddable":true,"href":"https:\/\/radiorevelacionfm.cl\/index.php?rest_route=\/wp\/v2\/media\/17684"}],"wp:attachment":[{"href":"https:\/\/radiorevelacionfm.cl\/index.php?rest_route=%2Fwp%2Fv2%2Fmedia&parent=17683"}],"wp:term":[{"taxonomy":"category","embeddable":true,"href":"https:\/\/radiorevelacionfm.cl\/index.php?rest_route=%2Fwp%2Fv2%2Fcategories&post=17683"},{"taxonomy":"post_tag","embeddable":true,"href":"https:\/\/radiorevelacionfm.cl\/index.php?rest_route=%2Fwp%2Fv2%2Ftags&post=17683"}],"curies":[{"name":"wp","href":"https:\/\/api.w.org\/{rel}","templated":true}]}}