{"id":17679,"date":"2022-06-07T10:51:04","date_gmt":"2022-06-07T13:51:04","guid":{"rendered":"https:\/\/radiorevelacionfm.cl\/?p=17679"},"modified":"2022-06-07T10:51:04","modified_gmt":"2022-06-07T13:51:04","slug":"nodo-ciencia-austral-prepara-semana-de-ciencia-abierta-en-aysen-y-magallanes","status":"publish","type":"post","link":"https:\/\/radiorevelacionfm.cl\/?p=17679","title":{"rendered":"Nodo Ciencia Austral prepara semana de Ciencia Abierta en Ays\u00e9n y Magallanes"},"content":{"rendered":"<div class=\"flex_column av_one_full  flex_column_div av-zero-column-padding first  avia-builder-el-0  el_before_av_one_full  avia-builder-el-first  \" style='border-radius:0px; '><div  class='avia-image-container  av-styling-    avia-builder-el-1  avia-builder-el-no-sibling  avia-align-center '  itemprop=\"image\" itemscope=\"itemscope\" itemtype=\"https:\/\/schema.org\/ImageObject\"  ><div class='avia-image-container-inner'><div class='avia-image-overlay-wrap'><img decoding=\"async\" class='wp-image-17680 avia-img-lazy-loading-not-17680 avia_image' src=\"https:\/\/radiorevelacionfm.cl\/wp-content\/uploads\/2022\/06\/Investigadora-tomando-muestras-de-nieve-en-isla-Rey-Jorge-sector-Elefantera.-Foto_Harry-Diaz_INACH-1-1.jpg\" alt='' title='Investigadora tomando muestras de nieve en isla Rey Jorge sector Elefantera. Foto_Harry D\u00edaz_INACH (1) (1)' height=\"600\" width=\"900\"  itemprop=\"thumbnailUrl\" srcset=\"https:\/\/radiorevelacionfm.cl\/wp-content\/uploads\/2022\/06\/Investigadora-tomando-muestras-de-nieve-en-isla-Rey-Jorge-sector-Elefantera.-Foto_Harry-Diaz_INACH-1-1.jpg 900w, https:\/\/radiorevelacionfm.cl\/wp-content\/uploads\/2022\/06\/Investigadora-tomando-muestras-de-nieve-en-isla-Rey-Jorge-sector-Elefantera.-Foto_Harry-Diaz_INACH-1-1-300x200.jpg 300w, https:\/\/radiorevelacionfm.cl\/wp-content\/uploads\/2022\/06\/Investigadora-tomando-muestras-de-nieve-en-isla-Rey-Jorge-sector-Elefantera.-Foto_Harry-Diaz_INACH-1-1-768x512.jpg 768w, https:\/\/radiorevelacionfm.cl\/wp-content\/uploads\/2022\/06\/Investigadora-tomando-muestras-de-nieve-en-isla-Rey-Jorge-sector-Elefantera.-Foto_Harry-Diaz_INACH-1-1-705x470.jpg 705w, https:\/\/radiorevelacionfm.cl\/wp-content\/uploads\/2022\/06\/Investigadora-tomando-muestras-de-nieve-en-isla-Rey-Jorge-sector-Elefantera.-Foto_Harry-Diaz_INACH-1-1-600x400.jpg 600w\" sizes=\"(max-width: 900px) 100vw, 900px\" \/><\/div><\/div><\/div><\/div><div class=\"flex_column av_one_full  flex_column_div av-zero-column-padding first  avia-builder-el-2  el_after_av_one_full  el_before_av_one_full  column-top-margin\" style='border-radius:0px; '><section class=\"av_textblock_section \"  itemscope=\"itemscope\" itemtype=\"https:\/\/schema.org\/BlogPosting\" itemprop=\"blogPost\" ><div class='avia_textblock  '   itemprop=\"text\" ><p style=\"text-align: center;\"><strong><span style=\"font-size: 18pt;\">Nodo Ciencia Austral prepara semana de Ciencia Abierta en Ays\u00e9n y Magallanes<\/span><\/strong><\/p>\n<div id=\"gtx-trans\" style=\"position: absolute; left: -50px; top: 4.31534px;\">\n<div class=\"gtx-trans-icon\"><\/div>\n<\/div>\n<\/div><\/section><\/div><div class=\"flex_column av_one_full  flex_column_div av-zero-column-padding first  avia-builder-el-4  el_after_av_one_full  el_before_av_hr  column-top-margin\" style='border-radius:0px; '><section class=\"av_textblock_section \"  itemscope=\"itemscope\" itemtype=\"https:\/\/schema.org\/BlogPosting\" itemprop=\"blogPost\" ><div class='avia_textblock  '   itemprop=\"text\" ><p style=\"text-align: justify;\">Esta iniciativa se est\u00e1 gestando en forma articulada entre el equipo de Nodo Ciencia Austral y diversos actores del ecosistema cient\u00edfico-tecnol\u00f3gico. Se llevar\u00e1 a cabo la \u00faltima semana de octubre y busca convertirse en un espacio para informar, educar y sensibilizar en torno al concepto de Ciencia Abierta a toda la comunidad de la Macrozona Austral.<\/p>\n<p style=\"text-align: justify;\">Con foco en promover el desarrollo y difusi\u00f3n de la ciencia de manera m\u00e1s abierta, accesible, eficiente y transparente -siguiendo las recomendaciones de Unesco- el proyecto Nodo Ciencia Austral est\u00e1 trabajando en una serie de acciones que buscan abordar este desaf\u00edo. Una de ellas es implementar la Semana de Ciencia Abierta, en miras a avanzar en ampliar el acceso a la informaci\u00f3n de ciencia, tecnolog\u00eda, conocimiento e innovaci\u00f3n (CTCI) -generada en la academia e institutos t\u00e9cnicos regionales- hacia todos los actores p\u00fablicos y privados interesados en estos datos. La iniciativa contempla espacios formativos y educativos, como un seminario internacional, talleres de trabajo colaborativo en temas de registro y comunicaci\u00f3n de la ciencia, charlas sobre hallazgos e investigaciones macrozonales y -como cierre de la semana- un acuerdo interinstitucional para el proceso de Ciencia Abierta Austral. Las actividades se llevar\u00e1n a cabo en modalidad presencial y virtual, entre los d\u00edas 24 y 28 de octubre del 2022 en las regiones de Ays\u00e9n y de Magallanes y la Ant\u00e1rtica Chilena.<\/p>\n<p style=\"text-align: justify;\">La Semana de Ciencia Abierta fue uno de los anuncios realizados en el marco de una nueva sesi\u00f3n del Comit\u00e9 de Coordinaci\u00f3n Macrozonal, instancia participativa que se re\u00fane todos los meses con representantes de entidades p\u00fablicas y privadas y que busca impulsar un sistema de gobernanza en materia de CTCI en las regiones australes. En ese contexto, la investigadora del Centro de Investigaci\u00f3n en Ecosistemas de la Patagonia (CIEP), Dra. Trace Gale, coment\u00f3 lo siguiente: \u201cPresentamos un plan de acci\u00f3n 2022 relacionado con ciencia abierta como modelo conductor de la gesti\u00f3n de la ciencia, tecnolog\u00eda, conocimiento e innovaci\u00f3n en la macrozona austral. Esto fue en respuesta a la participaci\u00f3n p\u00fablica y al desarrollo del diagn\u00f3stico del a\u00f1o pasado, donde identificamos un gran inter\u00e9s en el uso de los datos levantados por estudios para nuevos proyectos e investigaciones\u201d. Gale tambi\u00e9n destac\u00f3 el inter\u00e9s recibido por parte de los participantes \u201cen colaborar en el desarrollo de una Semana de Ciencia Abierta, en la cual vamos a estar trabajando en los pr\u00f3ximos meses\u201d.<\/p>\n<p style=\"text-align: justify;\">En esta \u00faltima sesi\u00f3n del Comit\u00e9 de Coordinaci\u00f3n Macrozonal, destaca la participaci\u00f3n de la Seremi de Ciencia, Ver\u00f3nica Vallejos; adem\u00e1s de representantes de los gobiernos regionales de Ays\u00e9n y de Magallanes y la Ant\u00e1rtica Chilena, del Museo Regional de Ays\u00e9n y de IFOP. Tambi\u00e9n investigadores(as) de las cuatro instituciones ejecutoras del proyecto Nodo Ciencia Austral: Universidad de Magallanes, Universidad de Ays\u00e9n, el Instituto Ant\u00e1rtico Chileno (INACH) y el Centro de Investigaci\u00f3n en Ecosistemas de la Patagonia (CIEP).<\/p>\n<p style=\"text-align: justify;\"><strong>Agenda de Laboratorios Naturales Subant\u00e1rticos<\/strong><\/p>\n<p style=\"text-align: justify;\">Entre los temas abordados en el encuentro, tambi\u00e9n destacan los avances de este proyecto liderado por la Dra. Laura S\u00e1nchez Jard\u00f3n. Durante su exposici\u00f3n, se dio a conocer el proceso de caracterizaci\u00f3n e identificaci\u00f3n de sitios y \u00e1reas pilotos que representan los laboratorios naturales subant\u00e1rticos. \u201dActualmente estamos elaborando una metodolog\u00eda cualitativa, objetiva y reproducible que permita operativizar este concepto, para que despu\u00e9s pueda ser utilizado como instrumento de gesti\u00f3n\u201d, coment\u00f3 la investigadora de la Universidad de Magallanes.<\/p>\n<p style=\"text-align: justify;\">Finalmente, cabe se\u00f1alar que los equipos multidisciplinarios que integran los nodos \u201cLaboratorios Naturales Subant\u00e1rticos\u201d y \u201cCiencia Austral\u201d trabajan en alianza, con el esp\u00edritu de fomentar la colaboraci\u00f3n y cooperaci\u00f3n entre iniciativas cient\u00edficas. Ambas cuentan con el financiamiento de la Agencia Nacional de Investigaci\u00f3n y Desarrollo (ANID).<\/p>\n<\/div><\/section><\/div><div  style='height:50px' class='hr hr-invisible   avia-builder-el-6  el_after_av_one_full  el_before_av_social_share '><span class='hr-inner ' ><span class='hr-inner-style'><\/span><\/span><\/div><\/p>\n<div  class='av-social-sharing-box  avia-builder-el-7  el_after_av_hr  el_before_av_hr  '><div class='av-share-box'><h5 class='av-share-link-description av-no-toc '>Compartir esta noticia<\/h5><ul class='av-share-box-list noLightbox'><li class='av-share-link av-social-link-facebook' ><a target=\"_blank\" aria-label=\"Compartir en Facebook\" href='https:\/\/www.facebook.com\/sharer.php?u=https:\/\/radiorevelacionfm.cl\/?p=17679&#038;t=Nodo%20Ciencia%20Austral%20prepara%20semana%20de%20Ciencia%20Abierta%20en%20Ays%C3%A9n%20y%20Magallanes' aria-hidden='false' data-av_icon='\ue8f3' data-av_iconfont='entypo-fontello' title='' data-avia-related-tooltip='Compartir en Facebook' rel=\"noopener\"><span class='avia_hidden_link_text'>Compartir en Facebook<\/span><\/a><\/li><li class='av-share-link av-social-link-twitter' ><a target=\"_blank\" aria-label=\"Compartir en Twitter\" href='https:\/\/twitter.com\/share?text=Nodo%20Ciencia%20Austral%20prepara%20semana%20de%20Ciencia%20Abierta%20en%20Ays%C3%A9n%20y%20Magallanes&#038;url=https:\/\/radiorevelacionfm.cl\/?p=17679' aria-hidden='false' data-av_icon='\ue8f1' data-av_iconfont='entypo-fontello' title='' data-avia-related-tooltip='Compartir en Twitter' rel=\"noopener\"><span class='avia_hidden_link_text'>Compartir en Twitter<\/span><\/a><\/li><li class='av-share-link av-social-link-whatsapp' ><a target=\"_blank\" aria-label=\"Compartir en Whatsapp\" href='https:\/\/api.whatsapp.com\/send?text=https:\/\/radiorevelacionfm.cl\/?p=17679' aria-hidden='false' data-av_icon='\uf232' data-av_iconfont='entypo-fontello' title='' data-avia-related-tooltip='Compartir en Whatsapp' rel=\"noopener\"><span class='avia_hidden_link_text'>Compartir en Whatsapp<\/span><\/a><\/li><li class='av-share-link av-social-link-linkedin' ><a target=\"_blank\" aria-label=\"Compartir en LinkedIn\" href='https:\/\/linkedin.com\/shareArticle?mini=true&#038;title=Nodo%20Ciencia%20Austral%20prepara%20semana%20de%20Ciencia%20Abierta%20en%20Ays%C3%A9n%20y%20Magallanes&#038;url=https:\/\/radiorevelacionfm.cl\/?p=17679' aria-hidden='false' data-av_icon='\ue8fc' data-av_iconfont='entypo-fontello' title='' data-avia-related-tooltip='Compartir en LinkedIn' rel=\"noopener\"><span class='avia_hidden_link_text'>Compartir en LinkedIn<\/span><\/a><\/li><li class='av-share-link av-social-link-mail' ><a  aria-label=\"Compartir por correo\" href='mailto:?subject=Nodo%20Ciencia%20Austral%20prepara%20semana%20de%20Ciencia%20Abierta%20en%20Ays%C3%A9n%20y%20Magallanes&#038;body=https:\/\/radiorevelacionfm.cl\/?p=17679' aria-hidden='false' data-av_icon='\ue805' data-av_iconfont='entypo-fontello' title='' data-avia-related-tooltip='Compartir por correo'><span class='avia_hidden_link_text'>Compartir por correo<\/span><\/a><\/li><\/ul><\/div><\/div>\n<div  style='height:50px' class='hr hr-invisible   avia-builder-el-8  el_after_av_social_share  el_before_av_comments_list '><span class='hr-inner ' ><span class='hr-inner-style'><\/span><\/span><\/div>\n<div  class='av-buildercomment  av-blog-meta-html-info-disabled av-blog-meta-tag-disabled  '><\/div>\n","protected":false},"excerpt":{"rendered":"","protected":false},"author":1,"featured_media":17680,"comment_status":"open","ping_status":"open","sticky":false,"template":"","format":"standard","meta":{"footnotes":""},"categories":[53],"tags":[],"class_list":["post-17679","post","type-post","status-publish","format-standard","has-post-thumbnail","hentry","category-ciencia"],"jetpack_featured_media_url":"https:\/\/radiorevelacionfm.cl\/wp-content\/uploads\/2022\/06\/Investigadora-tomando-muestras-de-nieve-en-isla-Rey-Jorge-sector-Elefantera.-Foto_Harry-Diaz_INACH-1-1.jpg","_links":{"self":[{"href":"https:\/\/radiorevelacionfm.cl\/index.php?rest_route=\/wp\/v2\/posts\/17679","targetHints":{"allow":["GET"]}}],"collection":[{"href":"https:\/\/radiorevelacionfm.cl\/index.php?rest_route=\/wp\/v2\/posts"}],"about":[{"href":"https:\/\/radiorevelacionfm.cl\/index.php?rest_route=\/wp\/v2\/types\/post"}],"author":[{"embeddable":true,"href":"https:\/\/radiorevelacionfm.cl\/index.php?rest_route=\/wp\/v2\/users\/1"}],"replies":[{"embeddable":true,"href":"https:\/\/radiorevelacionfm.cl\/index.php?rest_route=%2Fwp%2Fv2%2Fcomments&post=17679"}],"version-history":[{"count":2,"href":"https:\/\/radiorevelacionfm.cl\/index.php?rest_route=\/wp\/v2\/posts\/17679\/revisions"}],"predecessor-version":[{"id":17682,"href":"https:\/\/radiorevelacionfm.cl\/index.php?rest_route=\/wp\/v2\/posts\/17679\/revisions\/17682"}],"wp:featuredmedia":[{"embeddable":true,"href":"https:\/\/radiorevelacionfm.cl\/index.php?rest_route=\/wp\/v2\/media\/17680"}],"wp:attachment":[{"href":"https:\/\/radiorevelacionfm.cl\/index.php?rest_route=%2Fwp%2Fv2%2Fmedia&parent=17679"}],"wp:term":[{"taxonomy":"category","embeddable":true,"href":"https:\/\/radiorevelacionfm.cl\/index.php?rest_route=%2Fwp%2Fv2%2Fcategories&post=17679"},{"taxonomy":"post_tag","embeddable":true,"href":"https:\/\/radiorevelacionfm.cl\/index.php?rest_route=%2Fwp%2Fv2%2Ftags&post=17679"}],"curies":[{"name":"wp","href":"https:\/\/api.w.org\/{rel}","templated":true}]}}