{"id":17675,"date":"2022-06-07T12:17:12","date_gmt":"2022-06-07T15:17:12","guid":{"rendered":"https:\/\/radiorevelacionfm.cl\/?p=17675"},"modified":"2022-06-07T12:17:12","modified_gmt":"2022-06-07T15:17:12","slug":"impetuoso-soplo-del-espiritu-en-aysen","status":"publish","type":"post","link":"https:\/\/radiorevelacionfm.cl\/?p=17675","title":{"rendered":"Impetuoso sopl\u00f3 del Esp\u00edritu en Ays\u00e9n"},"content":{"rendered":"<div class=\"flex_column av_one_full  flex_column_div av-zero-column-padding first  avia-builder-el-0  el_before_av_one_full  avia-builder-el-first  \" style='border-radius:0px; '><div  class='avia-image-container  av-styling-    avia-builder-el-1  avia-builder-el-no-sibling  avia-align-center '  itemprop=\"image\" itemscope=\"itemscope\" itemtype=\"https:\/\/schema.org\/ImageObject\"  ><div class='avia-image-container-inner'><div class='avia-image-overlay-wrap'><img decoding=\"async\" class='wp-image-17676 avia-img-lazy-loading-not-17676 avia_image' src=\"https:\/\/radiorevelacionfm.cl\/wp-content\/uploads\/2022\/06\/02-4-1_optimized.jpg\" alt='' title='02-(4)-(1)_optimized' height=\"600\" width=\"1065\"  itemprop=\"thumbnailUrl\" srcset=\"https:\/\/radiorevelacionfm.cl\/wp-content\/uploads\/2022\/06\/02-4-1_optimized.jpg 1065w, https:\/\/radiorevelacionfm.cl\/wp-content\/uploads\/2022\/06\/02-4-1_optimized-300x169.jpg 300w, https:\/\/radiorevelacionfm.cl\/wp-content\/uploads\/2022\/06\/02-4-1_optimized-1030x580.jpg 1030w, https:\/\/radiorevelacionfm.cl\/wp-content\/uploads\/2022\/06\/02-4-1_optimized-768x433.jpg 768w, https:\/\/radiorevelacionfm.cl\/wp-content\/uploads\/2022\/06\/02-4-1_optimized-705x397.jpg 705w, https:\/\/radiorevelacionfm.cl\/wp-content\/uploads\/2022\/06\/02-4-1_optimized-600x338.jpg 600w\" sizes=\"(max-width: 1065px) 100vw, 1065px\" \/><\/div><\/div><\/div><\/div><div class=\"flex_column av_one_full  flex_column_div av-zero-column-padding first  avia-builder-el-2  el_after_av_one_full  el_before_av_one_full  column-top-margin\" style='border-radius:0px; '><section class=\"av_textblock_section \"  itemscope=\"itemscope\" itemtype=\"https:\/\/schema.org\/BlogPosting\" itemprop=\"blogPost\" ><div class='avia_textblock  '   itemprop=\"text\" ><p style=\"text-align: center;\"><strong><span style=\"font-size: 18pt;\">Impetuoso sopl\u00f3 del Esp\u00edritu en Ays\u00e9n<\/span><\/strong><\/p>\n<div id=\"gtx-trans\" style=\"position: absolute; left: -50px; top: 4.31534px;\">\n<div class=\"gtx-trans-icon\"><\/div>\n<\/div>\n<\/div><\/section><\/div><div class=\"flex_column av_one_full  flex_column_div av-zero-column-padding first  avia-builder-el-4  el_after_av_one_full  el_before_av_hr  column-top-margin\" style='border-radius:0px; '><section class=\"av_textblock_section \"  itemscope=\"itemscope\" itemtype=\"https:\/\/schema.org\/BlogPosting\" itemprop=\"blogPost\" ><div class='avia_textblock  '   itemprop=\"text\" ><p style=\"font-weight: 400; text-align: justify;\">Con gran alegr\u00eda, y con diversas y animadas celebraciones, el Vicariato Apost\u00f3lico de Ays\u00e9n, festej\u00f3 un nuevo cumplea\u00f1os de la Iglesia en toda la regi\u00f3n con la renovadora y refrescante llegada del Esp\u00edritu Santo en una nueva Fiesta de Pentecost\u00e9s.<\/p>\n<p style=\"font-weight: 400; text-align: justify;\">En cada localidad, de norte a sur, se reunieron hermanos y hermanas de las m\u00e1s de 60 comunidades del Vicariato para, despu\u00e9s de dos a\u00f1os de pandemia, reencontrarse y celebrar con j\u00fabilo y fiesta su fe a la espera del Esp\u00edritu Santo.<\/p>\n<p style=\"font-weight: 400; text-align: justify;\">Encuentros con j\u00f3venes, vigilias, retiros, jornadas, eucarist\u00edas y confirmaciones fueron los espacios que acogieron al Esp\u00edritu Santo, as\u00ed como los medios vicariales de comunicaci\u00f3n, Radio y Televisi\u00f3n Santa Mar\u00eda, que transmitieron para toda la regi\u00f3n la \u201cVigilia Vicarial de Pentecost\u00e9s 2022\u201d, que cubri\u00f3 toda la Patagonia aysenina.<\/p>\n<p style=\"font-weight: 400; text-align: justify;\"><strong>Manos y corazones: una sola familia de Dios<\/strong><\/p>\n<p style=\"font-weight: 400; text-align: justify;\">En Coyhaique, la principal celebraci\u00f3n la anim\u00f3 el Movimiento de Renovaci\u00f3n Carism\u00e1tica de Ays\u00e9n que en \u201cCasa Bel\u00e9n\u201d organiz\u00f3 una gran vigilia, con participaci\u00f3n de todas las comunidades de la parroquia.<\/p>\n<p style=\"font-weight: 400; text-align: justify;\">A las diez de la noche, el Pastor de Ays\u00e9n, el padre obispo Luis Infanti, celebr\u00f3 la Santa Misa que fue el inicio de una larga y animada celebraci\u00f3n que dur\u00f3 hasta las seis de la madrugada.<\/p>\n<p style=\"font-weight: 400; text-align: justify;\">Paula Guzm\u00e1n, de la comunidad centro Coyhaique, coment\u00f3 que el soplo del Esp\u00edritu llegaba a Ays\u00e9n \u201ccon mucho viento, con mucho amor, con mucha felicidad junto a todos los hermanos que est\u00e1n aqu\u00ed, llenos de Esp\u00edritu Santo, cantando y alabando al Se\u00f1or\u201d.<\/p>\n<p style=\"font-weight: 400; text-align: justify;\">El p\u00e1rroco de Coyhaique, el padre Juan Ch\u00e1vez, tambi\u00e9n se refiri\u00f3 a este nuevo soplo del Esp\u00edritu. \u201cEsta noche \u2014dijo\u2014 ha sido diferente porque el Esp\u00edritu renueva la faz de la Tierra, y todos nos hemos preparado para este momento. Estamos tratando que el Esp\u00edritu se nos revele a todos en un modo Sinodal; que podamos siempre mirar hacia delante como nos pide el Se\u00f1or. Sigamos en este camino que nos pide a todos y que el Esp\u00edritu de Dios nos renueve para renovar a nuestros hermanos y toda la Iglesia de Coyhaique\u201d.<\/p>\n<p style=\"font-weight: 400; text-align: justify;\">Norma Negue, coordinadora del Movimiento de Renovaci\u00f3n Carism\u00e1tica Ays\u00e9n, destac\u00f3 uno de los sentidos de la oraci\u00f3n que se vivi\u00f3 en la celebraci\u00f3n de esa noche de vigilia. \u201cNuestra oraci\u00f3n est\u00e1\u2014enfatiz\u00f3\u2014 con quienes no pudieron estar aqu\u00ed. Oramos por nuestros hermanos del campo; por todas las localidades de esta regi\u00f3n que es tan linda y dispersa; a la que nos cuesta llegar como renovaci\u00f3n carism\u00e1tica. Nuestra oraci\u00f3n est\u00e1 con cada uno de los hermanos y hermanas en todo Ays\u00e9n\u201d.<\/p>\n<p style=\"font-weight: 400; text-align: justify;\">Terminada la misa, a modo de mensaje, padre obispo Luis subray\u00f3 que \u201choy, en Ays\u00e9n, el Esp\u00edritu est\u00e1 presente en tantas manos y corazones que son como artesanos de paz, de fraternidad y de justicia. Unidos, a pesar de muchas diferencias, como una sola familia de Dios. Y eso queremos extenderlo a todo nuestro pueblo\u201d.<\/p>\n<\/div><\/section><\/div><div  style='height:50px' class='hr hr-invisible   avia-builder-el-6  el_after_av_one_full  el_before_av_social_share '><span class='hr-inner ' ><span class='hr-inner-style'><\/span><\/span><\/div><\/p>\n<div  class='av-social-sharing-box  avia-builder-el-7  el_after_av_hr  el_before_av_hr  '><div class='av-share-box'><h5 class='av-share-link-description av-no-toc '>Compartir esta noticia<\/h5><ul class='av-share-box-list noLightbox'><li class='av-share-link av-social-link-facebook' ><a target=\"_blank\" aria-label=\"Compartir en Facebook\" href='https:\/\/www.facebook.com\/sharer.php?u=https:\/\/radiorevelacionfm.cl\/?p=17675&#038;t=Impetuoso%20sopl%C3%B3%20del%20Esp%C3%ADritu%20en%20Ays%C3%A9n' aria-hidden='false' data-av_icon='\ue8f3' data-av_iconfont='entypo-fontello' title='' data-avia-related-tooltip='Compartir en Facebook' rel=\"noopener\"><span class='avia_hidden_link_text'>Compartir en Facebook<\/span><\/a><\/li><li class='av-share-link av-social-link-twitter' ><a target=\"_blank\" aria-label=\"Compartir en Twitter\" href='https:\/\/twitter.com\/share?text=Impetuoso%20sopl%C3%B3%20del%20Esp%C3%ADritu%20en%20Ays%C3%A9n&#038;url=https:\/\/radiorevelacionfm.cl\/?p=17675' aria-hidden='false' data-av_icon='\ue8f1' data-av_iconfont='entypo-fontello' title='' data-avia-related-tooltip='Compartir en Twitter' rel=\"noopener\"><span class='avia_hidden_link_text'>Compartir en Twitter<\/span><\/a><\/li><li class='av-share-link av-social-link-whatsapp' ><a target=\"_blank\" aria-label=\"Compartir en Whatsapp\" href='https:\/\/api.whatsapp.com\/send?text=https:\/\/radiorevelacionfm.cl\/?p=17675' aria-hidden='false' data-av_icon='\uf232' data-av_iconfont='entypo-fontello' title='' data-avia-related-tooltip='Compartir en Whatsapp' rel=\"noopener\"><span class='avia_hidden_link_text'>Compartir en Whatsapp<\/span><\/a><\/li><li class='av-share-link av-social-link-linkedin' ><a target=\"_blank\" aria-label=\"Compartir en LinkedIn\" href='https:\/\/linkedin.com\/shareArticle?mini=true&#038;title=Impetuoso%20sopl%C3%B3%20del%20Esp%C3%ADritu%20en%20Ays%C3%A9n&#038;url=https:\/\/radiorevelacionfm.cl\/?p=17675' aria-hidden='false' data-av_icon='\ue8fc' data-av_iconfont='entypo-fontello' title='' data-avia-related-tooltip='Compartir en LinkedIn' rel=\"noopener\"><span class='avia_hidden_link_text'>Compartir en LinkedIn<\/span><\/a><\/li><li class='av-share-link av-social-link-mail' ><a  aria-label=\"Compartir por correo\" href='mailto:?subject=Impetuoso%20sopl%C3%B3%20del%20Esp%C3%ADritu%20en%20Ays%C3%A9n&#038;body=https:\/\/radiorevelacionfm.cl\/?p=17675' aria-hidden='false' data-av_icon='\ue805' data-av_iconfont='entypo-fontello' title='' data-avia-related-tooltip='Compartir por correo'><span class='avia_hidden_link_text'>Compartir por correo<\/span><\/a><\/li><\/ul><\/div><\/div>\n<div  style='height:50px' class='hr hr-invisible   avia-builder-el-8  el_after_av_social_share  el_before_av_comments_list '><span class='hr-inner ' ><span class='hr-inner-style'><\/span><\/span><\/div>\n<div  class='av-buildercomment  av-blog-meta-html-info-disabled av-blog-meta-tag-disabled  '><\/div>\n","protected":false},"excerpt":{"rendered":"","protected":false},"author":1,"featured_media":17676,"comment_status":"open","ping_status":"open","sticky":false,"template":"","format":"standard","meta":{"footnotes":""},"categories":[38],"tags":[],"class_list":["post-17675","post","type-post","status-publish","format-standard","has-post-thumbnail","hentry","category-regional"],"jetpack_featured_media_url":"https:\/\/radiorevelacionfm.cl\/wp-content\/uploads\/2022\/06\/02-4-1_optimized.jpg","_links":{"self":[{"href":"https:\/\/radiorevelacionfm.cl\/index.php?rest_route=\/wp\/v2\/posts\/17675","targetHints":{"allow":["GET"]}}],"collection":[{"href":"https:\/\/radiorevelacionfm.cl\/index.php?rest_route=\/wp\/v2\/posts"}],"about":[{"href":"https:\/\/radiorevelacionfm.cl\/index.php?rest_route=\/wp\/v2\/types\/post"}],"author":[{"embeddable":true,"href":"https:\/\/radiorevelacionfm.cl\/index.php?rest_route=\/wp\/v2\/users\/1"}],"replies":[{"embeddable":true,"href":"https:\/\/radiorevelacionfm.cl\/index.php?rest_route=%2Fwp%2Fv2%2Fcomments&post=17675"}],"version-history":[{"count":2,"href":"https:\/\/radiorevelacionfm.cl\/index.php?rest_route=\/wp\/v2\/posts\/17675\/revisions"}],"predecessor-version":[{"id":17688,"href":"https:\/\/radiorevelacionfm.cl\/index.php?rest_route=\/wp\/v2\/posts\/17675\/revisions\/17688"}],"wp:featuredmedia":[{"embeddable":true,"href":"https:\/\/radiorevelacionfm.cl\/index.php?rest_route=\/wp\/v2\/media\/17676"}],"wp:attachment":[{"href":"https:\/\/radiorevelacionfm.cl\/index.php?rest_route=%2Fwp%2Fv2%2Fmedia&parent=17675"}],"wp:term":[{"taxonomy":"category","embeddable":true,"href":"https:\/\/radiorevelacionfm.cl\/index.php?rest_route=%2Fwp%2Fv2%2Fcategories&post=17675"},{"taxonomy":"post_tag","embeddable":true,"href":"https:\/\/radiorevelacionfm.cl\/index.php?rest_route=%2Fwp%2Fv2%2Ftags&post=17675"}],"curies":[{"name":"wp","href":"https:\/\/api.w.org\/{rel}","templated":true}]}}