{"id":17672,"date":"2022-06-07T10:36:03","date_gmt":"2022-06-07T13:36:03","guid":{"rendered":"https:\/\/radiorevelacionfm.cl\/?p=17672"},"modified":"2022-06-07T10:36:03","modified_gmt":"2022-06-07T13:36:03","slug":"foro-para-la-descentralizacion-100-dias-para-el-analisis-de-la-transferencia-de-competencias-a-gobiernos-regionales","status":"publish","type":"post","link":"https:\/\/radiorevelacionfm.cl\/?p=17672","title":{"rendered":"Foro para la Descentralizaci\u00f3n: 100 d\u00edas para el an\u00e1lisis de la transferencia de competencias a Gobiernos Regionales"},"content":{"rendered":"<div class=\"flex_column av_one_full  flex_column_div av-zero-column-padding first  avia-builder-el-0  el_before_av_one_full  avia-builder-el-first  \" style='border-radius:0px; '><div  class='avia-image-container  av-styling-    avia-builder-el-1  avia-builder-el-no-sibling  avia-align-center '  itemprop=\"image\" itemscope=\"itemscope\" itemtype=\"https:\/\/schema.org\/ImageObject\"  ><div class='avia-image-container-inner'><div class='avia-image-overlay-wrap'><img decoding=\"async\" class='wp-image-17673 avia-img-lazy-loading-not-17673 avia_image' src=\"https:\/\/radiorevelacionfm.cl\/wp-content\/uploads\/2022\/06\/Foro-para-la-Descentralizacion-1-1.jpeg\" alt='' title='Foro para la Descentralizaci\u00f3n (1) (1)' height=\"600\" width=\"901\"  itemprop=\"thumbnailUrl\" srcset=\"https:\/\/radiorevelacionfm.cl\/wp-content\/uploads\/2022\/06\/Foro-para-la-Descentralizacion-1-1.jpeg 901w, https:\/\/radiorevelacionfm.cl\/wp-content\/uploads\/2022\/06\/Foro-para-la-Descentralizacion-1-1-300x200.jpeg 300w, https:\/\/radiorevelacionfm.cl\/wp-content\/uploads\/2022\/06\/Foro-para-la-Descentralizacion-1-1-768x511.jpeg 768w, https:\/\/radiorevelacionfm.cl\/wp-content\/uploads\/2022\/06\/Foro-para-la-Descentralizacion-1-1-705x469.jpeg 705w, https:\/\/radiorevelacionfm.cl\/wp-content\/uploads\/2022\/06\/Foro-para-la-Descentralizacion-1-1-600x400.jpeg 600w\" sizes=\"(max-width: 901px) 100vw, 901px\" \/><\/div><\/div><\/div><\/div><div class=\"flex_column av_one_full  flex_column_div av-zero-column-padding first  avia-builder-el-2  el_after_av_one_full  el_before_av_one_full  column-top-margin\" style='border-radius:0px; '><section class=\"av_textblock_section \"  itemscope=\"itemscope\" itemtype=\"https:\/\/schema.org\/BlogPosting\" itemprop=\"blogPost\" ><div class='avia_textblock  '   itemprop=\"text\" ><p style=\"text-align: center;\"><span style=\"font-size: 18pt;\"><b>Foro para la Descentralizaci\u00f3n: 100 d\u00edas para el an\u00e1lisis de la transferencia de competencias a Gobiernos Regionales<\/b><\/span><\/p>\n<div id=\"gtx-trans\" style=\"position: absolute; left: -50px; top: 4.31534px;\">\n<div class=\"gtx-trans-icon\"><\/div>\n<\/div>\n<\/div><\/section><\/div><div class=\"flex_column av_one_full  flex_column_div av-zero-column-padding first  avia-builder-el-4  el_after_av_one_full  el_before_av_hr  column-top-margin\" style='border-radius:0px; '><section class=\"av_textblock_section \"  itemscope=\"itemscope\" itemtype=\"https:\/\/schema.org\/BlogPosting\" itemprop=\"blogPost\" ><div class='avia_textblock  '   itemprop=\"text\" ><p style=\"text-align: justify;\">15 ministros de Estado y los 16 Gobernadores y Gobernadoras Regionales del pa\u00eds participaron en el hist\u00f3rico encuentro para las regiones donde se establecieron las urgencias en el proceso de descentralizaci\u00f3n.<\/p>\n<p style=\"text-align: justify;\">\u00abLos Gobernadores y Gobernadoras de Chile participamos en este Foro donde tuvimos la oportunidad de generar una conversaci\u00f3n y un espacio de trabajo con 15 ministros y ministra, m\u00e1s distintos subsecretarios del Gobierno Central para abordar el tema del traspaso de competencias; entendiendo que para avanzar en descentralizaci\u00f3n \u00e9sta debe ser pol\u00edtica administrativa y tambi\u00e9n fiscal\u00bb, afirm\u00f3 la Gobernadora Andrea Mac\u00edas Palma en la ocasi\u00f3n.<\/p>\n<p style=\"text-align: justify;\">La instancia, que fue destacada por la Ministra del Interior Izkia Siches como \u00abUn d\u00eda hist\u00f3rico para las regiones\u00bb, se plante\u00f3 la meta de tener en 100 d\u00edas un documento trabajado en conjunto a las m\u00e1ximas autoridades regionales con las facultades que podr\u00edan pasar a ser parte de los Gobiernos Regionales.<\/p>\n<p style=\"text-align: justify;\">\u00abEste fue un compromiso sostenido por el Presidente Gabriel Boric y es importante se\u00f1alar que se ha puesto en discusi\u00f3n la importancia de que las competencias transferidas sean con acuerdo de los Gobiernos Regionales, no como pas\u00f3 en la administraci\u00f3n anterior (&#8230;) Es importante recordar tambi\u00e9n que el proceso de traspaso de competencias y el proceso de descentralizaci\u00f3n es un proceso lento, un proceso que estamos iniciando. Un proceso que Chile efectivamente puede alcanzar un nivel de autonom\u00eda de sus territorios que permita trabajar desde sus particularidades y que permita reconocerlos en sus diferencias\u00bb, manifest\u00f3 la Gobernadora Mac\u00edas.<\/p>\n<p style=\"text-align: justify;\">La idea de colaboraci\u00f3n entre las autoridades de nivel central y los Gobernadores y Gobernadoras Regionales es que el traspaso de competencias y facultades a los organismos regionales tenga pertinencia territorial, para poder redistribuir el poder realmente en las distintas comunidades para la toma de decisiones que les impactan.<\/p>\n<p style=\"text-align: justify;\">En el foro tambi\u00e9n participaron otros 15 ministros del Gobierno del Presidente Boric y subsecretarios de distintas carteras.<\/p>\n<\/div><\/section><\/div><div  style='height:50px' class='hr hr-invisible   avia-builder-el-6  el_after_av_one_full  el_before_av_social_share '><span class='hr-inner ' ><span class='hr-inner-style'><\/span><\/span><\/div><\/p>\n<div  class='av-social-sharing-box  avia-builder-el-7  el_after_av_hr  el_before_av_hr  '><div class='av-share-box'><h5 class='av-share-link-description av-no-toc '>Compartir esta noticia<\/h5><ul class='av-share-box-list noLightbox'><li class='av-share-link av-social-link-facebook' ><a target=\"_blank\" aria-label=\"Compartir en Facebook\" href='https:\/\/www.facebook.com\/sharer.php?u=https:\/\/radiorevelacionfm.cl\/?p=17672&#038;t=Foro%20para%20la%20Descentralizaci%C3%B3n%3A%20100%20d%C3%ADas%20para%20el%20an%C3%A1lisis%20de%20la%20transferencia%20de%20competencias%20a%20Gobiernos%20Regionales' aria-hidden='false' data-av_icon='\ue8f3' data-av_iconfont='entypo-fontello' title='' data-avia-related-tooltip='Compartir en Facebook' rel=\"noopener\"><span class='avia_hidden_link_text'>Compartir en Facebook<\/span><\/a><\/li><li class='av-share-link av-social-link-twitter' ><a target=\"_blank\" aria-label=\"Compartir en Twitter\" href='https:\/\/twitter.com\/share?text=Foro%20para%20la%20Descentralizaci%C3%B3n%3A%20100%20d%C3%ADas%20para%20el%20an%C3%A1lisis%20de%20la%20transferencia%20de%20competencias%20a%20Gobiernos%20Regionales&#038;url=https:\/\/radiorevelacionfm.cl\/?p=17672' aria-hidden='false' data-av_icon='\ue8f1' data-av_iconfont='entypo-fontello' title='' data-avia-related-tooltip='Compartir en Twitter' rel=\"noopener\"><span class='avia_hidden_link_text'>Compartir en Twitter<\/span><\/a><\/li><li class='av-share-link av-social-link-whatsapp' ><a target=\"_blank\" aria-label=\"Compartir en Whatsapp\" href='https:\/\/api.whatsapp.com\/send?text=https:\/\/radiorevelacionfm.cl\/?p=17672' aria-hidden='false' data-av_icon='\uf232' data-av_iconfont='entypo-fontello' title='' data-avia-related-tooltip='Compartir en Whatsapp' rel=\"noopener\"><span class='avia_hidden_link_text'>Compartir en Whatsapp<\/span><\/a><\/li><li class='av-share-link av-social-link-linkedin' ><a target=\"_blank\" aria-label=\"Compartir en LinkedIn\" href='https:\/\/linkedin.com\/shareArticle?mini=true&#038;title=Foro%20para%20la%20Descentralizaci%C3%B3n%3A%20100%20d%C3%ADas%20para%20el%20an%C3%A1lisis%20de%20la%20transferencia%20de%20competencias%20a%20Gobiernos%20Regionales&#038;url=https:\/\/radiorevelacionfm.cl\/?p=17672' aria-hidden='false' data-av_icon='\ue8fc' data-av_iconfont='entypo-fontello' title='' data-avia-related-tooltip='Compartir en LinkedIn' rel=\"noopener\"><span class='avia_hidden_link_text'>Compartir en LinkedIn<\/span><\/a><\/li><li class='av-share-link av-social-link-mail' ><a  aria-label=\"Compartir por correo\" href='mailto:?subject=Foro%20para%20la%20Descentralizaci%C3%B3n%3A%20100%20d%C3%ADas%20para%20el%20an%C3%A1lisis%20de%20la%20transferencia%20de%20competencias%20a%20Gobiernos%20Regionales&#038;body=https:\/\/radiorevelacionfm.cl\/?p=17672' aria-hidden='false' data-av_icon='\ue805' data-av_iconfont='entypo-fontello' title='' data-avia-related-tooltip='Compartir por correo'><span class='avia_hidden_link_text'>Compartir por correo<\/span><\/a><\/li><\/ul><\/div><\/div>\n<div  style='height:50px' class='hr hr-invisible   avia-builder-el-8  el_after_av_social_share  el_before_av_comments_list '><span class='hr-inner ' ><span class='hr-inner-style'><\/span><\/span><\/div>\n<div  class='av-buildercomment  av-blog-meta-html-info-disabled av-blog-meta-tag-disabled  '><\/div>\n","protected":false},"excerpt":{"rendered":"","protected":false},"author":1,"featured_media":17673,"comment_status":"open","ping_status":"open","sticky":false,"template":"","format":"standard","meta":{"footnotes":""},"categories":[38],"tags":[],"class_list":["post-17672","post","type-post","status-publish","format-standard","has-post-thumbnail","hentry","category-regional"],"jetpack_featured_media_url":"https:\/\/radiorevelacionfm.cl\/wp-content\/uploads\/2022\/06\/Foro-para-la-Descentralizacion-1-1.jpeg","_links":{"self":[{"href":"https:\/\/radiorevelacionfm.cl\/index.php?rest_route=\/wp\/v2\/posts\/17672","targetHints":{"allow":["GET"]}}],"collection":[{"href":"https:\/\/radiorevelacionfm.cl\/index.php?rest_route=\/wp\/v2\/posts"}],"about":[{"href":"https:\/\/radiorevelacionfm.cl\/index.php?rest_route=\/wp\/v2\/types\/post"}],"author":[{"embeddable":true,"href":"https:\/\/radiorevelacionfm.cl\/index.php?rest_route=\/wp\/v2\/users\/1"}],"replies":[{"embeddable":true,"href":"https:\/\/radiorevelacionfm.cl\/index.php?rest_route=%2Fwp%2Fv2%2Fcomments&post=17672"}],"version-history":[{"count":2,"href":"https:\/\/radiorevelacionfm.cl\/index.php?rest_route=\/wp\/v2\/posts\/17672\/revisions"}],"predecessor-version":[{"id":17678,"href":"https:\/\/radiorevelacionfm.cl\/index.php?rest_route=\/wp\/v2\/posts\/17672\/revisions\/17678"}],"wp:featuredmedia":[{"embeddable":true,"href":"https:\/\/radiorevelacionfm.cl\/index.php?rest_route=\/wp\/v2\/media\/17673"}],"wp:attachment":[{"href":"https:\/\/radiorevelacionfm.cl\/index.php?rest_route=%2Fwp%2Fv2%2Fmedia&parent=17672"}],"wp:term":[{"taxonomy":"category","embeddable":true,"href":"https:\/\/radiorevelacionfm.cl\/index.php?rest_route=%2Fwp%2Fv2%2Fcategories&post=17672"},{"taxonomy":"post_tag","embeddable":true,"href":"https:\/\/radiorevelacionfm.cl\/index.php?rest_route=%2Fwp%2Fv2%2Ftags&post=17672"}],"curies":[{"name":"wp","href":"https:\/\/api.w.org\/{rel}","templated":true}]}}