{"id":17668,"date":"2022-06-06T19:08:38","date_gmt":"2022-06-06T22:08:38","guid":{"rendered":"https:\/\/radiorevelacionfm.cl\/?p=17668"},"modified":"2022-06-06T19:08:38","modified_gmt":"2022-06-06T22:08:38","slug":"individuo-con-tres-ordenes-de-detencion-pendiente-es-detenido-por-la-pdi-tras-control-de-identidad-en-puerto-chacabuco","status":"publish","type":"post","link":"https:\/\/radiorevelacionfm.cl\/?p=17668","title":{"rendered":"Individuo con tres \u00f3rdenes de detenci\u00f3n pendiente es detenido por la PDI tras control de identidad\u00a0en Puerto Chacabuco"},"content":{"rendered":"<div class=\"flex_column av_one_full  flex_column_div av-zero-column-padding first  avia-builder-el-0  el_before_av_one_full  avia-builder-el-first  \" style='border-radius:0px; '><div  class='avia-image-container  av-styling-    avia-builder-el-1  avia-builder-el-no-sibling  avia-align-center '  itemprop=\"image\" itemscope=\"itemscope\" itemtype=\"https:\/\/schema.org\/ImageObject\"  ><div class='avia-image-container-inner'><div class='avia-image-overlay-wrap'><img decoding=\"async\" class='wp-image-17669 avia-img-lazy-loading-not-17669 avia_image' src=\"https:\/\/radiorevelacionfm.cl\/wp-content\/uploads\/2022\/06\/06-06-2022-1-1.jpeg\" alt='' title='06-06-2022 (1) (1)' height=\"600\" width=\"1067\"  itemprop=\"thumbnailUrl\" srcset=\"https:\/\/radiorevelacionfm.cl\/wp-content\/uploads\/2022\/06\/06-06-2022-1-1.jpeg 1067w, https:\/\/radiorevelacionfm.cl\/wp-content\/uploads\/2022\/06\/06-06-2022-1-1-300x169.jpeg 300w, https:\/\/radiorevelacionfm.cl\/wp-content\/uploads\/2022\/06\/06-06-2022-1-1-1030x579.jpeg 1030w, https:\/\/radiorevelacionfm.cl\/wp-content\/uploads\/2022\/06\/06-06-2022-1-1-768x432.jpeg 768w, https:\/\/radiorevelacionfm.cl\/wp-content\/uploads\/2022\/06\/06-06-2022-1-1-705x396.jpeg 705w, https:\/\/radiorevelacionfm.cl\/wp-content\/uploads\/2022\/06\/06-06-2022-1-1-600x337.jpeg 600w\" sizes=\"(max-width: 1067px) 100vw, 1067px\" \/><\/div><\/div><\/div><\/div><div class=\"flex_column av_one_full  flex_column_div av-zero-column-padding first  avia-builder-el-2  el_after_av_one_full  el_before_av_one_full  column-top-margin\" style='border-radius:0px; '><section class=\"av_textblock_section \"  itemscope=\"itemscope\" itemtype=\"https:\/\/schema.org\/BlogPosting\" itemprop=\"blogPost\" ><div class='avia_textblock  '   itemprop=\"text\" ><p style=\"text-align: center;\"><strong><span style=\"font-size: 18pt;\">Individuo con tres \u00f3rdenes de detenci\u00f3n pendiente es detenido por la PDI tras control de identidad en Puerto Chacabuco<\/span><\/strong><\/p>\n<div id=\"gtx-trans\" style=\"position: absolute; left: -50px; top: 4.31534px;\">\n<div class=\"gtx-trans-icon\"><\/div>\n<\/div>\n<\/div><\/section><\/div><div class=\"flex_column av_one_full  flex_column_div av-zero-column-padding first  avia-builder-el-4  el_after_av_one_full  el_before_av_hr  column-top-margin\" style='border-radius:0px; '><section class=\"av_textblock_section \"  itemscope=\"itemscope\" itemtype=\"https:\/\/schema.org\/BlogPosting\" itemprop=\"blogPost\" ><div class='avia_textblock  '   itemprop=\"text\" ><p style=\"text-align: justify;\">En una nueva fiscalizaci\u00f3n en el muelle de Puerto Chacabuco, el \u00c1rea de Migraciones Ays\u00e9n con el apoyo de la Brigada Investigadora de Delitos del Medio Ambiente y Patrimonio Cultural (BIDEMA) Ays\u00e9n, y en un servicio coordinado junto al personal de la Armada de Chile y el Servicio Nacional de Aduanas, logr\u00f3 detectar y detener a una persona chilena y mayor de edad, quien manten\u00eda tres \u00f3rdenes de detenci\u00f3n pendiente.<\/p>\n<p style=\"text-align: justify;\">Durante la madrugada de este lunes 6 de junio de 2022, personal de la Polic\u00eda de Investigaciones de Chile, realiz\u00f3 un servicio de fiscalizaci\u00f3n a extranjeros y controles de identidad a los pasajeros de la Barcaza \u201cQueulat\u201d provenientes de la localidad de Quell\u00f3n, Chilo\u00e9. Instancia donde se logr\u00f3 la detenci\u00f3n de una persona que manten\u00eda tres \u00f3rdenes de detenci\u00f3n vigentes, dos de las cuales por Hurto Simple emanadas por los Juzgados de Garant\u00eda de Puerto Montt y Castro respectivamente, y otra por Robo en Lugar No Habitado del Juzgado de Garant\u00eda de Osorno.<\/p>\n<p style=\"text-align: justify;\">Sobre este procedimiento, el jefe de la Secci\u00f3n de Migraciones y Polic\u00eda Internacional de Ays\u00e9n, subcomisario Hans Suazo Sanhueza, se\u00f1alo \u201choy en horas de la madrugada, nos trasladamos hasta el muelle de Puerto Chacabuco con la finalidad de llevar a cabo una fiscalizaci\u00f3n a extranjeros y realizar control de identidad a los pasajeros de la barcaza proveniente desde Quell\u00f3n, fue en estas diligencias de\u00a0 control que se detect\u00f3 a un ciudadano que manten\u00eda tres \u00f3rdenes de detenci\u00f3n pendientes, ante lo cual se tom\u00f3 contacto con el fiscal de turno, quien instruy\u00f3 que el detenido fuera puesto a disposici\u00f3n del Juzgado de Garant\u00eda de Puerto Ays\u00e9n para su debida audiencia de control de detenci\u00f3n\u201d.<\/p>\n<p style=\"text-align: justify;\">\u201cCabe hacer presente que este tipo de procedimientos se llevar\u00e1 a cabo en forma frecuente en todos los puertos de la Provincia de Ays\u00e9n, para detectar personas que sean requeridas por los distintos tribunales de justicia del pa\u00eds, como as\u00ed tambi\u00e9n fiscalizar a los ciudadanos extranjeros para corroborar que mantengan su documentaci\u00f3n vigente al momento de ingresar a la regi\u00f3n\u201d, manifest\u00f3 el subcomisario Suazo.<\/p>\n<\/div><\/section><\/div><div  style='height:50px' class='hr hr-invisible   avia-builder-el-6  el_after_av_one_full  el_before_av_social_share '><span class='hr-inner ' ><span class='hr-inner-style'><\/span><\/span><\/div><\/p>\n<div  class='av-social-sharing-box  avia-builder-el-7  el_after_av_hr  el_before_av_hr  '><div class='av-share-box'><h5 class='av-share-link-description av-no-toc '>Compartir esta noticia<\/h5><ul class='av-share-box-list noLightbox'><li class='av-share-link av-social-link-facebook' ><a target=\"_blank\" aria-label=\"Compartir en Facebook\" href='https:\/\/www.facebook.com\/sharer.php?u=https:\/\/radiorevelacionfm.cl\/?p=17668&#038;t=Individuo%20con%20tres%20%C3%B3rdenes%20de%20detenci%C3%B3n%20pendiente%20es%20detenido%20por%20la%20PDI%20tras%20control%20de%20identidad%C2%A0en%20Puerto%20Chacabuco' aria-hidden='false' data-av_icon='\ue8f3' data-av_iconfont='entypo-fontello' title='' data-avia-related-tooltip='Compartir en Facebook' rel=\"noopener\"><span class='avia_hidden_link_text'>Compartir en Facebook<\/span><\/a><\/li><li class='av-share-link av-social-link-twitter' ><a target=\"_blank\" aria-label=\"Compartir en Twitter\" href='https:\/\/twitter.com\/share?text=Individuo%20con%20tres%20%C3%B3rdenes%20de%20detenci%C3%B3n%20pendiente%20es%20detenido%20por%20la%20PDI%20tras%20control%20de%20identidad%C2%A0en%20Puerto%20Chacabuco&#038;url=https:\/\/radiorevelacionfm.cl\/?p=17668' aria-hidden='false' data-av_icon='\ue8f1' data-av_iconfont='entypo-fontello' title='' data-avia-related-tooltip='Compartir en Twitter' rel=\"noopener\"><span class='avia_hidden_link_text'>Compartir en Twitter<\/span><\/a><\/li><li class='av-share-link av-social-link-whatsapp' ><a target=\"_blank\" aria-label=\"Compartir en Whatsapp\" href='https:\/\/api.whatsapp.com\/send?text=https:\/\/radiorevelacionfm.cl\/?p=17668' aria-hidden='false' data-av_icon='\uf232' data-av_iconfont='entypo-fontello' title='' data-avia-related-tooltip='Compartir en Whatsapp' rel=\"noopener\"><span class='avia_hidden_link_text'>Compartir en Whatsapp<\/span><\/a><\/li><li class='av-share-link av-social-link-linkedin' ><a target=\"_blank\" aria-label=\"Compartir en LinkedIn\" href='https:\/\/linkedin.com\/shareArticle?mini=true&#038;title=Individuo%20con%20tres%20%C3%B3rdenes%20de%20detenci%C3%B3n%20pendiente%20es%20detenido%20por%20la%20PDI%20tras%20control%20de%20identidad%C2%A0en%20Puerto%20Chacabuco&#038;url=https:\/\/radiorevelacionfm.cl\/?p=17668' aria-hidden='false' data-av_icon='\ue8fc' data-av_iconfont='entypo-fontello' title='' data-avia-related-tooltip='Compartir en LinkedIn' rel=\"noopener\"><span class='avia_hidden_link_text'>Compartir en LinkedIn<\/span><\/a><\/li><li class='av-share-link av-social-link-mail' ><a  aria-label=\"Compartir por correo\" href='mailto:?subject=Individuo%20con%20tres%20%C3%B3rdenes%20de%20detenci%C3%B3n%20pendiente%20es%20detenido%20por%20la%20PDI%20tras%20control%20de%20identidad%C2%A0en%20Puerto%20Chacabuco&#038;body=https:\/\/radiorevelacionfm.cl\/?p=17668' aria-hidden='false' data-av_icon='\ue805' data-av_iconfont='entypo-fontello' title='' data-avia-related-tooltip='Compartir por correo'><span class='avia_hidden_link_text'>Compartir por correo<\/span><\/a><\/li><\/ul><\/div><\/div>\n<div  style='height:50px' class='hr hr-invisible   avia-builder-el-8  el_after_av_social_share  el_before_av_comments_list '><span class='hr-inner ' ><span class='hr-inner-style'><\/span><\/span><\/div>\n<div  class='av-buildercomment  av-blog-meta-html-info-disabled av-blog-meta-tag-disabled  '><\/div>\n","protected":false},"excerpt":{"rendered":"","protected":false},"author":1,"featured_media":17669,"comment_status":"open","ping_status":"open","sticky":false,"template":"","format":"standard","meta":{"footnotes":""},"categories":[36],"tags":[],"class_list":["post-17668","post","type-post","status-publish","format-standard","has-post-thumbnail","hentry","category-policial"],"jetpack_featured_media_url":"https:\/\/radiorevelacionfm.cl\/wp-content\/uploads\/2022\/06\/06-06-2022-1-1.jpeg","_links":{"self":[{"href":"https:\/\/radiorevelacionfm.cl\/index.php?rest_route=\/wp\/v2\/posts\/17668","targetHints":{"allow":["GET"]}}],"collection":[{"href":"https:\/\/radiorevelacionfm.cl\/index.php?rest_route=\/wp\/v2\/posts"}],"about":[{"href":"https:\/\/radiorevelacionfm.cl\/index.php?rest_route=\/wp\/v2\/types\/post"}],"author":[{"embeddable":true,"href":"https:\/\/radiorevelacionfm.cl\/index.php?rest_route=\/wp\/v2\/users\/1"}],"replies":[{"embeddable":true,"href":"https:\/\/radiorevelacionfm.cl\/index.php?rest_route=%2Fwp%2Fv2%2Fcomments&post=17668"}],"version-history":[{"count":2,"href":"https:\/\/radiorevelacionfm.cl\/index.php?rest_route=\/wp\/v2\/posts\/17668\/revisions"}],"predecessor-version":[{"id":17671,"href":"https:\/\/radiorevelacionfm.cl\/index.php?rest_route=\/wp\/v2\/posts\/17668\/revisions\/17671"}],"wp:featuredmedia":[{"embeddable":true,"href":"https:\/\/radiorevelacionfm.cl\/index.php?rest_route=\/wp\/v2\/media\/17669"}],"wp:attachment":[{"href":"https:\/\/radiorevelacionfm.cl\/index.php?rest_route=%2Fwp%2Fv2%2Fmedia&parent=17668"}],"wp:term":[{"taxonomy":"category","embeddable":true,"href":"https:\/\/radiorevelacionfm.cl\/index.php?rest_route=%2Fwp%2Fv2%2Fcategories&post=17668"},{"taxonomy":"post_tag","embeddable":true,"href":"https:\/\/radiorevelacionfm.cl\/index.php?rest_route=%2Fwp%2Fv2%2Ftags&post=17668"}],"curies":[{"name":"wp","href":"https:\/\/api.w.org\/{rel}","templated":true}]}}