{"id":17663,"date":"2022-06-06T17:27:46","date_gmt":"2022-06-06T20:27:46","guid":{"rendered":"https:\/\/radiorevelacionfm.cl\/?p=17663"},"modified":"2022-06-06T17:27:46","modified_gmt":"2022-06-06T20:27:46","slug":"en-emotivo-encuentro-108-familias-de-puerto-aysen-recibieron-las-escrituras-de-sus-viviendas","status":"publish","type":"post","link":"https:\/\/radiorevelacionfm.cl\/?p=17663","title":{"rendered":"En emotivo encuentro 108 familias de Puerto Ays\u00e9n recibieron las escrituras de sus viviendas"},"content":{"rendered":"<div class=\"flex_column av_one_full  flex_column_div av-zero-column-padding first  avia-builder-el-0  el_before_av_one_full  avia-builder-el-first  \" style='border-radius:0px; '><div  class='avia-image-container  av-styling-    avia-builder-el-1  avia-builder-el-no-sibling  avia-align-center '  itemprop=\"image\" itemscope=\"itemscope\" itemtype=\"https:\/\/schema.org\/ImageObject\"  ><div class='avia-image-container-inner'><div class='avia-image-overlay-wrap'><img decoding=\"async\" class='wp-image-17664 avia-img-lazy-loading-not-17664 avia_image' src=\"https:\/\/radiorevelacionfm.cl\/wp-content\/uploads\/2022\/06\/Delegado-P-Regional-Entrega-Escrituras-Aysen-1-1.jpg\" alt='' title='Delegado P Regional Entrega Escrituras Ays\u00e9n (1) (1)' height=\"600\" width=\"1007\"  itemprop=\"thumbnailUrl\" srcset=\"https:\/\/radiorevelacionfm.cl\/wp-content\/uploads\/2022\/06\/Delegado-P-Regional-Entrega-Escrituras-Aysen-1-1.jpg 1007w, https:\/\/radiorevelacionfm.cl\/wp-content\/uploads\/2022\/06\/Delegado-P-Regional-Entrega-Escrituras-Aysen-1-1-300x179.jpg 300w, https:\/\/radiorevelacionfm.cl\/wp-content\/uploads\/2022\/06\/Delegado-P-Regional-Entrega-Escrituras-Aysen-1-1-768x458.jpg 768w, https:\/\/radiorevelacionfm.cl\/wp-content\/uploads\/2022\/06\/Delegado-P-Regional-Entrega-Escrituras-Aysen-1-1-705x420.jpg 705w, https:\/\/radiorevelacionfm.cl\/wp-content\/uploads\/2022\/06\/Delegado-P-Regional-Entrega-Escrituras-Aysen-1-1-600x357.jpg 600w\" sizes=\"(max-width: 1007px) 100vw, 1007px\" \/><\/div><\/div><\/div><\/div><div class=\"flex_column av_one_full  flex_column_div av-zero-column-padding first  avia-builder-el-2  el_after_av_one_full  el_before_av_one_full  column-top-margin\" style='border-radius:0px; '><section class=\"av_textblock_section \"  itemscope=\"itemscope\" itemtype=\"https:\/\/schema.org\/BlogPosting\" itemprop=\"blogPost\" ><div class='avia_textblock  '   itemprop=\"text\" ><p style=\"text-align: center;\"><strong><span style=\"font-size: 18pt;\">En emotivo encuentro 108 familias de Puerto Ays\u00e9n recibieron las escrituras de sus viviendas<\/span><\/strong><\/p>\n<div id=\"gtx-trans\" style=\"position: absolute; left: -50px; top: 4.31534px;\">\n<div class=\"gtx-trans-icon\"><\/div>\n<\/div>\n<\/div><\/section><\/div><div class=\"flex_column av_one_full  flex_column_div av-zero-column-padding first  avia-builder-el-4  el_after_av_one_full  el_before_av_hr  column-top-margin\" style='border-radius:0px; '><section class=\"av_textblock_section \"  itemscope=\"itemscope\" itemtype=\"https:\/\/schema.org\/BlogPosting\" itemprop=\"blogPost\" ><div class='avia_textblock  '   itemprop=\"text\" ><p style=\"text-align: justify;\">En un ambiente de gran alegr\u00eda y con participaci\u00f3n de autoridades regionales y locales se desarroll\u00f3 el pasado fin de semana la ceremonia en que el Gobierno hizo entrega de las escrituras de sus viviendas a las 108 familias integrantes de los comit\u00e9s \u201cEl Canelo\u201d, \u201cRuka Mew\u201d y \u201cUni\u00f3n, Verdad y Justicia\u201d, de Puerto Ays\u00e9n, quienes, de esta forma, pasaron a ser legalmente propietarios, cerrando as\u00ed en forma definitiva el proceso de la casa propia.<\/p>\n<p style=\"text-align: justify;\">Las 108 familias fueron asesoradas por la Entidad Patrocinante Dalco, en tanto que la empresa L y D estuvo a cargo de la construcci\u00f3n del nuevo conjunto habitacional que fue entregado en abril del a\u00f1o pasado. La obra implic\u00f3 una inversi\u00f3n superior a los 6 mil millones de pesos, sumando los subsidios del Ministerio de Vivienda, el ahorro de las familias y los recursos complementarios aportados por el Gobierno Regional de Ays\u00e9n.<\/p>\n<p style=\"text-align: justify;\">Al finalizar el acto, la Presidenta del Comit\u00e9 \u201cRuka Mew\u201d, Juana Melipich\u00fan, expres\u00f3 su satisfacci\u00f3n al ver que la entrega y el esfuerzo rindieron los frutos esperados. \u201cHan sido muchos a\u00f1os de trabajo, a veces con sinsabores, pero lo hemos sorteado bien gracias Dios con el trabajo mancomunado que tuvimos con los otros dirigentes. Entonces pudimos sacar adelante este sue\u00f1o que al final llev\u00f3 m\u00e1s de doce a\u00f1os, pero hoy al fin tenemos las escrituras que es lo que nos acredita como due\u00f1os legales de nuestras viviendas. Tenemos muchos sue\u00f1os por seguir construyendo, sue\u00f1os que ya van avanzando, pero que ahora tienen nombre con nuestro t\u00edtulo, as\u00ed que estamos muy contentos\u201d, se\u00f1al\u00f3.<\/p>\n<p style=\"text-align: justify;\">La Seremi de Vivienda, Paulina Ruz, se mostr\u00f3 feliz de poder compartir un momento tan especial con las familias, con quienes se seguir\u00e1 trabajando de forma directa. \u00a0\u201cHoy continuamos avanzando, tenemos un compromiso con las dirigentas de retomar conversaciones, ahora en torno a acceder a otros beneficios como la ampliaci\u00f3n de la vivienda. Estamos muy contentos, ya que esto adem\u00e1s forma parte del programa de Gobierno del Presidente Gabriel Boric, donde se garantiza el acceso a una vivienda adecuada para las familias. Fueron tres gobiernos que estuvieron presentes en esto y yo orgullosa de poder participar en el cierre de esta meta. Valorar adem\u00e1s la gesti\u00f3n del Gobierno Regional y la labor del municipio, confirmando que unidos es c\u00f3mo podemos concretar estos sue\u00f1os en beneficio de la comunidad\u201d, manifest\u00f3.<\/p>\n<p style=\"text-align: justify;\">De igual forma el Delegado Presidencial Regional, Rodrigo Araya, felicit\u00f3 a los nuevos propietarios, los inst\u00f3 a seguir unidos y reiter\u00f3 el compromiso del Gobierno para abordar nuevas metas y objetivos. \u201cEllos tiene toda una historia de trabajo en un comit\u00e9 de vivienda, ahora que ya est\u00e1n en sus casas, est\u00e1n creando barrios y comunidad. Entonces el desaf\u00edo que las mismas dirigentas mencionaron es c\u00f3mo pueden mejorar o seguir generando ese v\u00ednculo como comunidad para obtener otros beneficios. En ese sentido las instituciones del Estado, como los ministerios y tambi\u00e9n la municipalidad y el Gobierno Regional, tienen herramientas y recursos para apoyar en temas de seguridad p\u00fablica, accesibilidad y habitabilidad. Esa es la invitaci\u00f3n, a que sigan organizados, que generen comunidad, si bien a nosotros no nos toc\u00f3 acompa\u00f1arlos en este proceso, sin duda estamos disponibles para que puedan seguir avanzando\u201d, afirm\u00f3.<\/p>\n<p style=\"text-align: justify;\">Cabe consignar que tanto el Concejal de Ays\u00e9n, Jorge Figueroa, en representaci\u00f3n del Alcalde y su Concejo, como la Consejera Loreta Villegas, en representaci\u00f3n de la Gobernadora y el Consejo Regional, destacaron el trabajo de los tres comit\u00e9s de vivienda, liderados por Juana Melipichun, Mariela Carim\u00e1n, y Carlos Mar\u00edo, quienes en una destacada gesti\u00f3n de m\u00e1s de 10 a\u00f1os demostraron ser un ejemplo de respeto, fuerza y tenacidad para conseguir sus sue\u00f1os y objetivos.<\/p>\n<p style=\"text-align: justify;\">El conjunto habitacional de las 108 familias se ubica en un sitio colindante al sector Litoral Austral, en la Ribera Sur de Puerto Ays\u00e9n, donde hay cercan\u00eda a centros urbanos consolidados y a zonas de equipamientos educacionales, deportivos y recreativos. En su mayor\u00eda son viviendas de 47, 5 metros cuadrados, con ampliaci\u00f3n proyectada y altos niveles de dise\u00f1o, materialidad y acondicionamiento t\u00e9rmico.<\/p>\n<\/div><\/section><\/div><div  style='height:50px' class='hr hr-invisible   avia-builder-el-6  el_after_av_one_full  el_before_av_social_share '><span class='hr-inner ' ><span class='hr-inner-style'><\/span><\/span><\/div><\/p>\n<div  class='av-social-sharing-box  avia-builder-el-7  el_after_av_hr  el_before_av_hr  '><div class='av-share-box'><h5 class='av-share-link-description av-no-toc '>Compartir esta noticia<\/h5><ul class='av-share-box-list noLightbox'><li class='av-share-link av-social-link-facebook' ><a target=\"_blank\" aria-label=\"Compartir en Facebook\" href='https:\/\/www.facebook.com\/sharer.php?u=https:\/\/radiorevelacionfm.cl\/?p=17663&#038;t=En%20emotivo%20encuentro%20108%20familias%20de%20Puerto%20Ays%C3%A9n%20recibieron%20las%20escrituras%20de%20sus%20viviendas' aria-hidden='false' data-av_icon='\ue8f3' data-av_iconfont='entypo-fontello' title='' data-avia-related-tooltip='Compartir en Facebook' rel=\"noopener\"><span class='avia_hidden_link_text'>Compartir en Facebook<\/span><\/a><\/li><li class='av-share-link av-social-link-twitter' ><a target=\"_blank\" aria-label=\"Compartir en Twitter\" href='https:\/\/twitter.com\/share?text=En%20emotivo%20encuentro%20108%20familias%20de%20Puerto%20Ays%C3%A9n%20recibieron%20las%20escrituras%20de%20sus%20viviendas&#038;url=https:\/\/radiorevelacionfm.cl\/?p=17663' aria-hidden='false' data-av_icon='\ue8f1' data-av_iconfont='entypo-fontello' title='' data-avia-related-tooltip='Compartir en Twitter' rel=\"noopener\"><span class='avia_hidden_link_text'>Compartir en Twitter<\/span><\/a><\/li><li class='av-share-link av-social-link-whatsapp' ><a target=\"_blank\" aria-label=\"Compartir en Whatsapp\" href='https:\/\/api.whatsapp.com\/send?text=https:\/\/radiorevelacionfm.cl\/?p=17663' aria-hidden='false' data-av_icon='\uf232' data-av_iconfont='entypo-fontello' title='' data-avia-related-tooltip='Compartir en Whatsapp' rel=\"noopener\"><span class='avia_hidden_link_text'>Compartir en Whatsapp<\/span><\/a><\/li><li class='av-share-link av-social-link-linkedin' ><a target=\"_blank\" aria-label=\"Compartir en LinkedIn\" href='https:\/\/linkedin.com\/shareArticle?mini=true&#038;title=En%20emotivo%20encuentro%20108%20familias%20de%20Puerto%20Ays%C3%A9n%20recibieron%20las%20escrituras%20de%20sus%20viviendas&#038;url=https:\/\/radiorevelacionfm.cl\/?p=17663' aria-hidden='false' data-av_icon='\ue8fc' data-av_iconfont='entypo-fontello' title='' data-avia-related-tooltip='Compartir en LinkedIn' rel=\"noopener\"><span class='avia_hidden_link_text'>Compartir en LinkedIn<\/span><\/a><\/li><li class='av-share-link av-social-link-mail' ><a  aria-label=\"Compartir por correo\" href='mailto:?subject=En%20emotivo%20encuentro%20108%20familias%20de%20Puerto%20Ays%C3%A9n%20recibieron%20las%20escrituras%20de%20sus%20viviendas&#038;body=https:\/\/radiorevelacionfm.cl\/?p=17663' aria-hidden='false' data-av_icon='\ue805' data-av_iconfont='entypo-fontello' title='' data-avia-related-tooltip='Compartir por correo'><span class='avia_hidden_link_text'>Compartir por correo<\/span><\/a><\/li><\/ul><\/div><\/div>\n<div  style='height:50px' class='hr hr-invisible   avia-builder-el-8  el_after_av_social_share  el_before_av_comments_list '><span class='hr-inner ' ><span class='hr-inner-style'><\/span><\/span><\/div>\n<div  class='av-buildercomment  av-blog-meta-html-info-disabled av-blog-meta-tag-disabled  '><\/div>\n","protected":false},"excerpt":{"rendered":"","protected":false},"author":1,"featured_media":17664,"comment_status":"open","ping_status":"open","sticky":false,"template":"","format":"standard","meta":{"footnotes":""},"categories":[57],"tags":[],"class_list":["post-17663","post","type-post","status-publish","format-standard","has-post-thumbnail","hentry","category-vivienda"],"jetpack_featured_media_url":"https:\/\/radiorevelacionfm.cl\/wp-content\/uploads\/2022\/06\/Delegado-P-Regional-Entrega-Escrituras-Aysen-1-1.jpg","_links":{"self":[{"href":"https:\/\/radiorevelacionfm.cl\/index.php?rest_route=\/wp\/v2\/posts\/17663","targetHints":{"allow":["GET"]}}],"collection":[{"href":"https:\/\/radiorevelacionfm.cl\/index.php?rest_route=\/wp\/v2\/posts"}],"about":[{"href":"https:\/\/radiorevelacionfm.cl\/index.php?rest_route=\/wp\/v2\/types\/post"}],"author":[{"embeddable":true,"href":"https:\/\/radiorevelacionfm.cl\/index.php?rest_route=\/wp\/v2\/users\/1"}],"replies":[{"embeddable":true,"href":"https:\/\/radiorevelacionfm.cl\/index.php?rest_route=%2Fwp%2Fv2%2Fcomments&post=17663"}],"version-history":[{"count":2,"href":"https:\/\/radiorevelacionfm.cl\/index.php?rest_route=\/wp\/v2\/posts\/17663\/revisions"}],"predecessor-version":[{"id":17667,"href":"https:\/\/radiorevelacionfm.cl\/index.php?rest_route=\/wp\/v2\/posts\/17663\/revisions\/17667"}],"wp:featuredmedia":[{"embeddable":true,"href":"https:\/\/radiorevelacionfm.cl\/index.php?rest_route=\/wp\/v2\/media\/17664"}],"wp:attachment":[{"href":"https:\/\/radiorevelacionfm.cl\/index.php?rest_route=%2Fwp%2Fv2%2Fmedia&parent=17663"}],"wp:term":[{"taxonomy":"category","embeddable":true,"href":"https:\/\/radiorevelacionfm.cl\/index.php?rest_route=%2Fwp%2Fv2%2Fcategories&post=17663"},{"taxonomy":"post_tag","embeddable":true,"href":"https:\/\/radiorevelacionfm.cl\/index.php?rest_route=%2Fwp%2Fv2%2Ftags&post=17663"}],"curies":[{"name":"wp","href":"https:\/\/api.w.org\/{rel}","templated":true}]}}