{"id":17659,"date":"2022-06-06T16:55:02","date_gmt":"2022-06-06T19:55:02","guid":{"rendered":"https:\/\/radiorevelacionfm.cl\/?p=17659"},"modified":"2022-06-06T16:55:02","modified_gmt":"2022-06-06T19:55:02","slug":"realizan-capacitacion-sobre-deteccion-e-intervencion-oportuna-ante-situaciones-de-maltrato-de-nna-y-adultos-mayores","status":"publish","type":"post","link":"https:\/\/radiorevelacionfm.cl\/?p=17659","title":{"rendered":"Realizan capacitaci\u00f3n sobre detecci\u00f3n e intervenci\u00f3n oportuna ante situaciones de maltrato de NNA y Adultos Mayores"},"content":{"rendered":"<div class=\"flex_column av_one_full  flex_column_div av-zero-column-padding first  avia-builder-el-0  el_before_av_one_full  avia-builder-el-first  \" style='border-radius:0px; '><div  class='avia-image-container  av-styling-    avia-builder-el-1  avia-builder-el-no-sibling  avia-align-center '  itemprop=\"image\" itemscope=\"itemscope\" itemtype=\"https:\/\/schema.org\/ImageObject\"  ><div class='avia-image-container-inner'><div class='avia-image-overlay-wrap'><img decoding=\"async\" class='wp-image-17660 avia-img-lazy-loading-not-17660 avia_image' src=\"https:\/\/radiorevelacionfm.cl\/wp-content\/uploads\/2022\/06\/actividad-2-1-1.jpg\" alt='' title='actividad 2 (1) (1)' height=\"600\" width=\"800\"  itemprop=\"thumbnailUrl\" srcset=\"https:\/\/radiorevelacionfm.cl\/wp-content\/uploads\/2022\/06\/actividad-2-1-1.jpg 800w, https:\/\/radiorevelacionfm.cl\/wp-content\/uploads\/2022\/06\/actividad-2-1-1-300x225.jpg 300w, https:\/\/radiorevelacionfm.cl\/wp-content\/uploads\/2022\/06\/actividad-2-1-1-768x576.jpg 768w, https:\/\/radiorevelacionfm.cl\/wp-content\/uploads\/2022\/06\/actividad-2-1-1-705x529.jpg 705w, https:\/\/radiorevelacionfm.cl\/wp-content\/uploads\/2022\/06\/actividad-2-1-1-600x450.jpg 600w\" sizes=\"(max-width: 800px) 100vw, 800px\" \/><\/div><\/div><\/div><\/div><div class=\"flex_column av_one_full  flex_column_div av-zero-column-padding first  avia-builder-el-2  el_after_av_one_full  el_before_av_one_full  column-top-margin\" style='border-radius:0px; '><section class=\"av_textblock_section \"  itemscope=\"itemscope\" itemtype=\"https:\/\/schema.org\/BlogPosting\" itemprop=\"blogPost\" ><div class='avia_textblock  '   itemprop=\"text\" ><p style=\"text-align: center;\"><strong><span style=\"font-size: 18pt;\">Realizan capacitaci\u00f3n sobre detecci\u00f3n e intervenci\u00f3n oportuna ante situaciones de maltrato de NNA y Adultos Mayores <\/span><\/strong><\/p>\n<div id=\"gtx-trans\" style=\"position: absolute; left: -50px; top: 4.31534px;\">\n<div class=\"gtx-trans-icon\"><\/div>\n<\/div>\n<\/div><\/section><\/div><div class=\"flex_column av_one_full  flex_column_div av-zero-column-padding first  avia-builder-el-4  el_after_av_one_full  el_before_av_hr  column-top-margin\" style='border-radius:0px; '><section class=\"av_textblock_section \"  itemscope=\"itemscope\" itemtype=\"https:\/\/schema.org\/BlogPosting\" itemprop=\"blogPost\" ><div class='avia_textblock  '   itemprop=\"text\" ><p style=\"text-align: justify;\">Cerca de 50 personas participaron el pasado viernes de una jornada denominada \u201cHerramientas para la detecci\u00f3n e intervenci\u00f3n oportuna ante situaciones de maltrato en contra de Ni\u00f1os, Ni\u00f1as y Adolescentes y Personas Mayores con \u00e9nfasis en situaciones de discapacidad y necesidades especiales de protecci\u00f3n\u00bb organizada por la Secretar\u00eda Regional Ministerial de Justicia y Derechos Humanos en alianza con el Instituto Nacional de Derechos Humanos, y que reuni\u00f3 a profesionales vinculados al \u00e1rea de protecci\u00f3n de distintos organismos p\u00fablicos y a organizaciones de adultos mayores.<\/p>\n<p style=\"text-align: justify;\">Dicha actividad realizada en el audit\u00f3rium de la Biblioteca Regional abord\u00f3 la detecci\u00f3n e intervenci\u00f3n de situaciones de maltrato de ni\u00f1os, ni\u00f1as y adolescentes y personas mayores en situaci\u00f3n de discapacidad y necesidades especiales, la que se centr\u00f3 en dos exposiciones, la primera a cargo de la Coordinadora de la Macrozona Austral de la Defensor\u00eda de la Ni\u00f1ez, Fabiola Burgos Meier, mientras que en la segunda expuso la dupla sicosocial del Programa Adulto Mayor de la Corporaci\u00f3n de Asistencia Judicial CAJ BIO BIO, compuesta por la trabajadora social Karem Osorio Escobar y la abogada Mildred Vasquinzay Tapia.<\/p>\n<p style=\"text-align: justify;\">La Coordinadora de la Macrozona Austral de la Defensor\u00eda de la Ni\u00f1ez, Fabiola Burgos Meier destac\u00f3 la importancia de tratar estas tem\u00e1ticas se\u00f1alando que \u201cpara nosotros como instituci\u00f3n es muy importante poder estar presente en este tipo de actividades que tengan que ver con la promoci\u00f3n y la difusi\u00f3n de los derechos de los ni\u00f1os, ni\u00f1as y adolescentes en nuestro pa\u00eds, y la presentaci\u00f3n se refiri\u00f3 a eso, a lo que son los derechos de los ni\u00f1os y adolescentes, por qu\u00e9 de la protecci\u00f3n de los mismos, de la importancia de que la gente adulta los conozca y tambi\u00e9n abordamos temas de vulneraci\u00f3n de derechos, que significa pero desde el punto de vista de los ni\u00f1os, que significa para ellos la vulneraci\u00f3n de derechos y adem\u00e1s de eso, la importancia que tiene para los ni\u00f1os que el mundo adulto los conozca, los respete y que haga las denuncias correspondientes\u201d.<\/p>\n<p style=\"text-align: justify;\">Elsa Abarz\u00faa Millaldeo, Presidenta del Club de Adultos Mayores Nuestra Se\u00f1ora de F\u00e1tima de Valle Simpson y participante de la jornada indic\u00f3 \u201cquiero agradecer esta capacitaci\u00f3n donde se abord\u00f3 el maltrato al adulto mayor, yo creo que fue una instancia muy buena para que nosotros tambi\u00e9n aclar\u00e1ramos algunos puntos, y con todo lo que nos explicaron se abren otras brechas donde poder consultar cualquier otra inquietud que tengamos como agrupaci\u00f3n, para mi es muy importante participar, ya que yo les transmito a los grupos que tengo a cargo y\u00a0 es una instancia super buena que nos vayan aclarando los temas, las prioridades y c\u00f3mo podemos ayudar a los adultos mayores a plantear sus inquietudes a los distintos servicios p\u00fablicos\u201d.<\/p>\n<p style=\"text-align: justify;\">Por su parte, la abogada del Programa de Adulto Mayor de la CAJ B\u00edo B\u00edo, Mildred Vasquinzay Tapia se refiri\u00f3 a la actividad mencionando que \u201cnuestra exposici\u00f3n estuvo centrada en los distintos tipos de violencia a que se ven expuestas las personas mayores, la normativa aplicable, \u00bfc\u00f3mo prevenirla?, \u00bfc\u00f3mo y d\u00f3nde denunciarla?, incorporando el enfoque de Derechos Humanos con \u00e9nfasis en la discapacidad\u201d.<\/p>\n<p style=\"text-align: justify;\">El Seremi de Justicia y Derechos Humanos, Samuel Navarro Castro destac\u00f3 que \u201cdesarrollar estas tem\u00e1ticas y orientarlas al p\u00fablico objetivo es muy importante, y favorece su desarrollo el contar con mejores condiciones sanitarias pues se pueden realizar de manera presencial, con dirigentes sociales y profesionales vinculados a la ni\u00f1ez y personas mayores, y nos permite adem\u00e1s facilitar la entrega de herramientas y conocimientos para proteger de mejor forma sus derechos o los de estos grupos priorizados, tal como como lo ha instruido el presidente Boric, esto es poner en lugar prioritario a nuestros ni\u00f1os, ni\u00f1as adolecentes y personas mayores entre otros.\u201d<\/p>\n<p style=\"text-align: justify;\">Mientras que el Jefe Regional del Instituto Nacional de Derechos Humanos, Joaqu\u00edn Bizama se\u00f1al\u00f3 \u201ces muy satisfactorio y reconfortante haber podido realizar esta actividad en conjunto con la Seremi de Justicia y Derechos Humanos, y tambi\u00e9n por invitar a funcionarios y funcionarias que trabajan\u00a0 tanto con ni\u00f1os\/ni\u00f1as como con personas mayores, pero tambi\u00e9n muy relevante haber contado con la participaci\u00f3n de representantes de la sociedad civil relacionadas con las personas mayores, creemos que es fundamental que a este tipo de actividades se incorporen a organizaciones de la sociedad civil que trabajen con la tem\u00e1tica que estamos tratando, y en ese contexto las reflexiones que podemos realizar respecto de la normativa vigente, de las pol\u00edticas publicas que existen, de los distintos programas que llegan a estos dos grupos especiales para poder brindarle apoyo, colaboraci\u00f3n, protecci\u00f3n y reparaci\u00f3n cuando se vean de alguna u otra manera vulnerados en sus derechos, por lo que creemos que es muy relevante haber tratado esta tem\u00e1tica considerando a la sociedad civil que puedan manifestar la realidad que ellos est\u00e1n viviendo, por lo que nos pareci\u00f3 muy provechosa y donde contamos con un marco de p\u00fablico importante\u00bb.<\/p>\n<p style=\"text-align: justify;\">Finalmente, se\u00f1alar que esta actividad es la primera que desarrolla la Secretar\u00eda Regional Ministerial de Justicia y Derechos Humanos con el INDH de una serie de otras que se efectuar\u00e1n durante el presente a\u00f1o, tanto con este organismo como con tras instituciones a nivel regional.<\/p>\n<\/div><\/section><\/div><div  style='height:50px' class='hr hr-invisible   avia-builder-el-6  el_after_av_one_full  el_before_av_social_share '><span class='hr-inner ' ><span class='hr-inner-style'><\/span><\/span><\/div><\/p>\n<div  class='av-social-sharing-box  avia-builder-el-7  el_after_av_hr  el_before_av_hr  '><div class='av-share-box'><h5 class='av-share-link-description av-no-toc '>Compartir esta noticia<\/h5><ul class='av-share-box-list noLightbox'><li class='av-share-link av-social-link-facebook' ><a target=\"_blank\" aria-label=\"Compartir en Facebook\" href='https:\/\/www.facebook.com\/sharer.php?u=https:\/\/radiorevelacionfm.cl\/?p=17659&#038;t=Realizan%20capacitaci%C3%B3n%20sobre%20detecci%C3%B3n%20e%20intervenci%C3%B3n%20oportuna%20ante%20situaciones%20de%20maltrato%20de%20NNA%20y%20Adultos%20Mayores' aria-hidden='false' data-av_icon='\ue8f3' data-av_iconfont='entypo-fontello' title='' data-avia-related-tooltip='Compartir en Facebook' rel=\"noopener\"><span class='avia_hidden_link_text'>Compartir en Facebook<\/span><\/a><\/li><li class='av-share-link av-social-link-twitter' ><a target=\"_blank\" aria-label=\"Compartir en Twitter\" href='https:\/\/twitter.com\/share?text=Realizan%20capacitaci%C3%B3n%20sobre%20detecci%C3%B3n%20e%20intervenci%C3%B3n%20oportuna%20ante%20situaciones%20de%20maltrato%20de%20NNA%20y%20Adultos%20Mayores&#038;url=https:\/\/radiorevelacionfm.cl\/?p=17659' aria-hidden='false' data-av_icon='\ue8f1' data-av_iconfont='entypo-fontello' title='' data-avia-related-tooltip='Compartir en Twitter' rel=\"noopener\"><span class='avia_hidden_link_text'>Compartir en Twitter<\/span><\/a><\/li><li class='av-share-link av-social-link-whatsapp' ><a target=\"_blank\" aria-label=\"Compartir en Whatsapp\" href='https:\/\/api.whatsapp.com\/send?text=https:\/\/radiorevelacionfm.cl\/?p=17659' aria-hidden='false' data-av_icon='\uf232' data-av_iconfont='entypo-fontello' title='' data-avia-related-tooltip='Compartir en Whatsapp' rel=\"noopener\"><span class='avia_hidden_link_text'>Compartir en Whatsapp<\/span><\/a><\/li><li class='av-share-link av-social-link-linkedin' ><a target=\"_blank\" aria-label=\"Compartir en LinkedIn\" href='https:\/\/linkedin.com\/shareArticle?mini=true&#038;title=Realizan%20capacitaci%C3%B3n%20sobre%20detecci%C3%B3n%20e%20intervenci%C3%B3n%20oportuna%20ante%20situaciones%20de%20maltrato%20de%20NNA%20y%20Adultos%20Mayores&#038;url=https:\/\/radiorevelacionfm.cl\/?p=17659' aria-hidden='false' data-av_icon='\ue8fc' data-av_iconfont='entypo-fontello' title='' data-avia-related-tooltip='Compartir en LinkedIn' rel=\"noopener\"><span class='avia_hidden_link_text'>Compartir en LinkedIn<\/span><\/a><\/li><li class='av-share-link av-social-link-mail' ><a  aria-label=\"Compartir por correo\" href='mailto:?subject=Realizan%20capacitaci%C3%B3n%20sobre%20detecci%C3%B3n%20e%20intervenci%C3%B3n%20oportuna%20ante%20situaciones%20de%20maltrato%20de%20NNA%20y%20Adultos%20Mayores&#038;body=https:\/\/radiorevelacionfm.cl\/?p=17659' aria-hidden='false' data-av_icon='\ue805' data-av_iconfont='entypo-fontello' title='' data-avia-related-tooltip='Compartir por correo'><span class='avia_hidden_link_text'>Compartir por correo<\/span><\/a><\/li><\/ul><\/div><\/div>\n<div  style='height:50px' class='hr hr-invisible   avia-builder-el-8  el_after_av_social_share  el_before_av_comments_list '><span class='hr-inner ' ><span class='hr-inner-style'><\/span><\/span><\/div>\n<div  class='av-buildercomment  av-blog-meta-html-info-disabled av-blog-meta-tag-disabled  '><\/div>\n","protected":false},"excerpt":{"rendered":"","protected":false},"author":1,"featured_media":17660,"comment_status":"open","ping_status":"open","sticky":false,"template":"","format":"standard","meta":{"footnotes":""},"categories":[38],"tags":[],"class_list":["post-17659","post","type-post","status-publish","format-standard","has-post-thumbnail","hentry","category-regional"],"jetpack_featured_media_url":"https:\/\/radiorevelacionfm.cl\/wp-content\/uploads\/2022\/06\/actividad-2-1-1.jpg","_links":{"self":[{"href":"https:\/\/radiorevelacionfm.cl\/index.php?rest_route=\/wp\/v2\/posts\/17659","targetHints":{"allow":["GET"]}}],"collection":[{"href":"https:\/\/radiorevelacionfm.cl\/index.php?rest_route=\/wp\/v2\/posts"}],"about":[{"href":"https:\/\/radiorevelacionfm.cl\/index.php?rest_route=\/wp\/v2\/types\/post"}],"author":[{"embeddable":true,"href":"https:\/\/radiorevelacionfm.cl\/index.php?rest_route=\/wp\/v2\/users\/1"}],"replies":[{"embeddable":true,"href":"https:\/\/radiorevelacionfm.cl\/index.php?rest_route=%2Fwp%2Fv2%2Fcomments&post=17659"}],"version-history":[{"count":2,"href":"https:\/\/radiorevelacionfm.cl\/index.php?rest_route=\/wp\/v2\/posts\/17659\/revisions"}],"predecessor-version":[{"id":17662,"href":"https:\/\/radiorevelacionfm.cl\/index.php?rest_route=\/wp\/v2\/posts\/17659\/revisions\/17662"}],"wp:featuredmedia":[{"embeddable":true,"href":"https:\/\/radiorevelacionfm.cl\/index.php?rest_route=\/wp\/v2\/media\/17660"}],"wp:attachment":[{"href":"https:\/\/radiorevelacionfm.cl\/index.php?rest_route=%2Fwp%2Fv2%2Fmedia&parent=17659"}],"wp:term":[{"taxonomy":"category","embeddable":true,"href":"https:\/\/radiorevelacionfm.cl\/index.php?rest_route=%2Fwp%2Fv2%2Fcategories&post=17659"},{"taxonomy":"post_tag","embeddable":true,"href":"https:\/\/radiorevelacionfm.cl\/index.php?rest_route=%2Fwp%2Fv2%2Ftags&post=17659"}],"curies":[{"name":"wp","href":"https:\/\/api.w.org\/{rel}","templated":true}]}}